{"id":29586,"date":"2021-02-11T12:23:23","date_gmt":"2021-02-11T11:23:23","guid":{"rendered":"http:\/\/www.creaerte.com\/live\/?p=29586"},"modified":"2021-02-11T12:29:13","modified_gmt":"2021-02-11T11:29:13","slug":"axa-apela-al-desarrollo-personal-traves-la-confianza","status":"publish","type":"post","link":"https:\/\/www.creaerte.com\/live\/axa-apela-al-desarrollo-personal-traves-la-confianza\/","title":{"rendered":"AXA apela al desarrollo personal a trav\u00e9s de la confianza"},"content":{"rendered":"<p><em><strong>Sabes que puedes<\/strong><\/em>. Este es el lema seleccionado en la \u00faltima campa\u00f1a de <strong>AXA<\/strong>. La iniciativa, de car\u00e1cter internacional, mantiene el concepto que ya ide\u00f3 en el a\u00f1o 2019. Un &#8216;claim&#8217; que sirve para potenciar el concepto de <strong>confianza<\/strong> para desarrollar un \u00f3ptimo crecimiento personal.<\/p>\n<p>A trav\u00e9s de una cuidada <strong>pieza audiovisual<\/strong>, AXA desecha la pol\u00edtica de incluir aspectos materiales basados en ofertas o promociones para ce\u00f1irse, exclusivamente, al desarrollo social mediante historias de superaci\u00f3n personal.<\/p>\n<p>Una campa\u00f1a corporativa que, a tenor de la respuesta social, est\u00e1 teniendo muy buena aceptaci\u00f3n tras ser exhibida en diferentes plataformas. La propuesta cuenta, adem\u00e1s, con un <a href=\"https:\/\/www.axa.es\/seguros\/corporate\/confianza\/\" target=\"_blank\">microsite<\/a> en el que los clientes pueden encontrar informaci\u00f3n adicional.<\/p>\n<p><iframe src=\"https:\/\/www.youtube.com\/embed\/KW9kDS7o0Uw\" width=\"817\" height=\"468\" frameborder=\"0\" allowfullscreen=\"allowfullscreen\"><\/iframe><\/p>\n","protected":false},"excerpt":{"rendered":"<p>Sabes que puedes. Este es el lema seleccionado en la \u00faltima campa\u00f1a de AXA. La iniciativa, de car\u00e1cter internacional, mantiene el concepto que ya ide\u00f3 en el a\u00f1o 2019. Un &#8216;claim&#8217; que sirve para potenciar el concepto de confianza para desarrollar un \u00f3ptimo crecimiento personal. A trav\u00e9s de una cuidada pieza audiovisual, AXA desecha la pol\u00edtica de incluir aspectos materiales&#8230;<\/p>\n","protected":false},"author":1,"featured_media":29587,"comment_status":"open","ping_status":"open","sticky":false,"template":"","format":"standard","meta":{"footnotes":""},"categories":[1345,10],"tags":[],"class_list":["post-29586","post","type-post","status-publish","format-standard","has-post-thumbnail","hentry","category-audiovisual","category-noticias","has_thumb"],"yoast_head":"<!-- This site is optimized with the Yoast SEO plugin v26.9 - https:\/\/yoast.com\/product\/yoast-seo-wordpress\/ -->\n<title>AXA apela al desarrollo personal a trav\u00e9s de la confianza - creaerte.com<\/title>\n<meta name=\"robots\" content=\"index, follow, max-snippet:-1, max-image-preview:large, max-video-preview:-1\" \/>\n<link rel=\"canonical\" href=\"https:\/\/www.creaerte.com\/live\/axa-apela-al-desarrollo-personal-traves-la-confianza\/\" \/>\n<meta property=\"og:locale\" content=\"es_ES\" \/>\n<meta property=\"og:type\" content=\"article\" \/>\n<meta property=\"og:title\" content=\"AXA apela al desarrollo personal a trav\u00e9s de la confianza - creaerte.com\" \/>\n<meta property=\"og:description\" content=\"Sabes que puedes. Este es el lema seleccionado en la \u00faltima campa\u00f1a de AXA. La iniciativa, de car\u00e1cter internacional, mantiene el concepto que ya ide\u00f3 en el a\u00f1o 2019. Un &#8216;claim&#8217; que sirve para potenciar el concepto de confianza para desarrollar un \u00f3ptimo crecimiento personal. A trav\u00e9s de una cuidada pieza audiovisual, AXA desecha la pol\u00edtica de incluir aspectos materiales...\" \/>\n<meta property=\"og:url\" content=\"https:\/\/www.creaerte.com\/live\/axa-apela-al-desarrollo-personal-traves-la-confianza\/\" \/>\n<meta property=\"og:site_name\" content=\"creaerte.com\" \/>\n<meta property=\"article:publisher\" content=\"https:\/\/www.facebook.com\/creaerte\" \/>\n<meta property=\"article:published_time\" content=\"2021-02-11T11:23:23+00:00\" \/>\n<meta property=\"article:modified_time\" content=\"2021-02-11T11:29:13+00:00\" \/>\n<meta property=\"og:image\" content=\"https:\/\/www.creaerte.com\/live\/wp-content\/uploads\/2021\/02\/Captura-de-pantalla-2021-02-11-a-las-12.15.35.png\" \/>\n\t<meta property=\"og:image:width\" content=\"817\" \/>\n\t<meta property=\"og:image:height\" content=\"468\" \/>\n\t<meta property=\"og:image:type\" content=\"image\/png\" \/>\n<meta name=\"author\" content=\"admin\" \/>\n<meta name=\"twitter:card\" content=\"summary_large_image\" \/>\n<meta name=\"twitter:creator\" content=\"@Creaerte\" \/>\n<meta name=\"twitter:site\" content=\"@Creaerte\" \/>\n<meta name=\"twitter:label1\" content=\"Escrito por\" \/>\n\t<meta name=\"twitter:data1\" content=\"admin\" \/>\n\t<meta name=\"twitter:label2\" content=\"Tiempo de lectura\" \/>\n\t<meta name=\"twitter:data2\" content=\"1 minuto\" \/>\n<script type=\"application\/ld+json\" class=\"yoast-schema-graph\">{\"@context\":\"https:\/\/schema.org\",\"@graph\":[{\"@type\":\"Article\",\"@id\":\"https:\/\/www.creaerte.com\/live\/axa-apela-al-desarrollo-personal-traves-la-confianza\/#article\",\"isPartOf\":{\"@id\":\"https:\/\/www.creaerte.com\/live\/axa-apela-al-desarrollo-personal-traves-la-confianza\/\"},\"author\":{\"name\":\"admin\",\"@id\":\"https:\/\/www.creaerte.com\/live\/#\/schema\/person\/acc9e93c6216bce2d569b1f0a99607f6\"},\"headline\":\"AXA apela al desarrollo personal a trav\u00e9s de la confianza\",\"datePublished\":\"2021-02-11T11:23:23+00:00\",\"dateModified\":\"2021-02-11T11:29:13+00:00\",\"mainEntityOfPage\":{\"@id\":\"https:\/\/www.creaerte.com\/live\/axa-apela-al-desarrollo-personal-traves-la-confianza\/\"},\"wordCount\":134,\"commentCount\":0,\"image\":{\"@id\":\"https:\/\/www.creaerte.com\/live\/axa-apela-al-desarrollo-personal-traves-la-confianza\/#primaryimage\"},\"thumbnailUrl\":\"https:\/\/www.creaerte.com\/live\/wp-content\/uploads\/2021\/02\/Captura-de-pantalla-2021-02-11-a-las-12.15.35.png\",\"articleSection\":[\"Audiovisual\",\"Noticias\"],\"inLanguage\":\"es\",\"potentialAction\":[{\"@type\":\"CommentAction\",\"name\":\"Comment\",\"target\":[\"https:\/\/www.creaerte.com\/live\/axa-apela-al-desarrollo-personal-traves-la-confianza\/#respond\"]}]},{\"@type\":\"WebPage\",\"@id\":\"https:\/\/www.creaerte.com\/live\/axa-apela-al-desarrollo-personal-traves-la-confianza\/\",\"url\":\"https:\/\/www.creaerte.com\/live\/axa-apela-al-desarrollo-personal-traves-la-confianza\/\",\"name\":\"AXA apela al desarrollo personal a trav\u00e9s de la confianza - creaerte.com\",\"isPartOf\":{\"@id\":\"https:\/\/www.creaerte.com\/live\/#website\"},\"primaryImageOfPage\":{\"@id\":\"https:\/\/www.creaerte.com\/live\/axa-apela-al-desarrollo-personal-traves-la-confianza\/#primaryimage\"},\"image\":{\"@id\":\"https:\/\/www.creaerte.com\/live\/axa-apela-al-desarrollo-personal-traves-la-confianza\/#primaryimage\"},\"thumbnailUrl\":\"https:\/\/www.creaerte.com\/live\/wp-content\/uploads\/2021\/02\/Captura-de-pantalla-2021-02-11-a-las-12.15.35.png\",\"datePublished\":\"2021-02-11T11:23:23+00:00\",\"dateModified\":\"2021-02-11T11:29:13+00:00\",\"author\":{\"@id\":\"https:\/\/www.creaerte.com\/live\/#\/schema\/person\/acc9e93c6216bce2d569b1f0a99607f6\"},\"inLanguage\":\"es\",\"potentialAction\":[{\"@type\":\"ReadAction\",\"target\":[\"https:\/\/www.creaerte.com\/live\/axa-apela-al-desarrollo-personal-traves-la-confianza\/\"]}]},{\"@type\":\"ImageObject\",\"inLanguage\":\"es\",\"@id\":\"https:\/\/www.creaerte.com\/live\/axa-apela-al-desarrollo-personal-traves-la-confianza\/#primaryimage\",\"url\":\"https:\/\/www.creaerte.com\/live\/wp-content\/uploads\/2021\/02\/Captura-de-pantalla-2021-02-11-a-las-12.15.35.png\",\"contentUrl\":\"https:\/\/www.creaerte.com\/live\/wp-content\/uploads\/2021\/02\/Captura-de-pantalla-2021-02-11-a-las-12.15.35.png\",\"width\":817,\"height\":468},{\"@type\":\"WebSite\",\"@id\":\"https:\/\/www.creaerte.com\/live\/#website\",\"url\":\"https:\/\/www.creaerte.com\/live\/\",\"name\":\"creaerte.com\",\"description\":\"Agencia de publicidad, comunicaci\u00f3n y marketing en C\u00e1ceres \u2022 Extremadura\",\"potentialAction\":[{\"@type\":\"SearchAction\",\"target\":{\"@type\":\"EntryPoint\",\"urlTemplate\":\"https:\/\/www.creaerte.com\/live\/?s={search_term_string}\"},\"query-input\":{\"@type\":\"PropertyValueSpecification\",\"valueRequired\":true,\"valueName\":\"search_term_string\"}}],\"inLanguage\":\"es\"},{\"@type\":\"Person\",\"@id\":\"https:\/\/www.creaerte.com\/live\/#\/schema\/person\/acc9e93c6216bce2d569b1f0a99607f6\",\"name\":\"admin\",\"image\":{\"@type\":\"ImageObject\",\"inLanguage\":\"es\",\"@id\":\"https:\/\/www.creaerte.com\/live\/#\/schema\/person\/image\/\",\"url\":\"https:\/\/secure.gravatar.com\/avatar\/736f9ff6dd176e443e4c9cf884b23352631c533b611f216dbc09fc84cda6e67c?s=96&d=mm&r=g\",\"contentUrl\":\"https:\/\/secure.gravatar.com\/avatar\/736f9ff6dd176e443e4c9cf884b23352631c533b611f216dbc09fc84cda6e67c?s=96&d=mm&r=g\",\"caption\":\"admin\"},\"url\":\"https:\/\/www.creaerte.com\/live\/author\/admin\/\"}]}<\/script>\n<!-- \/ Yoast SEO plugin. -->","yoast_head_json":{"title":"AXA apela al desarrollo personal a trav\u00e9s de la confianza - creaerte.com","robots":{"index":"index","follow":"follow","max-snippet":"max-snippet:-1","max-image-preview":"max-image-preview:large","max-video-preview":"max-video-preview:-1"},"canonical":"https:\/\/www.creaerte.com\/live\/axa-apela-al-desarrollo-personal-traves-la-confianza\/","og_locale":"es_ES","og_type":"article","og_title":"AXA apela al desarrollo personal a trav\u00e9s de la confianza - creaerte.com","og_description":"Sabes que puedes. Este es el lema seleccionado en la \u00faltima campa\u00f1a de AXA. La iniciativa, de car\u00e1cter internacional, mantiene el concepto que ya ide\u00f3 en el a\u00f1o 2019. Un &#8216;claim&#8217; que sirve para potenciar el concepto de confianza para desarrollar un \u00f3ptimo crecimiento personal. A trav\u00e9s de una cuidada pieza audiovisual, AXA desecha la pol\u00edtica de incluir aspectos materiales...","og_url":"https:\/\/www.creaerte.com\/live\/axa-apela-al-desarrollo-personal-traves-la-confianza\/","og_site_name":"creaerte.com","article_publisher":"https:\/\/www.facebook.com\/creaerte","article_published_time":"2021-02-11T11:23:23+00:00","article_modified_time":"2021-02-11T11:29:13+00:00","og_image":[{"width":817,"height":468,"url":"https:\/\/www.creaerte.com\/live\/wp-content\/uploads\/2021\/02\/Captura-de-pantalla-2021-02-11-a-las-12.15.35.png","type":"image\/png"}],"author":"admin","twitter_card":"summary_large_image","twitter_creator":"@Creaerte","twitter_site":"@Creaerte","twitter_misc":{"Escrito por":"admin","Tiempo de lectura":"1 minuto"},"schema":{"@context":"https:\/\/schema.org","@graph":[{"@type":"Article","@id":"https:\/\/www.creaerte.com\/live\/axa-apela-al-desarrollo-personal-traves-la-confianza\/#article","isPartOf":{"@id":"https:\/\/www.creaerte.com\/live\/axa-apela-al-desarrollo-personal-traves-la-confianza\/"},"author":{"name":"admin","@id":"https:\/\/www.creaerte.com\/live\/#\/schema\/person\/acc9e93c6216bce2d569b1f0a99607f6"},"headline":"AXA apela al desarrollo personal a trav\u00e9s de la confianza","datePublished":"2021-02-11T11:23:23+00:00","dateModified":"2021-02-11T11:29:13+00:00","mainEntityOfPage":{"@id":"https:\/\/www.creaerte.com\/live\/axa-apela-al-desarrollo-personal-traves-la-confianza\/"},"wordCount":134,"commentCount":0,"image":{"@id":"https:\/\/www.creaerte.com\/live\/axa-apela-al-desarrollo-personal-traves-la-confianza\/#primaryimage"},"thumbnailUrl":"https:\/\/www.creaerte.com\/live\/wp-content\/uploads\/2021\/02\/Captura-de-pantalla-2021-02-11-a-las-12.15.35.png","articleSection":["Audiovisual","Noticias"],"inLanguage":"es","potentialAction":[{"@type":"CommentAction","name":"Comment","target":["https:\/\/www.creaerte.com\/live\/axa-apela-al-desarrollo-personal-traves-la-confianza\/#respond"]}]},{"@type":"WebPage","@id":"https:\/\/www.creaerte.com\/live\/axa-apela-al-desarrollo-personal-traves-la-confianza\/","url":"https:\/\/www.creaerte.com\/live\/axa-apela-al-desarrollo-personal-traves-la-confianza\/","name":"AXA apela al desarrollo personal a trav\u00e9s de la confianza - creaerte.com","isPartOf":{"@id":"https:\/\/www.creaerte.com\/live\/#website"},"primaryImageOfPage":{"@id":"https:\/\/www.creaerte.com\/live\/axa-apela-al-desarrollo-personal-traves-la-confianza\/#primaryimage"},"image":{"@id":"https:\/\/www.creaerte.com\/live\/axa-apela-al-desarrollo-personal-traves-la-confianza\/#primaryimage"},"thumbnailUrl":"https:\/\/www.creaerte.com\/live\/wp-content\/uploads\/2021\/02\/Captura-de-pantalla-2021-02-11-a-las-12.15.35.png","datePublished":"2021-02-11T11:23:23+00:00","dateModified":"2021-02-11T11:29:13+00:00","author":{"@id":"https:\/\/www.creaerte.com\/live\/#\/schema\/person\/acc9e93c6216bce2d569b1f0a99607f6"},"inLanguage":"es","potentialAction":[{"@type":"ReadAction","target":["https:\/\/www.creaerte.com\/live\/axa-apela-al-desarrollo-personal-traves-la-confianza\/"]}]},{"@type":"ImageObject","inLanguage":"es","@id":"https:\/\/www.creaerte.com\/live\/axa-apela-al-desarrollo-personal-traves-la-confianza\/#primaryimage","url":"https:\/\/www.creaerte.com\/live\/wp-content\/uploads\/2021\/02\/Captura-de-pantalla-2021-02-11-a-las-12.15.35.png","contentUrl":"https:\/\/www.creaerte.com\/live\/wp-content\/uploads\/2021\/02\/Captura-de-pantalla-2021-02-11-a-las-12.15.35.png","width":817,"height":468},{"@type":"WebSite","@id":"https:\/\/www.creaerte.com\/live\/#website","url":"https:\/\/www.creaerte.com\/live\/","name":"creaerte.com","description":"Agencia de publicidad, comunicaci\u00f3n y marketing en C\u00e1ceres \u2022 Extremadura","potentialAction":[{"@type":"SearchAction","target":{"@type":"EntryPoint","urlTemplate":"https:\/\/www.creaerte.com\/live\/?s={search_term_string}"},"query-input":{"@type":"PropertyValueSpecification","valueRequired":true,"valueName":"search_term_string"}}],"inLanguage":"es"},{"@type":"Person","@id":"https:\/\/www.creaerte.com\/live\/#\/schema\/person\/acc9e93c6216bce2d569b1f0a99607f6","name":"admin","image":{"@type":"ImageObject","inLanguage":"es","@id":"https:\/\/www.creaerte.com\/live\/#\/schema\/person\/image\/","url":"https:\/\/secure.gravatar.com\/avatar\/736f9ff6dd176e443e4c9cf884b23352631c533b611f216dbc09fc84cda6e67c?s=96&d=mm&r=g","contentUrl":"https:\/\/secure.gravatar.com\/avatar\/736f9ff6dd176e443e4c9cf884b23352631c533b611f216dbc09fc84cda6e67c?s=96&d=mm&r=g","caption":"admin"},"url":"https:\/\/www.creaerte.com\/live\/author\/admin\/"}]}},"_links":{"self":[{"href":"https:\/\/www.creaerte.com\/live\/wp-json\/wp\/v2\/posts\/29586","targetHints":{"allow":["GET"]}}],"collection":[{"href":"https:\/\/www.creaerte.com\/live\/wp-json\/wp\/v2\/posts"}],"about":[{"href":"https:\/\/www.creaerte.com\/live\/wp-json\/wp\/v2\/types\/post"}],"author":[{"embeddable":true,"href":"https:\/\/www.creaerte.com\/live\/wp-json\/wp\/v2\/users\/1"}],"replies":[{"embeddable":true,"href":"https:\/\/www.creaerte.com\/live\/wp-json\/wp\/v2\/comments?post=29586"}],"version-history":[{"count":7,"href":"https:\/\/www.creaerte.com\/live\/wp-json\/wp\/v2\/posts\/29586\/revisions"}],"predecessor-version":[{"id":29594,"href":"https:\/\/www.creaerte.com\/live\/wp-json\/wp\/v2\/posts\/29586\/revisions\/29594"}],"wp:featuredmedia":[{"embeddable":true,"href":"https:\/\/www.creaerte.com\/live\/wp-json\/wp\/v2\/media\/29587"}],"wp:attachment":[{"href":"https:\/\/www.creaerte.com\/live\/wp-json\/wp\/v2\/media?parent=29586"}],"wp:term":[{"taxonomy":"category","embeddable":true,"href":"https:\/\/www.creaerte.com\/live\/wp-json\/wp\/v2\/categories?post=29586"},{"taxonomy":"post_tag","embeddable":true,"href":"https:\/\/www.creaerte.com\/live\/wp-json\/wp\/v2\/tags?post=29586"}],"curies":[{"name":"wp","href":"https:\/\/api.w.org\/{rel}","templated":true}]}}