{"id":29959,"date":"2021-06-04T12:25:11","date_gmt":"2021-06-04T11:25:11","guid":{"rendered":"http:\/\/www.creaerte.com\/live\/?p=29959"},"modified":"2021-06-04T12:38:19","modified_gmt":"2021-06-04T11:38:19","slug":"lectura-ferias-diseno-periodismo","status":"publish","type":"post","link":"https:\/\/www.creaerte.com\/live\/lectura-ferias-diseno-periodismo\/","title":{"rendered":"Lectura, ferias, periodismo y dise\u00f1o"},"content":{"rendered":"<p>La situaci\u00f3n de pandemia que hemos vivido ha cambiado el formato de multitud de ferias y eventos a los que est\u00e1bamos acostumbrados a asistir sin falta. Este es el caso de la Feria del Libro de Badajoz, que este a\u00f1o celebra su 40 edici\u00f3n y en la que participamos de manera indirecta a trav\u00e9s del dise\u00f1o gr\u00e1fico para Diario HOY.<\/p>\n<p>En continuidad con la l\u00ednea gr\u00e1fica de HOY on+, la versi\u00f3n digital de HOY, que apuesta por contenidos de calidad y por el compromiso con los lectores, ofreciendo un servicio de suscripci\u00f3n del peri\u00f3dico l\u00edder en la Comunidad Aut\u00f3noma de Extremadura para quienes lo deseen sigan informados y accedan a toda la actualidad a trav\u00e9s del dispositivo que quieran.<\/p>\n<p>En Creaerte hemos adaptado las piezas corporativas de la promoci\u00f3n que lleva a cabo HOY a lo largo de la feria del libro&#8230; 2 vales de 10\u20ac para gastar en las casetas de la feria a todas aquellas personas que se\u00a0suscriban durante un a\u00f1o. Una oferta que los amantes a la lectura no han desaprovechado. Nuestra labor ha sido la de continuar trabajando los elementos visuales para crear nuevas im\u00e1genes acordes a la l\u00ednea de comunicaci\u00f3n original y que\u00a0combinan con la tem\u00e1tica de la feria.<\/p>\n<p>A todas estas piezas, se les han a\u00f1adido un c\u00f3digo QR, que facilita la navegaci\u00f3n y tr\u00e1mite de suscripci\u00f3n al diario, que cuenta cada vez con m\u00e1s secciones especializadas, promociones y completa actualidad.<\/p>\n","protected":false},"excerpt":{"rendered":"<p>La situaci\u00f3n de pandemia que hemos vivido ha cambiado el formato de multitud de ferias y eventos a los que est\u00e1bamos acostumbrados a asistir sin falta. Este es el caso de la Feria del Libro de Badajoz, que este a\u00f1o celebra su 40 edici\u00f3n y en la que participamos de manera indirecta a trav\u00e9s del dise\u00f1o gr\u00e1fico para Diario HOY&#8230;.<\/p>\n","protected":false},"author":1,"featured_media":29960,"comment_status":"open","ping_status":"open","sticky":false,"template":"","format":"standard","meta":{"footnotes":""},"categories":[319],"tags":[],"class_list":["post-29959","post","type-post","status-publish","format-standard","has-post-thumbnail","hentry","category-cosecha-propia","has_thumb"],"yoast_head":"<!-- This site is optimized with the Yoast SEO plugin v26.9 - https:\/\/yoast.com\/product\/yoast-seo-wordpress\/ -->\n<title>Lectura, ferias, periodismo y dise\u00f1o - creaerte.com<\/title>\n<meta name=\"description\" content=\"La situaci\u00f3n de pandemia que hemos vivido ha cambiado el formato de multitud de ferias y eventos a los que est\u00e1bamos acostumbrados a asistir sin falta\" \/>\n<meta name=\"robots\" content=\"index, follow, max-snippet:-1, max-image-preview:large, max-video-preview:-1\" \/>\n<link rel=\"canonical\" href=\"https:\/\/www.creaerte.com\/live\/lectura-ferias-diseno-periodismo\/\" \/>\n<meta property=\"og:locale\" content=\"es_ES\" \/>\n<meta property=\"og:type\" content=\"article\" \/>\n<meta property=\"og:title\" content=\"Lectura, ferias, periodismo y dise\u00f1o - creaerte.com\" \/>\n<meta property=\"og:description\" content=\"La situaci\u00f3n de pandemia que hemos vivido ha cambiado el formato de multitud de ferias y eventos a los que est\u00e1bamos acostumbrados a asistir sin falta\" \/>\n<meta property=\"og:url\" content=\"https:\/\/www.creaerte.com\/live\/lectura-ferias-diseno-periodismo\/\" \/>\n<meta property=\"og:site_name\" content=\"creaerte.com\" \/>\n<meta property=\"article:publisher\" content=\"https:\/\/www.facebook.com\/creaerte\" \/>\n<meta property=\"article:published_time\" content=\"2021-06-04T11:25:11+00:00\" \/>\n<meta property=\"article:modified_time\" content=\"2021-06-04T11:38:19+00:00\" \/>\n<meta property=\"og:image\" content=\"https:\/\/www.creaerte.com\/live\/wp-content\/uploads\/2021\/06\/Feria-del-libro.jpg\" \/>\n\t<meta property=\"og:image:width\" content=\"817\" \/>\n\t<meta property=\"og:image:height\" content=\"468\" \/>\n\t<meta property=\"og:image:type\" content=\"image\/jpeg\" \/>\n<meta name=\"author\" content=\"admin\" \/>\n<meta name=\"twitter:card\" content=\"summary_large_image\" \/>\n<meta name=\"twitter:creator\" content=\"@Creaerte\" \/>\n<meta name=\"twitter:site\" content=\"@Creaerte\" \/>\n<meta name=\"twitter:label1\" content=\"Escrito por\" \/>\n\t<meta name=\"twitter:data1\" content=\"admin\" \/>\n\t<meta name=\"twitter:label2\" content=\"Tiempo de lectura\" \/>\n\t<meta name=\"twitter:data2\" content=\"1 minuto\" \/>\n<script type=\"application\/ld+json\" class=\"yoast-schema-graph\">{\"@context\":\"https:\/\/schema.org\",\"@graph\":[{\"@type\":\"Article\",\"@id\":\"https:\/\/www.creaerte.com\/live\/lectura-ferias-diseno-periodismo\/#article\",\"isPartOf\":{\"@id\":\"https:\/\/www.creaerte.com\/live\/lectura-ferias-diseno-periodismo\/\"},\"author\":{\"name\":\"admin\",\"@id\":\"https:\/\/www.creaerte.com\/live\/#\/schema\/person\/acc9e93c6216bce2d569b1f0a99607f6\"},\"headline\":\"Lectura, ferias, periodismo y dise\u00f1o\",\"datePublished\":\"2021-06-04T11:25:11+00:00\",\"dateModified\":\"2021-06-04T11:38:19+00:00\",\"mainEntityOfPage\":{\"@id\":\"https:\/\/www.creaerte.com\/live\/lectura-ferias-diseno-periodismo\/\"},\"wordCount\":269,\"commentCount\":0,\"image\":{\"@id\":\"https:\/\/www.creaerte.com\/live\/lectura-ferias-diseno-periodismo\/#primaryimage\"},\"thumbnailUrl\":\"https:\/\/www.creaerte.com\/live\/wp-content\/uploads\/2021\/06\/Feria-del-libro.jpg\",\"articleSection\":[\"Cosecha propia\"],\"inLanguage\":\"es\",\"potentialAction\":[{\"@type\":\"CommentAction\",\"name\":\"Comment\",\"target\":[\"https:\/\/www.creaerte.com\/live\/lectura-ferias-diseno-periodismo\/#respond\"]}]},{\"@type\":\"WebPage\",\"@id\":\"https:\/\/www.creaerte.com\/live\/lectura-ferias-diseno-periodismo\/\",\"url\":\"https:\/\/www.creaerte.com\/live\/lectura-ferias-diseno-periodismo\/\",\"name\":\"Lectura, ferias, periodismo y dise\u00f1o - creaerte.com\",\"isPartOf\":{\"@id\":\"https:\/\/www.creaerte.com\/live\/#website\"},\"primaryImageOfPage\":{\"@id\":\"https:\/\/www.creaerte.com\/live\/lectura-ferias-diseno-periodismo\/#primaryimage\"},\"image\":{\"@id\":\"https:\/\/www.creaerte.com\/live\/lectura-ferias-diseno-periodismo\/#primaryimage\"},\"thumbnailUrl\":\"https:\/\/www.creaerte.com\/live\/wp-content\/uploads\/2021\/06\/Feria-del-libro.jpg\",\"datePublished\":\"2021-06-04T11:25:11+00:00\",\"dateModified\":\"2021-06-04T11:38:19+00:00\",\"author\":{\"@id\":\"https:\/\/www.creaerte.com\/live\/#\/schema\/person\/acc9e93c6216bce2d569b1f0a99607f6\"},\"description\":\"La situaci\u00f3n de pandemia que hemos vivido ha cambiado el formato de multitud de ferias y eventos a los que est\u00e1bamos acostumbrados a asistir sin falta\",\"inLanguage\":\"es\",\"potentialAction\":[{\"@type\":\"ReadAction\",\"target\":[\"https:\/\/www.creaerte.com\/live\/lectura-ferias-diseno-periodismo\/\"]}]},{\"@type\":\"ImageObject\",\"inLanguage\":\"es\",\"@id\":\"https:\/\/www.creaerte.com\/live\/lectura-ferias-diseno-periodismo\/#primaryimage\",\"url\":\"https:\/\/www.creaerte.com\/live\/wp-content\/uploads\/2021\/06\/Feria-del-libro.jpg\",\"contentUrl\":\"https:\/\/www.creaerte.com\/live\/wp-content\/uploads\/2021\/06\/Feria-del-libro.jpg\",\"width\":817,\"height\":468,\"caption\":\"Feria-del-libro\"},{\"@type\":\"WebSite\",\"@id\":\"https:\/\/www.creaerte.com\/live\/#website\",\"url\":\"https:\/\/www.creaerte.com\/live\/\",\"name\":\"creaerte.com\",\"description\":\"Agencia de publicidad, comunicaci\u00f3n y marketing en C\u00e1ceres \u2022 Extremadura\",\"potentialAction\":[{\"@type\":\"SearchAction\",\"target\":{\"@type\":\"EntryPoint\",\"urlTemplate\":\"https:\/\/www.creaerte.com\/live\/?s={search_term_string}\"},\"query-input\":{\"@type\":\"PropertyValueSpecification\",\"valueRequired\":true,\"valueName\":\"search_term_string\"}}],\"inLanguage\":\"es\"},{\"@type\":\"Person\",\"@id\":\"https:\/\/www.creaerte.com\/live\/#\/schema\/person\/acc9e93c6216bce2d569b1f0a99607f6\",\"name\":\"admin\",\"image\":{\"@type\":\"ImageObject\",\"inLanguage\":\"es\",\"@id\":\"https:\/\/www.creaerte.com\/live\/#\/schema\/person\/image\/\",\"url\":\"https:\/\/secure.gravatar.com\/avatar\/736f9ff6dd176e443e4c9cf884b23352631c533b611f216dbc09fc84cda6e67c?s=96&d=mm&r=g\",\"contentUrl\":\"https:\/\/secure.gravatar.com\/avatar\/736f9ff6dd176e443e4c9cf884b23352631c533b611f216dbc09fc84cda6e67c?s=96&d=mm&r=g\",\"caption\":\"admin\"},\"url\":\"https:\/\/www.creaerte.com\/live\/author\/admin\/\"}]}<\/script>\n<!-- \/ Yoast SEO plugin. -->","yoast_head_json":{"title":"Lectura, ferias, periodismo y dise\u00f1o - creaerte.com","description":"La situaci\u00f3n de pandemia que hemos vivido ha cambiado el formato de multitud de ferias y eventos a los que est\u00e1bamos acostumbrados a asistir sin falta","robots":{"index":"index","follow":"follow","max-snippet":"max-snippet:-1","max-image-preview":"max-image-preview:large","max-video-preview":"max-video-preview:-1"},"canonical":"https:\/\/www.creaerte.com\/live\/lectura-ferias-diseno-periodismo\/","og_locale":"es_ES","og_type":"article","og_title":"Lectura, ferias, periodismo y dise\u00f1o - creaerte.com","og_description":"La situaci\u00f3n de pandemia que hemos vivido ha cambiado el formato de multitud de ferias y eventos a los que est\u00e1bamos acostumbrados a asistir sin falta","og_url":"https:\/\/www.creaerte.com\/live\/lectura-ferias-diseno-periodismo\/","og_site_name":"creaerte.com","article_publisher":"https:\/\/www.facebook.com\/creaerte","article_published_time":"2021-06-04T11:25:11+00:00","article_modified_time":"2021-06-04T11:38:19+00:00","og_image":[{"width":817,"height":468,"url":"https:\/\/www.creaerte.com\/live\/wp-content\/uploads\/2021\/06\/Feria-del-libro.jpg","type":"image\/jpeg"}],"author":"admin","twitter_card":"summary_large_image","twitter_creator":"@Creaerte","twitter_site":"@Creaerte","twitter_misc":{"Escrito por":"admin","Tiempo de lectura":"1 minuto"},"schema":{"@context":"https:\/\/schema.org","@graph":[{"@type":"Article","@id":"https:\/\/www.creaerte.com\/live\/lectura-ferias-diseno-periodismo\/#article","isPartOf":{"@id":"https:\/\/www.creaerte.com\/live\/lectura-ferias-diseno-periodismo\/"},"author":{"name":"admin","@id":"https:\/\/www.creaerte.com\/live\/#\/schema\/person\/acc9e93c6216bce2d569b1f0a99607f6"},"headline":"Lectura, ferias, periodismo y dise\u00f1o","datePublished":"2021-06-04T11:25:11+00:00","dateModified":"2021-06-04T11:38:19+00:00","mainEntityOfPage":{"@id":"https:\/\/www.creaerte.com\/live\/lectura-ferias-diseno-periodismo\/"},"wordCount":269,"commentCount":0,"image":{"@id":"https:\/\/www.creaerte.com\/live\/lectura-ferias-diseno-periodismo\/#primaryimage"},"thumbnailUrl":"https:\/\/www.creaerte.com\/live\/wp-content\/uploads\/2021\/06\/Feria-del-libro.jpg","articleSection":["Cosecha propia"],"inLanguage":"es","potentialAction":[{"@type":"CommentAction","name":"Comment","target":["https:\/\/www.creaerte.com\/live\/lectura-ferias-diseno-periodismo\/#respond"]}]},{"@type":"WebPage","@id":"https:\/\/www.creaerte.com\/live\/lectura-ferias-diseno-periodismo\/","url":"https:\/\/www.creaerte.com\/live\/lectura-ferias-diseno-periodismo\/","name":"Lectura, ferias, periodismo y dise\u00f1o - creaerte.com","isPartOf":{"@id":"https:\/\/www.creaerte.com\/live\/#website"},"primaryImageOfPage":{"@id":"https:\/\/www.creaerte.com\/live\/lectura-ferias-diseno-periodismo\/#primaryimage"},"image":{"@id":"https:\/\/www.creaerte.com\/live\/lectura-ferias-diseno-periodismo\/#primaryimage"},"thumbnailUrl":"https:\/\/www.creaerte.com\/live\/wp-content\/uploads\/2021\/06\/Feria-del-libro.jpg","datePublished":"2021-06-04T11:25:11+00:00","dateModified":"2021-06-04T11:38:19+00:00","author":{"@id":"https:\/\/www.creaerte.com\/live\/#\/schema\/person\/acc9e93c6216bce2d569b1f0a99607f6"},"description":"La situaci\u00f3n de pandemia que hemos vivido ha cambiado el formato de multitud de ferias y eventos a los que est\u00e1bamos acostumbrados a asistir sin falta","inLanguage":"es","potentialAction":[{"@type":"ReadAction","target":["https:\/\/www.creaerte.com\/live\/lectura-ferias-diseno-periodismo\/"]}]},{"@type":"ImageObject","inLanguage":"es","@id":"https:\/\/www.creaerte.com\/live\/lectura-ferias-diseno-periodismo\/#primaryimage","url":"https:\/\/www.creaerte.com\/live\/wp-content\/uploads\/2021\/06\/Feria-del-libro.jpg","contentUrl":"https:\/\/www.creaerte.com\/live\/wp-content\/uploads\/2021\/06\/Feria-del-libro.jpg","width":817,"height":468,"caption":"Feria-del-libro"},{"@type":"WebSite","@id":"https:\/\/www.creaerte.com\/live\/#website","url":"https:\/\/www.creaerte.com\/live\/","name":"creaerte.com","description":"Agencia de publicidad, comunicaci\u00f3n y marketing en C\u00e1ceres \u2022 Extremadura","potentialAction":[{"@type":"SearchAction","target":{"@type":"EntryPoint","urlTemplate":"https:\/\/www.creaerte.com\/live\/?s={search_term_string}"},"query-input":{"@type":"PropertyValueSpecification","valueRequired":true,"valueName":"search_term_string"}}],"inLanguage":"es"},{"@type":"Person","@id":"https:\/\/www.creaerte.com\/live\/#\/schema\/person\/acc9e93c6216bce2d569b1f0a99607f6","name":"admin","image":{"@type":"ImageObject","inLanguage":"es","@id":"https:\/\/www.creaerte.com\/live\/#\/schema\/person\/image\/","url":"https:\/\/secure.gravatar.com\/avatar\/736f9ff6dd176e443e4c9cf884b23352631c533b611f216dbc09fc84cda6e67c?s=96&d=mm&r=g","contentUrl":"https:\/\/secure.gravatar.com\/avatar\/736f9ff6dd176e443e4c9cf884b23352631c533b611f216dbc09fc84cda6e67c?s=96&d=mm&r=g","caption":"admin"},"url":"https:\/\/www.creaerte.com\/live\/author\/admin\/"}]}},"_links":{"self":[{"href":"https:\/\/www.creaerte.com\/live\/wp-json\/wp\/v2\/posts\/29959","targetHints":{"allow":["GET"]}}],"collection":[{"href":"https:\/\/www.creaerte.com\/live\/wp-json\/wp\/v2\/posts"}],"about":[{"href":"https:\/\/www.creaerte.com\/live\/wp-json\/wp\/v2\/types\/post"}],"author":[{"embeddable":true,"href":"https:\/\/www.creaerte.com\/live\/wp-json\/wp\/v2\/users\/1"}],"replies":[{"embeddable":true,"href":"https:\/\/www.creaerte.com\/live\/wp-json\/wp\/v2\/comments?post=29959"}],"version-history":[{"count":1,"href":"https:\/\/www.creaerte.com\/live\/wp-json\/wp\/v2\/posts\/29959\/revisions"}],"predecessor-version":[{"id":29961,"href":"https:\/\/www.creaerte.com\/live\/wp-json\/wp\/v2\/posts\/29959\/revisions\/29961"}],"wp:featuredmedia":[{"embeddable":true,"href":"https:\/\/www.creaerte.com\/live\/wp-json\/wp\/v2\/media\/29960"}],"wp:attachment":[{"href":"https:\/\/www.creaerte.com\/live\/wp-json\/wp\/v2\/media?parent=29959"}],"wp:term":[{"taxonomy":"category","embeddable":true,"href":"https:\/\/www.creaerte.com\/live\/wp-json\/wp\/v2\/categories?post=29959"},{"taxonomy":"post_tag","embeddable":true,"href":"https:\/\/www.creaerte.com\/live\/wp-json\/wp\/v2\/tags?post=29959"}],"curies":[{"name":"wp","href":"https:\/\/api.w.org\/{rel}","templated":true}]}}