{"id":29969,"date":"2021-06-10T08:41:41","date_gmt":"2021-06-10T07:41:41","guid":{"rendered":"http:\/\/www.creaerte.com\/live\/?p=29969"},"modified":"2021-06-11T09:16:25","modified_gmt":"2021-06-11T08:16:25","slug":"xxiii-reunion-anual-la-sociedad-extremena-neurologia","status":"publish","type":"post","link":"https:\/\/www.creaerte.com\/live\/xxiii-reunion-anual-la-sociedad-extremena-neurologia\/","title":{"rendered":"XXIII Reuni\u00f3n Anual de la Sociedad Extreme\u00f1a de Neurolog\u00eda"},"content":{"rendered":"<p>Al mismo tiempo que la sociedad avanza tecnol\u00f3gica y culturalmente, son cada vez m\u00e1s las adversidades y estr\u00e9s que sufren nuestros cerebros. Para estudiar y tratar estas patolog\u00edas existe una rama m\u00e9dica especializada en ello, la Neurolog\u00eda. El pasado s\u00e1bado 5 de junio tuvo lugar la XXIII Reuni\u00f3n Anual de la Sociedad Extreme\u00f1a de Neurolog\u00eda del el SEXNE (Sociedad Extreme\u00f1a de Neurolog\u00eda) y en la que hemos aportado nuestro conocimiento y creatividad para llevar a adelante un evento online.<\/p>\n<p>Adem\u00e1s del dise\u00f1o de la propia <a href=\"https:\/\/sexne.es\/\" target=\"_blank\">web del SEXNE<\/a>, que inaugur\u00e1bamos hace unas semanas, hemos llevado a cabo una labor de programaci\u00f3n web para el desarrollo del microsite de su reuni\u00f3n anual. Siguiendo las l\u00edneas establecidas a la hora de crear la imagen para la campa\u00f1a hemos adaptado tambi\u00e9n la carteler\u00eda, el programa, los banners y piezas para redes sociales de este evento. Todo ello manteniendo un estilo gr\u00e1fico que evoca a la complejidad e integraci\u00f3n de una red neuronal. La navegaci\u00f3n dentro del microsite es sencilla e intuitiva. A nivel audiovisual, en la plataforma de acceso a la reuni\u00f3n virtual, ideamos la imagen gr\u00e1fica de un auditorio, para que a pesar del car\u00e1cter online del evento sugiriera el aspecto real de este tipo de acontecimientos de a\u00f1os anteriores. Todo ello elaborado bajo un formato responsive y adaptable a todo tipo de dispositivos m\u00f3viles para favorecer su accesibilidad y visionado.<\/p>\n<p>Un trabajo creativo y de implementaci\u00f3n de soluciones tanto tecnol\u00f3gicas como de comunicaci\u00f3n que nos ha permitido generar un nuevo espacio para la audiencia de estas reuniones.<\/p>\n","protected":false},"excerpt":{"rendered":"<p>Al mismo tiempo que la sociedad avanza tecnol\u00f3gica y culturalmente, son cada vez m\u00e1s las adversidades y estr\u00e9s que sufren nuestros cerebros. Para estudiar y tratar estas patolog\u00edas existe una rama m\u00e9dica especializada en ello, la Neurolog\u00eda. El pasado s\u00e1bado 5 de junio tuvo lugar la XXIII Reuni\u00f3n Anual de la Sociedad Extreme\u00f1a de Neurolog\u00eda del el SEXNE (Sociedad Extreme\u00f1a&#8230;<\/p>\n","protected":false},"author":1,"featured_media":29970,"comment_status":"open","ping_status":"open","sticky":false,"template":"","format":"standard","meta":{"footnotes":""},"categories":[319],"tags":[],"class_list":["post-29969","post","type-post","status-publish","format-standard","has-post-thumbnail","hentry","category-cosecha-propia","has_thumb"],"yoast_head":"<!-- This site is optimized with the Yoast SEO plugin v26.9 - https:\/\/yoast.com\/product\/yoast-seo-wordpress\/ -->\n<title>XXIII Reuni\u00f3n Anual de la Sociedad Extreme\u00f1a de Neurolog\u00eda - creaerte.com<\/title>\n<meta name=\"robots\" content=\"index, follow, max-snippet:-1, max-image-preview:large, max-video-preview:-1\" \/>\n<link rel=\"canonical\" href=\"https:\/\/www.creaerte.com\/live\/xxiii-reunion-anual-la-sociedad-extremena-neurologia\/\" \/>\n<meta property=\"og:locale\" content=\"es_ES\" \/>\n<meta property=\"og:type\" content=\"article\" \/>\n<meta property=\"og:title\" content=\"XXIII Reuni\u00f3n Anual de la Sociedad Extreme\u00f1a de Neurolog\u00eda - creaerte.com\" \/>\n<meta property=\"og:description\" content=\"Al mismo tiempo que la sociedad avanza tecnol\u00f3gica y culturalmente, son cada vez m\u00e1s las adversidades y estr\u00e9s que sufren nuestros cerebros. Para estudiar y tratar estas patolog\u00edas existe una rama m\u00e9dica especializada en ello, la Neurolog\u00eda. El pasado s\u00e1bado 5 de junio tuvo lugar la XXIII Reuni\u00f3n Anual de la Sociedad Extreme\u00f1a de Neurolog\u00eda del el SEXNE (Sociedad Extreme\u00f1a...\" \/>\n<meta property=\"og:url\" content=\"https:\/\/www.creaerte.com\/live\/xxiii-reunion-anual-la-sociedad-extremena-neurologia\/\" \/>\n<meta property=\"og:site_name\" content=\"creaerte.com\" \/>\n<meta property=\"article:publisher\" content=\"https:\/\/www.facebook.com\/creaerte\" \/>\n<meta property=\"article:published_time\" content=\"2021-06-10T07:41:41+00:00\" \/>\n<meta property=\"article:modified_time\" content=\"2021-06-11T08:16:25+00:00\" \/>\n<meta property=\"og:image\" content=\"https:\/\/www.creaerte.com\/live\/wp-content\/uploads\/2021\/06\/Sexne-web-Reunion-Creaerte.jpg\" \/>\n\t<meta property=\"og:image:width\" content=\"817\" \/>\n\t<meta property=\"og:image:height\" content=\"468\" \/>\n\t<meta property=\"og:image:type\" content=\"image\/jpeg\" \/>\n<meta name=\"author\" content=\"admin\" \/>\n<meta name=\"twitter:card\" content=\"summary_large_image\" \/>\n<meta name=\"twitter:creator\" content=\"@Creaerte\" \/>\n<meta name=\"twitter:site\" content=\"@Creaerte\" \/>\n<meta name=\"twitter:label1\" content=\"Escrito por\" \/>\n\t<meta name=\"twitter:data1\" content=\"admin\" \/>\n\t<meta name=\"twitter:label2\" content=\"Tiempo de lectura\" \/>\n\t<meta name=\"twitter:data2\" content=\"1 minuto\" \/>\n<script type=\"application\/ld+json\" class=\"yoast-schema-graph\">{\"@context\":\"https:\/\/schema.org\",\"@graph\":[{\"@type\":\"Article\",\"@id\":\"https:\/\/www.creaerte.com\/live\/xxiii-reunion-anual-la-sociedad-extremena-neurologia\/#article\",\"isPartOf\":{\"@id\":\"https:\/\/www.creaerte.com\/live\/xxiii-reunion-anual-la-sociedad-extremena-neurologia\/\"},\"author\":{\"name\":\"admin\",\"@id\":\"https:\/\/www.creaerte.com\/live\/#\/schema\/person\/acc9e93c6216bce2d569b1f0a99607f6\"},\"headline\":\"XXIII Reuni\u00f3n Anual de la Sociedad Extreme\u00f1a de Neurolog\u00eda\",\"datePublished\":\"2021-06-10T07:41:41+00:00\",\"dateModified\":\"2021-06-11T08:16:25+00:00\",\"mainEntityOfPage\":{\"@id\":\"https:\/\/www.creaerte.com\/live\/xxiii-reunion-anual-la-sociedad-extremena-neurologia\/\"},\"wordCount\":299,\"commentCount\":0,\"image\":{\"@id\":\"https:\/\/www.creaerte.com\/live\/xxiii-reunion-anual-la-sociedad-extremena-neurologia\/#primaryimage\"},\"thumbnailUrl\":\"https:\/\/www.creaerte.com\/live\/wp-content\/uploads\/2021\/06\/Sexne-web-Reunion-Creaerte.jpg\",\"articleSection\":[\"Cosecha propia\"],\"inLanguage\":\"es\",\"potentialAction\":[{\"@type\":\"CommentAction\",\"name\":\"Comment\",\"target\":[\"https:\/\/www.creaerte.com\/live\/xxiii-reunion-anual-la-sociedad-extremena-neurologia\/#respond\"]}]},{\"@type\":\"WebPage\",\"@id\":\"https:\/\/www.creaerte.com\/live\/xxiii-reunion-anual-la-sociedad-extremena-neurologia\/\",\"url\":\"https:\/\/www.creaerte.com\/live\/xxiii-reunion-anual-la-sociedad-extremena-neurologia\/\",\"name\":\"XXIII Reuni\u00f3n Anual de la Sociedad Extreme\u00f1a de Neurolog\u00eda - creaerte.com\",\"isPartOf\":{\"@id\":\"https:\/\/www.creaerte.com\/live\/#website\"},\"primaryImageOfPage\":{\"@id\":\"https:\/\/www.creaerte.com\/live\/xxiii-reunion-anual-la-sociedad-extremena-neurologia\/#primaryimage\"},\"image\":{\"@id\":\"https:\/\/www.creaerte.com\/live\/xxiii-reunion-anual-la-sociedad-extremena-neurologia\/#primaryimage\"},\"thumbnailUrl\":\"https:\/\/www.creaerte.com\/live\/wp-content\/uploads\/2021\/06\/Sexne-web-Reunion-Creaerte.jpg\",\"datePublished\":\"2021-06-10T07:41:41+00:00\",\"dateModified\":\"2021-06-11T08:16:25+00:00\",\"author\":{\"@id\":\"https:\/\/www.creaerte.com\/live\/#\/schema\/person\/acc9e93c6216bce2d569b1f0a99607f6\"},\"inLanguage\":\"es\",\"potentialAction\":[{\"@type\":\"ReadAction\",\"target\":[\"https:\/\/www.creaerte.com\/live\/xxiii-reunion-anual-la-sociedad-extremena-neurologia\/\"]}]},{\"@type\":\"ImageObject\",\"inLanguage\":\"es\",\"@id\":\"https:\/\/www.creaerte.com\/live\/xxiii-reunion-anual-la-sociedad-extremena-neurologia\/#primaryimage\",\"url\":\"https:\/\/www.creaerte.com\/live\/wp-content\/uploads\/2021\/06\/Sexne-web-Reunion-Creaerte.jpg\",\"contentUrl\":\"https:\/\/www.creaerte.com\/live\/wp-content\/uploads\/2021\/06\/Sexne-web-Reunion-Creaerte.jpg\",\"width\":817,\"height\":468},{\"@type\":\"WebSite\",\"@id\":\"https:\/\/www.creaerte.com\/live\/#website\",\"url\":\"https:\/\/www.creaerte.com\/live\/\",\"name\":\"creaerte.com\",\"description\":\"Agencia de publicidad, comunicaci\u00f3n y marketing en C\u00e1ceres \u2022 Extremadura\",\"potentialAction\":[{\"@type\":\"SearchAction\",\"target\":{\"@type\":\"EntryPoint\",\"urlTemplate\":\"https:\/\/www.creaerte.com\/live\/?s={search_term_string}\"},\"query-input\":{\"@type\":\"PropertyValueSpecification\",\"valueRequired\":true,\"valueName\":\"search_term_string\"}}],\"inLanguage\":\"es\"},{\"@type\":\"Person\",\"@id\":\"https:\/\/www.creaerte.com\/live\/#\/schema\/person\/acc9e93c6216bce2d569b1f0a99607f6\",\"name\":\"admin\",\"image\":{\"@type\":\"ImageObject\",\"inLanguage\":\"es\",\"@id\":\"https:\/\/www.creaerte.com\/live\/#\/schema\/person\/image\/\",\"url\":\"https:\/\/secure.gravatar.com\/avatar\/736f9ff6dd176e443e4c9cf884b23352631c533b611f216dbc09fc84cda6e67c?s=96&d=mm&r=g\",\"contentUrl\":\"https:\/\/secure.gravatar.com\/avatar\/736f9ff6dd176e443e4c9cf884b23352631c533b611f216dbc09fc84cda6e67c?s=96&d=mm&r=g\",\"caption\":\"admin\"},\"url\":\"https:\/\/www.creaerte.com\/live\/author\/admin\/\"}]}<\/script>\n<!-- \/ Yoast SEO plugin. -->","yoast_head_json":{"title":"XXIII Reuni\u00f3n Anual de la Sociedad Extreme\u00f1a de Neurolog\u00eda - creaerte.com","robots":{"index":"index","follow":"follow","max-snippet":"max-snippet:-1","max-image-preview":"max-image-preview:large","max-video-preview":"max-video-preview:-1"},"canonical":"https:\/\/www.creaerte.com\/live\/xxiii-reunion-anual-la-sociedad-extremena-neurologia\/","og_locale":"es_ES","og_type":"article","og_title":"XXIII Reuni\u00f3n Anual de la Sociedad Extreme\u00f1a de Neurolog\u00eda - creaerte.com","og_description":"Al mismo tiempo que la sociedad avanza tecnol\u00f3gica y culturalmente, son cada vez m\u00e1s las adversidades y estr\u00e9s que sufren nuestros cerebros. Para estudiar y tratar estas patolog\u00edas existe una rama m\u00e9dica especializada en ello, la Neurolog\u00eda. El pasado s\u00e1bado 5 de junio tuvo lugar la XXIII Reuni\u00f3n Anual de la Sociedad Extreme\u00f1a de Neurolog\u00eda del el SEXNE (Sociedad Extreme\u00f1a...","og_url":"https:\/\/www.creaerte.com\/live\/xxiii-reunion-anual-la-sociedad-extremena-neurologia\/","og_site_name":"creaerte.com","article_publisher":"https:\/\/www.facebook.com\/creaerte","article_published_time":"2021-06-10T07:41:41+00:00","article_modified_time":"2021-06-11T08:16:25+00:00","og_image":[{"width":817,"height":468,"url":"https:\/\/www.creaerte.com\/live\/wp-content\/uploads\/2021\/06\/Sexne-web-Reunion-Creaerte.jpg","type":"image\/jpeg"}],"author":"admin","twitter_card":"summary_large_image","twitter_creator":"@Creaerte","twitter_site":"@Creaerte","twitter_misc":{"Escrito por":"admin","Tiempo de lectura":"1 minuto"},"schema":{"@context":"https:\/\/schema.org","@graph":[{"@type":"Article","@id":"https:\/\/www.creaerte.com\/live\/xxiii-reunion-anual-la-sociedad-extremena-neurologia\/#article","isPartOf":{"@id":"https:\/\/www.creaerte.com\/live\/xxiii-reunion-anual-la-sociedad-extremena-neurologia\/"},"author":{"name":"admin","@id":"https:\/\/www.creaerte.com\/live\/#\/schema\/person\/acc9e93c6216bce2d569b1f0a99607f6"},"headline":"XXIII Reuni\u00f3n Anual de la Sociedad Extreme\u00f1a de Neurolog\u00eda","datePublished":"2021-06-10T07:41:41+00:00","dateModified":"2021-06-11T08:16:25+00:00","mainEntityOfPage":{"@id":"https:\/\/www.creaerte.com\/live\/xxiii-reunion-anual-la-sociedad-extremena-neurologia\/"},"wordCount":299,"commentCount":0,"image":{"@id":"https:\/\/www.creaerte.com\/live\/xxiii-reunion-anual-la-sociedad-extremena-neurologia\/#primaryimage"},"thumbnailUrl":"https:\/\/www.creaerte.com\/live\/wp-content\/uploads\/2021\/06\/Sexne-web-Reunion-Creaerte.jpg","articleSection":["Cosecha propia"],"inLanguage":"es","potentialAction":[{"@type":"CommentAction","name":"Comment","target":["https:\/\/www.creaerte.com\/live\/xxiii-reunion-anual-la-sociedad-extremena-neurologia\/#respond"]}]},{"@type":"WebPage","@id":"https:\/\/www.creaerte.com\/live\/xxiii-reunion-anual-la-sociedad-extremena-neurologia\/","url":"https:\/\/www.creaerte.com\/live\/xxiii-reunion-anual-la-sociedad-extremena-neurologia\/","name":"XXIII Reuni\u00f3n Anual de la Sociedad Extreme\u00f1a de Neurolog\u00eda - creaerte.com","isPartOf":{"@id":"https:\/\/www.creaerte.com\/live\/#website"},"primaryImageOfPage":{"@id":"https:\/\/www.creaerte.com\/live\/xxiii-reunion-anual-la-sociedad-extremena-neurologia\/#primaryimage"},"image":{"@id":"https:\/\/www.creaerte.com\/live\/xxiii-reunion-anual-la-sociedad-extremena-neurologia\/#primaryimage"},"thumbnailUrl":"https:\/\/www.creaerte.com\/live\/wp-content\/uploads\/2021\/06\/Sexne-web-Reunion-Creaerte.jpg","datePublished":"2021-06-10T07:41:41+00:00","dateModified":"2021-06-11T08:16:25+00:00","author":{"@id":"https:\/\/www.creaerte.com\/live\/#\/schema\/person\/acc9e93c6216bce2d569b1f0a99607f6"},"inLanguage":"es","potentialAction":[{"@type":"ReadAction","target":["https:\/\/www.creaerte.com\/live\/xxiii-reunion-anual-la-sociedad-extremena-neurologia\/"]}]},{"@type":"ImageObject","inLanguage":"es","@id":"https:\/\/www.creaerte.com\/live\/xxiii-reunion-anual-la-sociedad-extremena-neurologia\/#primaryimage","url":"https:\/\/www.creaerte.com\/live\/wp-content\/uploads\/2021\/06\/Sexne-web-Reunion-Creaerte.jpg","contentUrl":"https:\/\/www.creaerte.com\/live\/wp-content\/uploads\/2021\/06\/Sexne-web-Reunion-Creaerte.jpg","width":817,"height":468},{"@type":"WebSite","@id":"https:\/\/www.creaerte.com\/live\/#website","url":"https:\/\/www.creaerte.com\/live\/","name":"creaerte.com","description":"Agencia de publicidad, comunicaci\u00f3n y marketing en C\u00e1ceres \u2022 Extremadura","potentialAction":[{"@type":"SearchAction","target":{"@type":"EntryPoint","urlTemplate":"https:\/\/www.creaerte.com\/live\/?s={search_term_string}"},"query-input":{"@type":"PropertyValueSpecification","valueRequired":true,"valueName":"search_term_string"}}],"inLanguage":"es"},{"@type":"Person","@id":"https:\/\/www.creaerte.com\/live\/#\/schema\/person\/acc9e93c6216bce2d569b1f0a99607f6","name":"admin","image":{"@type":"ImageObject","inLanguage":"es","@id":"https:\/\/www.creaerte.com\/live\/#\/schema\/person\/image\/","url":"https:\/\/secure.gravatar.com\/avatar\/736f9ff6dd176e443e4c9cf884b23352631c533b611f216dbc09fc84cda6e67c?s=96&d=mm&r=g","contentUrl":"https:\/\/secure.gravatar.com\/avatar\/736f9ff6dd176e443e4c9cf884b23352631c533b611f216dbc09fc84cda6e67c?s=96&d=mm&r=g","caption":"admin"},"url":"https:\/\/www.creaerte.com\/live\/author\/admin\/"}]}},"_links":{"self":[{"href":"https:\/\/www.creaerte.com\/live\/wp-json\/wp\/v2\/posts\/29969","targetHints":{"allow":["GET"]}}],"collection":[{"href":"https:\/\/www.creaerte.com\/live\/wp-json\/wp\/v2\/posts"}],"about":[{"href":"https:\/\/www.creaerte.com\/live\/wp-json\/wp\/v2\/types\/post"}],"author":[{"embeddable":true,"href":"https:\/\/www.creaerte.com\/live\/wp-json\/wp\/v2\/users\/1"}],"replies":[{"embeddable":true,"href":"https:\/\/www.creaerte.com\/live\/wp-json\/wp\/v2\/comments?post=29969"}],"version-history":[{"count":3,"href":"https:\/\/www.creaerte.com\/live\/wp-json\/wp\/v2\/posts\/29969\/revisions"}],"predecessor-version":[{"id":29973,"href":"https:\/\/www.creaerte.com\/live\/wp-json\/wp\/v2\/posts\/29969\/revisions\/29973"}],"wp:featuredmedia":[{"embeddable":true,"href":"https:\/\/www.creaerte.com\/live\/wp-json\/wp\/v2\/media\/29970"}],"wp:attachment":[{"href":"https:\/\/www.creaerte.com\/live\/wp-json\/wp\/v2\/media?parent=29969"}],"wp:term":[{"taxonomy":"category","embeddable":true,"href":"https:\/\/www.creaerte.com\/live\/wp-json\/wp\/v2\/categories?post=29969"},{"taxonomy":"post_tag","embeddable":true,"href":"https:\/\/www.creaerte.com\/live\/wp-json\/wp\/v2\/tags?post=29969"}],"curies":[{"name":"wp","href":"https:\/\/api.w.org\/{rel}","templated":true}]}}