{"id":29998,"date":"2021-07-02T10:23:36","date_gmt":"2021-07-02T09:23:36","guid":{"rendered":"http:\/\/www.creaerte.com\/live\/?p=29998"},"modified":"2021-07-02T10:48:29","modified_gmt":"2021-07-02T09:48:29","slug":"el-registro-de-marcas","status":"publish","type":"post","link":"https:\/\/www.creaerte.com\/live\/el-registro-de-marcas\/","title":{"rendered":"El registro de marcas"},"content":{"rendered":"<p>Hoy en d\u00eda, en nuestra vida cotidiana, los consumidores estamos expuestos continuamente a las marcas comerciales. El reconocimiento por parte de la sociedad de esa se\u00f1a de identidad que distingue a unas empresas de otras no es un proceso r\u00e1pido. La creaci\u00f3n de una marca no consiste tan solo idear un nombre, un dise\u00f1o o una expresi\u00f3n que resonar\u00e1 en el tiempo bajo el ideario de sus productos o servicios, sino tambi\u00e9n hay que dotarla de una protecci\u00f3n ante el resto de marcas que garantice la trayectoria de la misma.<\/p>\n<p>Consiste en un\u00a0proceso otorga a las empresas la seguridad de que sus marcas est\u00e9n protegidas frente a una competencia que lucha cada d\u00eda en m\u00e1s frentes, ya sean f\u00edsicos o virtuales. Al registrar el nombre,\u00a0se consigue que sus servicios y productos sean distintivos de sus competidores, convirti\u00e9ndose en su propiedad intelectual y evitando las copias o identidades falsas. Pero el valor de una marca no solo obedece a aspectos puramente formales. Es igual de importante utilizar\u00a0la marca comercial para las estrategias de marketing para ayudar a mejorar su reconocimiento y atraer a m\u00e1s consumidores.<\/p>\n<p>Hay que recordar que el registro no es permanente y necesita renovaciones peri\u00f3dicas, es por ello aconsejable contar con un proveedor de servicios que\u00a0haga de mediador en este sentido. El hecho de no registrar una marca comercial deja una empresa expuesta a que aparezca alguna en el futuro que demande la retirada de nuestra insignia al coincidir con su registro. Pudiendo verse obligada a lidiar con la retirada o modificaci\u00f3n de todo el material creado, bien sea para sus campa\u00f1as de comunicaci\u00f3n, como su web, sus r\u00f3tulos, etc&#8230;\u00a0<strong>\u00a0 <\/strong><\/p>\n<p>En Creaerte llevamos\u00a0cerca 30 a\u00f1os dedicados al marketing y la comunicaci\u00f3n de empresas. En esta andadura hemos trabajado en numerosos proyectos, facilitando el desarrollo de creaci\u00f3n y registro de esas marcas nuevas, tanto a nivel nacional como internacional.\u00a0Trabajamos con los mejores bufetes que gestionan el registro de patentes y marcas; y con los que damos cobertura a los nuevos proyectos que deciden dar ese paso para proteger la imagen que les representa.<\/p>\n","protected":false},"excerpt":{"rendered":"<p>Hoy en d\u00eda, en nuestra vida cotidiana, los consumidores estamos expuestos continuamente a las marcas comerciales. El reconocimiento por parte de la sociedad de esa se\u00f1a de identidad que distingue a unas empresas de otras no es un proceso r\u00e1pido. La creaci\u00f3n de una marca no consiste tan solo idear un nombre, un dise\u00f1o o una expresi\u00f3n que resonar\u00e1 en&#8230;<\/p>\n","protected":false},"author":1,"featured_media":29999,"comment_status":"open","ping_status":"open","sticky":false,"template":"","format":"standard","meta":{"footnotes":""},"categories":[319,1350,42],"tags":[],"class_list":["post-29998","post","type-post","status-publish","format-standard","has-post-thumbnail","hentry","category-cosecha-propia","category-creatividad","category-diseno","has_thumb"],"yoast_head":"<!-- This site is optimized with the Yoast SEO plugin v26.9 - https:\/\/yoast.com\/product\/yoast-seo-wordpress\/ -->\n<title>El registro de marcas - creaerte.com<\/title>\n<meta name=\"description\" content=\"En el mundo de hoy en d\u00eda, los consumidores est\u00e1n inundados y expuestos continuamente a las marcas comerciales en su vida cotidiana\" \/>\n<meta name=\"robots\" content=\"index, follow, max-snippet:-1, max-image-preview:large, max-video-preview:-1\" \/>\n<link rel=\"canonical\" href=\"https:\/\/www.creaerte.com\/live\/el-registro-de-marcas\/\" \/>\n<meta property=\"og:locale\" content=\"es_ES\" \/>\n<meta property=\"og:type\" content=\"article\" \/>\n<meta property=\"og:title\" content=\"El registro de marcas - creaerte.com\" \/>\n<meta property=\"og:description\" content=\"En el mundo de hoy en d\u00eda, los consumidores est\u00e1n inundados y expuestos continuamente a las marcas comerciales en su vida cotidiana\" \/>\n<meta property=\"og:url\" content=\"https:\/\/www.creaerte.com\/live\/el-registro-de-marcas\/\" \/>\n<meta property=\"og:site_name\" content=\"creaerte.com\" \/>\n<meta property=\"article:publisher\" content=\"https:\/\/www.facebook.com\/creaerte\" \/>\n<meta property=\"article:published_time\" content=\"2021-07-02T09:23:36+00:00\" \/>\n<meta property=\"article:modified_time\" content=\"2021-07-02T09:48:29+00:00\" \/>\n<meta property=\"og:image\" content=\"https:\/\/www.creaerte.com\/live\/wp-content\/uploads\/2021\/07\/Creaerte-cosechapropia-registro-de-marca.jpg\" \/>\n\t<meta property=\"og:image:width\" content=\"817\" \/>\n\t<meta property=\"og:image:height\" content=\"468\" \/>\n\t<meta property=\"og:image:type\" content=\"image\/jpeg\" \/>\n<meta name=\"author\" content=\"admin\" \/>\n<meta name=\"twitter:card\" content=\"summary_large_image\" \/>\n<meta name=\"twitter:creator\" content=\"@Creaerte\" \/>\n<meta name=\"twitter:site\" content=\"@Creaerte\" \/>\n<meta name=\"twitter:label1\" content=\"Escrito por\" \/>\n\t<meta name=\"twitter:data1\" content=\"admin\" \/>\n\t<meta name=\"twitter:label2\" content=\"Tiempo de lectura\" \/>\n\t<meta name=\"twitter:data2\" content=\"2 minutos\" \/>\n<script type=\"application\/ld+json\" class=\"yoast-schema-graph\">{\"@context\":\"https:\/\/schema.org\",\"@graph\":[{\"@type\":\"Article\",\"@id\":\"https:\/\/www.creaerte.com\/live\/el-registro-de-marcas\/#article\",\"isPartOf\":{\"@id\":\"https:\/\/www.creaerte.com\/live\/el-registro-de-marcas\/\"},\"author\":{\"name\":\"admin\",\"@id\":\"https:\/\/www.creaerte.com\/live\/#\/schema\/person\/acc9e93c6216bce2d569b1f0a99607f6\"},\"headline\":\"El registro de marcas\",\"datePublished\":\"2021-07-02T09:23:36+00:00\",\"dateModified\":\"2021-07-02T09:48:29+00:00\",\"mainEntityOfPage\":{\"@id\":\"https:\/\/www.creaerte.com\/live\/el-registro-de-marcas\/\"},\"wordCount\":375,\"commentCount\":0,\"image\":{\"@id\":\"https:\/\/www.creaerte.com\/live\/el-registro-de-marcas\/#primaryimage\"},\"thumbnailUrl\":\"https:\/\/www.creaerte.com\/live\/wp-content\/uploads\/2021\/07\/Creaerte-cosechapropia-registro-de-marca.jpg\",\"articleSection\":[\"Cosecha propia\",\"creatividad\",\"dise\u00f1o\"],\"inLanguage\":\"es\",\"potentialAction\":[{\"@type\":\"CommentAction\",\"name\":\"Comment\",\"target\":[\"https:\/\/www.creaerte.com\/live\/el-registro-de-marcas\/#respond\"]}]},{\"@type\":\"WebPage\",\"@id\":\"https:\/\/www.creaerte.com\/live\/el-registro-de-marcas\/\",\"url\":\"https:\/\/www.creaerte.com\/live\/el-registro-de-marcas\/\",\"name\":\"El registro de marcas - creaerte.com\",\"isPartOf\":{\"@id\":\"https:\/\/www.creaerte.com\/live\/#website\"},\"primaryImageOfPage\":{\"@id\":\"https:\/\/www.creaerte.com\/live\/el-registro-de-marcas\/#primaryimage\"},\"image\":{\"@id\":\"https:\/\/www.creaerte.com\/live\/el-registro-de-marcas\/#primaryimage\"},\"thumbnailUrl\":\"https:\/\/www.creaerte.com\/live\/wp-content\/uploads\/2021\/07\/Creaerte-cosechapropia-registro-de-marca.jpg\",\"datePublished\":\"2021-07-02T09:23:36+00:00\",\"dateModified\":\"2021-07-02T09:48:29+00:00\",\"author\":{\"@id\":\"https:\/\/www.creaerte.com\/live\/#\/schema\/person\/acc9e93c6216bce2d569b1f0a99607f6\"},\"description\":\"En el mundo de hoy en d\u00eda, los consumidores est\u00e1n inundados y expuestos continuamente a las marcas comerciales en su vida cotidiana\",\"inLanguage\":\"es\",\"potentialAction\":[{\"@type\":\"ReadAction\",\"target\":[\"https:\/\/www.creaerte.com\/live\/el-registro-de-marcas\/\"]}]},{\"@type\":\"ImageObject\",\"inLanguage\":\"es\",\"@id\":\"https:\/\/www.creaerte.com\/live\/el-registro-de-marcas\/#primaryimage\",\"url\":\"https:\/\/www.creaerte.com\/live\/wp-content\/uploads\/2021\/07\/Creaerte-cosechapropia-registro-de-marca.jpg\",\"contentUrl\":\"https:\/\/www.creaerte.com\/live\/wp-content\/uploads\/2021\/07\/Creaerte-cosechapropia-registro-de-marca.jpg\",\"width\":817,\"height\":468,\"caption\":\"El registro de marcas\"},{\"@type\":\"WebSite\",\"@id\":\"https:\/\/www.creaerte.com\/live\/#website\",\"url\":\"https:\/\/www.creaerte.com\/live\/\",\"name\":\"creaerte.com\",\"description\":\"Agencia de publicidad, comunicaci\u00f3n y marketing en C\u00e1ceres \u2022 Extremadura\",\"potentialAction\":[{\"@type\":\"SearchAction\",\"target\":{\"@type\":\"EntryPoint\",\"urlTemplate\":\"https:\/\/www.creaerte.com\/live\/?s={search_term_string}\"},\"query-input\":{\"@type\":\"PropertyValueSpecification\",\"valueRequired\":true,\"valueName\":\"search_term_string\"}}],\"inLanguage\":\"es\"},{\"@type\":\"Person\",\"@id\":\"https:\/\/www.creaerte.com\/live\/#\/schema\/person\/acc9e93c6216bce2d569b1f0a99607f6\",\"name\":\"admin\",\"image\":{\"@type\":\"ImageObject\",\"inLanguage\":\"es\",\"@id\":\"https:\/\/www.creaerte.com\/live\/#\/schema\/person\/image\/\",\"url\":\"https:\/\/secure.gravatar.com\/avatar\/736f9ff6dd176e443e4c9cf884b23352631c533b611f216dbc09fc84cda6e67c?s=96&d=mm&r=g\",\"contentUrl\":\"https:\/\/secure.gravatar.com\/avatar\/736f9ff6dd176e443e4c9cf884b23352631c533b611f216dbc09fc84cda6e67c?s=96&d=mm&r=g\",\"caption\":\"admin\"},\"url\":\"https:\/\/www.creaerte.com\/live\/author\/admin\/\"}]}<\/script>\n<!-- \/ Yoast SEO plugin. -->","yoast_head_json":{"title":"El registro de marcas - creaerte.com","description":"En el mundo de hoy en d\u00eda, los consumidores est\u00e1n inundados y expuestos continuamente a las marcas comerciales en su vida cotidiana","robots":{"index":"index","follow":"follow","max-snippet":"max-snippet:-1","max-image-preview":"max-image-preview:large","max-video-preview":"max-video-preview:-1"},"canonical":"https:\/\/www.creaerte.com\/live\/el-registro-de-marcas\/","og_locale":"es_ES","og_type":"article","og_title":"El registro de marcas - creaerte.com","og_description":"En el mundo de hoy en d\u00eda, los consumidores est\u00e1n inundados y expuestos continuamente a las marcas comerciales en su vida cotidiana","og_url":"https:\/\/www.creaerte.com\/live\/el-registro-de-marcas\/","og_site_name":"creaerte.com","article_publisher":"https:\/\/www.facebook.com\/creaerte","article_published_time":"2021-07-02T09:23:36+00:00","article_modified_time":"2021-07-02T09:48:29+00:00","og_image":[{"width":817,"height":468,"url":"https:\/\/www.creaerte.com\/live\/wp-content\/uploads\/2021\/07\/Creaerte-cosechapropia-registro-de-marca.jpg","type":"image\/jpeg"}],"author":"admin","twitter_card":"summary_large_image","twitter_creator":"@Creaerte","twitter_site":"@Creaerte","twitter_misc":{"Escrito por":"admin","Tiempo de lectura":"2 minutos"},"schema":{"@context":"https:\/\/schema.org","@graph":[{"@type":"Article","@id":"https:\/\/www.creaerte.com\/live\/el-registro-de-marcas\/#article","isPartOf":{"@id":"https:\/\/www.creaerte.com\/live\/el-registro-de-marcas\/"},"author":{"name":"admin","@id":"https:\/\/www.creaerte.com\/live\/#\/schema\/person\/acc9e93c6216bce2d569b1f0a99607f6"},"headline":"El registro de marcas","datePublished":"2021-07-02T09:23:36+00:00","dateModified":"2021-07-02T09:48:29+00:00","mainEntityOfPage":{"@id":"https:\/\/www.creaerte.com\/live\/el-registro-de-marcas\/"},"wordCount":375,"commentCount":0,"image":{"@id":"https:\/\/www.creaerte.com\/live\/el-registro-de-marcas\/#primaryimage"},"thumbnailUrl":"https:\/\/www.creaerte.com\/live\/wp-content\/uploads\/2021\/07\/Creaerte-cosechapropia-registro-de-marca.jpg","articleSection":["Cosecha propia","creatividad","dise\u00f1o"],"inLanguage":"es","potentialAction":[{"@type":"CommentAction","name":"Comment","target":["https:\/\/www.creaerte.com\/live\/el-registro-de-marcas\/#respond"]}]},{"@type":"WebPage","@id":"https:\/\/www.creaerte.com\/live\/el-registro-de-marcas\/","url":"https:\/\/www.creaerte.com\/live\/el-registro-de-marcas\/","name":"El registro de marcas - creaerte.com","isPartOf":{"@id":"https:\/\/www.creaerte.com\/live\/#website"},"primaryImageOfPage":{"@id":"https:\/\/www.creaerte.com\/live\/el-registro-de-marcas\/#primaryimage"},"image":{"@id":"https:\/\/www.creaerte.com\/live\/el-registro-de-marcas\/#primaryimage"},"thumbnailUrl":"https:\/\/www.creaerte.com\/live\/wp-content\/uploads\/2021\/07\/Creaerte-cosechapropia-registro-de-marca.jpg","datePublished":"2021-07-02T09:23:36+00:00","dateModified":"2021-07-02T09:48:29+00:00","author":{"@id":"https:\/\/www.creaerte.com\/live\/#\/schema\/person\/acc9e93c6216bce2d569b1f0a99607f6"},"description":"En el mundo de hoy en d\u00eda, los consumidores est\u00e1n inundados y expuestos continuamente a las marcas comerciales en su vida cotidiana","inLanguage":"es","potentialAction":[{"@type":"ReadAction","target":["https:\/\/www.creaerte.com\/live\/el-registro-de-marcas\/"]}]},{"@type":"ImageObject","inLanguage":"es","@id":"https:\/\/www.creaerte.com\/live\/el-registro-de-marcas\/#primaryimage","url":"https:\/\/www.creaerte.com\/live\/wp-content\/uploads\/2021\/07\/Creaerte-cosechapropia-registro-de-marca.jpg","contentUrl":"https:\/\/www.creaerte.com\/live\/wp-content\/uploads\/2021\/07\/Creaerte-cosechapropia-registro-de-marca.jpg","width":817,"height":468,"caption":"El registro de marcas"},{"@type":"WebSite","@id":"https:\/\/www.creaerte.com\/live\/#website","url":"https:\/\/www.creaerte.com\/live\/","name":"creaerte.com","description":"Agencia de publicidad, comunicaci\u00f3n y marketing en C\u00e1ceres \u2022 Extremadura","potentialAction":[{"@type":"SearchAction","target":{"@type":"EntryPoint","urlTemplate":"https:\/\/www.creaerte.com\/live\/?s={search_term_string}"},"query-input":{"@type":"PropertyValueSpecification","valueRequired":true,"valueName":"search_term_string"}}],"inLanguage":"es"},{"@type":"Person","@id":"https:\/\/www.creaerte.com\/live\/#\/schema\/person\/acc9e93c6216bce2d569b1f0a99607f6","name":"admin","image":{"@type":"ImageObject","inLanguage":"es","@id":"https:\/\/www.creaerte.com\/live\/#\/schema\/person\/image\/","url":"https:\/\/secure.gravatar.com\/avatar\/736f9ff6dd176e443e4c9cf884b23352631c533b611f216dbc09fc84cda6e67c?s=96&d=mm&r=g","contentUrl":"https:\/\/secure.gravatar.com\/avatar\/736f9ff6dd176e443e4c9cf884b23352631c533b611f216dbc09fc84cda6e67c?s=96&d=mm&r=g","caption":"admin"},"url":"https:\/\/www.creaerte.com\/live\/author\/admin\/"}]}},"_links":{"self":[{"href":"https:\/\/www.creaerte.com\/live\/wp-json\/wp\/v2\/posts\/29998","targetHints":{"allow":["GET"]}}],"collection":[{"href":"https:\/\/www.creaerte.com\/live\/wp-json\/wp\/v2\/posts"}],"about":[{"href":"https:\/\/www.creaerte.com\/live\/wp-json\/wp\/v2\/types\/post"}],"author":[{"embeddable":true,"href":"https:\/\/www.creaerte.com\/live\/wp-json\/wp\/v2\/users\/1"}],"replies":[{"embeddable":true,"href":"https:\/\/www.creaerte.com\/live\/wp-json\/wp\/v2\/comments?post=29998"}],"version-history":[{"count":4,"href":"https:\/\/www.creaerte.com\/live\/wp-json\/wp\/v2\/posts\/29998\/revisions"}],"predecessor-version":[{"id":30003,"href":"https:\/\/www.creaerte.com\/live\/wp-json\/wp\/v2\/posts\/29998\/revisions\/30003"}],"wp:featuredmedia":[{"embeddable":true,"href":"https:\/\/www.creaerte.com\/live\/wp-json\/wp\/v2\/media\/29999"}],"wp:attachment":[{"href":"https:\/\/www.creaerte.com\/live\/wp-json\/wp\/v2\/media?parent=29998"}],"wp:term":[{"taxonomy":"category","embeddable":true,"href":"https:\/\/www.creaerte.com\/live\/wp-json\/wp\/v2\/categories?post=29998"},{"taxonomy":"post_tag","embeddable":true,"href":"https:\/\/www.creaerte.com\/live\/wp-json\/wp\/v2\/tags?post=29998"}],"curies":[{"name":"wp","href":"https:\/\/api.w.org\/{rel}","templated":true}]}}