{"id":30004,"date":"2021-07-05T11:13:21","date_gmt":"2021-07-05T10:13:21","guid":{"rendered":"http:\/\/www.creaerte.com\/live\/?p=30004"},"modified":"2021-07-05T13:08:35","modified_gmt":"2021-07-05T12:08:35","slug":"vivian-maier-las-fotos-la-vida-eeuu","status":"publish","type":"post","link":"https:\/\/www.creaerte.com\/live\/vivian-maier-las-fotos-la-vida-eeuu\/","title":{"rendered":"Vivian Maier y su fotograf\u00eda callejera: historia de la vida en EEUU"},"content":{"rendered":"<p>La fotograf\u00eda puede parecer algo al alcance de cualquier persona con una c\u00e1mara, pero dominar encuadre y oportunidad son aspectos clave y m\u00e1s cuando se lleva a cabo la denominada Fotograf\u00eda Callejera. Un g\u00e9nero que la protagonista de <a href=\"http:\/\/www.creaerte.com\/live\/category\/creativos-y-creatividad\/\" target=\"_blank\">Creativos y Creatividad <\/a>domin\u00f3 y reflej\u00f3 en cada instant\u00e1nea.<\/p>\n<p><strong>Vivian Maier<\/strong> naci\u00f3 en Nueva York en 1926. Pas\u00f3 su infancia en Francia, donde vivi\u00f3 en la granja de su familia, con vistas a los Alpes franceses. Aunque su padre dej\u00f3 a la familia antes de que ella se mudara a Francia, su tiempo all\u00ed fue id\u00edlico, los alrededores eran hermosos y los otros ni\u00f1os de la escuela estaban asombrados por su herencia estadounidense. Maier sol\u00eda regresar a Nueva York, donde ella y su madre compart\u00edan un espacio vital con la fot\u00f3grafa de retratos galardonada, Jeanne Bertrand. Pero no fue hasta cumplir los 25 a\u00f1os que regres\u00f3 a vivir a los Estados Unidos, donde terminar su trabajo de ni\u00f1era, dejar\u00eda los suburbios para aventurarse al centro de Chicago o Nueva York y practicar su actividad m\u00e1s preciada, la <strong>fotograf\u00eda<\/strong>.<\/p>\n<p>Era una \u00e1vida <strong>creadora de im\u00e1genes<\/strong>: en promedio, filmaba un rollo de pel\u00edcula al d\u00eda, dando algo menos de 100 exposiciones a la semana. A pesar de esto, rara vez mostraba su trabajo a nadie. Maier continu\u00f3 as\u00ed durante muchos a\u00f1os, acumulando un enorme archivo de fotograf\u00eda callejera. No fueron solo las calles de Chicago las que llamaron su atenci\u00f3n; tambi\u00e9n hizo un viaje de un a\u00f1o alrededor del mundo con su c\u00e1mara, financiado por la venta de la casa de su t\u00eda fallecida en Francia. Su traves\u00eda incluy\u00f3 visitas a Los \u00c1ngeles, Manila, Bangkok, Beijing, Egipto, Italia y el suroeste de Estados Unidos, todo lo cual document\u00f3 con su m\u00e1quina.<\/p>\n<p>En 2009 tras su muerte, un subastador con sede en Chicago, tom\u00f3 posesi\u00f3n de varios casilleros de almacenamiento, llenos hasta el borde de fotograf\u00edas, recortes de peri\u00f3dicos, ropa y lo que parec\u00edan otras baratijas. Al ver el potencial de una peque\u00f1a ganancia, r\u00e1pidamente comenz\u00f3 a subastar el contenido a diversos coleccionistas. Lo que no sab\u00eda era que esta colecci\u00f3n de pertenencias aparentemente sin importancia era de hecho, piezas de una historia que <strong>cambiar\u00eda la fotograf\u00eda<\/strong>, descubriendo unas fotos que mostraban no solo un amplio reportaje, sino tambi\u00e9n la naturaleza hermosa y cruda de la vida en los Estados Unidos antes y despu\u00e9s de la guerra.<\/p>\n","protected":false},"excerpt":{"rendered":"<p>La fotograf\u00eda puede parecer algo al alcance de cualquier persona con una c\u00e1mara, pero dominar encuadre y oportunidad son aspectos clave y m\u00e1s cuando se lleva a cabo la denominada Fotograf\u00eda Callejera. Un g\u00e9nero que la protagonista de Creativos y Creatividad domin\u00f3 y reflej\u00f3 en cada instant\u00e1nea. Vivian Maier naci\u00f3 en Nueva York en 1926. Pas\u00f3 su infancia en Francia,&#8230;<\/p>\n","protected":false},"author":1,"featured_media":30005,"comment_status":"open","ping_status":"open","sticky":false,"template":"","format":"standard","meta":{"footnotes":""},"categories":[1357],"tags":[],"class_list":["post-30004","post","type-post","status-publish","format-standard","has-post-thumbnail","hentry","category-creativos-y-creatividad","has_thumb"],"yoast_head":"<!-- This site is optimized with the Yoast SEO plugin v26.9 - https:\/\/yoast.com\/product\/yoast-seo-wordpress\/ -->\n<title>Vivian Maier y su fotograf\u00eda callejera: historia de la vida en EEUU - creaerte.com<\/title>\n<meta name=\"description\" content=\"Era una \u00e1vida creadora de im\u00e1genes. Maier continu\u00f3 as\u00ed durante muchos a\u00f1os, acumulando un enorme archivo de fotograf\u00eda callejera.\" \/>\n<meta name=\"robots\" content=\"index, follow, max-snippet:-1, max-image-preview:large, max-video-preview:-1\" \/>\n<link rel=\"canonical\" href=\"https:\/\/www.creaerte.com\/live\/vivian-maier-las-fotos-la-vida-eeuu\/\" \/>\n<meta property=\"og:locale\" content=\"es_ES\" \/>\n<meta property=\"og:type\" content=\"article\" \/>\n<meta property=\"og:title\" content=\"Vivian Maier y su fotograf\u00eda callejera: historia de la vida en EEUU - creaerte.com\" \/>\n<meta property=\"og:description\" content=\"Era una \u00e1vida creadora de im\u00e1genes. Maier continu\u00f3 as\u00ed durante muchos a\u00f1os, acumulando un enorme archivo de fotograf\u00eda callejera.\" \/>\n<meta property=\"og:url\" content=\"https:\/\/www.creaerte.com\/live\/vivian-maier-las-fotos-la-vida-eeuu\/\" \/>\n<meta property=\"og:site_name\" content=\"creaerte.com\" \/>\n<meta property=\"article:publisher\" content=\"https:\/\/www.facebook.com\/creaerte\" \/>\n<meta property=\"article:published_time\" content=\"2021-07-05T10:13:21+00:00\" \/>\n<meta property=\"article:modified_time\" content=\"2021-07-05T12:08:35+00:00\" \/>\n<meta property=\"og:image\" content=\"https:\/\/www.creaerte.com\/live\/wp-content\/uploads\/2021\/07\/vivan-maier-creativos-y-creatividad.jpg\" \/>\n\t<meta property=\"og:image:width\" content=\"817\" \/>\n\t<meta property=\"og:image:height\" content=\"468\" \/>\n\t<meta property=\"og:image:type\" content=\"image\/jpeg\" \/>\n<meta name=\"author\" content=\"admin\" \/>\n<meta name=\"twitter:card\" content=\"summary_large_image\" \/>\n<meta name=\"twitter:creator\" content=\"@Creaerte\" \/>\n<meta name=\"twitter:site\" content=\"@Creaerte\" \/>\n<meta name=\"twitter:label1\" content=\"Escrito por\" \/>\n\t<meta name=\"twitter:data1\" content=\"admin\" \/>\n\t<meta name=\"twitter:label2\" content=\"Tiempo de lectura\" \/>\n\t<meta name=\"twitter:data2\" content=\"2 minutos\" \/>\n<script type=\"application\/ld+json\" class=\"yoast-schema-graph\">{\"@context\":\"https:\/\/schema.org\",\"@graph\":[{\"@type\":\"Article\",\"@id\":\"https:\/\/www.creaerte.com\/live\/vivian-maier-las-fotos-la-vida-eeuu\/#article\",\"isPartOf\":{\"@id\":\"https:\/\/www.creaerte.com\/live\/vivian-maier-las-fotos-la-vida-eeuu\/\"},\"author\":{\"name\":\"admin\",\"@id\":\"https:\/\/www.creaerte.com\/live\/#\/schema\/person\/acc9e93c6216bce2d569b1f0a99607f6\"},\"headline\":\"Vivian Maier y su fotograf\u00eda callejera: historia de la vida en EEUU\",\"datePublished\":\"2021-07-05T10:13:21+00:00\",\"dateModified\":\"2021-07-05T12:08:35+00:00\",\"mainEntityOfPage\":{\"@id\":\"https:\/\/www.creaerte.com\/live\/vivian-maier-las-fotos-la-vida-eeuu\/\"},\"wordCount\":441,\"commentCount\":0,\"image\":{\"@id\":\"https:\/\/www.creaerte.com\/live\/vivian-maier-las-fotos-la-vida-eeuu\/#primaryimage\"},\"thumbnailUrl\":\"https:\/\/www.creaerte.com\/live\/wp-content\/uploads\/2021\/07\/vivan-maier-creativos-y-creatividad.jpg\",\"articleSection\":[\"Creativos y creatividad\"],\"inLanguage\":\"es\",\"potentialAction\":[{\"@type\":\"CommentAction\",\"name\":\"Comment\",\"target\":[\"https:\/\/www.creaerte.com\/live\/vivian-maier-las-fotos-la-vida-eeuu\/#respond\"]}]},{\"@type\":\"WebPage\",\"@id\":\"https:\/\/www.creaerte.com\/live\/vivian-maier-las-fotos-la-vida-eeuu\/\",\"url\":\"https:\/\/www.creaerte.com\/live\/vivian-maier-las-fotos-la-vida-eeuu\/\",\"name\":\"Vivian Maier y su fotograf\u00eda callejera: historia de la vida en EEUU - creaerte.com\",\"isPartOf\":{\"@id\":\"https:\/\/www.creaerte.com\/live\/#website\"},\"primaryImageOfPage\":{\"@id\":\"https:\/\/www.creaerte.com\/live\/vivian-maier-las-fotos-la-vida-eeuu\/#primaryimage\"},\"image\":{\"@id\":\"https:\/\/www.creaerte.com\/live\/vivian-maier-las-fotos-la-vida-eeuu\/#primaryimage\"},\"thumbnailUrl\":\"https:\/\/www.creaerte.com\/live\/wp-content\/uploads\/2021\/07\/vivan-maier-creativos-y-creatividad.jpg\",\"datePublished\":\"2021-07-05T10:13:21+00:00\",\"dateModified\":\"2021-07-05T12:08:35+00:00\",\"author\":{\"@id\":\"https:\/\/www.creaerte.com\/live\/#\/schema\/person\/acc9e93c6216bce2d569b1f0a99607f6\"},\"description\":\"Era una \u00e1vida creadora de im\u00e1genes. Maier continu\u00f3 as\u00ed durante muchos a\u00f1os, acumulando un enorme archivo de fotograf\u00eda callejera.\",\"inLanguage\":\"es\",\"potentialAction\":[{\"@type\":\"ReadAction\",\"target\":[\"https:\/\/www.creaerte.com\/live\/vivian-maier-las-fotos-la-vida-eeuu\/\"]}]},{\"@type\":\"ImageObject\",\"inLanguage\":\"es\",\"@id\":\"https:\/\/www.creaerte.com\/live\/vivian-maier-las-fotos-la-vida-eeuu\/#primaryimage\",\"url\":\"https:\/\/www.creaerte.com\/live\/wp-content\/uploads\/2021\/07\/vivan-maier-creativos-y-creatividad.jpg\",\"contentUrl\":\"https:\/\/www.creaerte.com\/live\/wp-content\/uploads\/2021\/07\/vivan-maier-creativos-y-creatividad.jpg\",\"width\":817,\"height\":468},{\"@type\":\"WebSite\",\"@id\":\"https:\/\/www.creaerte.com\/live\/#website\",\"url\":\"https:\/\/www.creaerte.com\/live\/\",\"name\":\"creaerte.com\",\"description\":\"Agencia de publicidad, comunicaci\u00f3n y marketing en C\u00e1ceres \u2022 Extremadura\",\"potentialAction\":[{\"@type\":\"SearchAction\",\"target\":{\"@type\":\"EntryPoint\",\"urlTemplate\":\"https:\/\/www.creaerte.com\/live\/?s={search_term_string}\"},\"query-input\":{\"@type\":\"PropertyValueSpecification\",\"valueRequired\":true,\"valueName\":\"search_term_string\"}}],\"inLanguage\":\"es\"},{\"@type\":\"Person\",\"@id\":\"https:\/\/www.creaerte.com\/live\/#\/schema\/person\/acc9e93c6216bce2d569b1f0a99607f6\",\"name\":\"admin\",\"image\":{\"@type\":\"ImageObject\",\"inLanguage\":\"es\",\"@id\":\"https:\/\/www.creaerte.com\/live\/#\/schema\/person\/image\/\",\"url\":\"https:\/\/secure.gravatar.com\/avatar\/736f9ff6dd176e443e4c9cf884b23352631c533b611f216dbc09fc84cda6e67c?s=96&d=mm&r=g\",\"contentUrl\":\"https:\/\/secure.gravatar.com\/avatar\/736f9ff6dd176e443e4c9cf884b23352631c533b611f216dbc09fc84cda6e67c?s=96&d=mm&r=g\",\"caption\":\"admin\"},\"url\":\"https:\/\/www.creaerte.com\/live\/author\/admin\/\"}]}<\/script>\n<!-- \/ Yoast SEO plugin. -->","yoast_head_json":{"title":"Vivian Maier y su fotograf\u00eda callejera: historia de la vida en EEUU - creaerte.com","description":"Era una \u00e1vida creadora de im\u00e1genes. Maier continu\u00f3 as\u00ed durante muchos a\u00f1os, acumulando un enorme archivo de fotograf\u00eda callejera.","robots":{"index":"index","follow":"follow","max-snippet":"max-snippet:-1","max-image-preview":"max-image-preview:large","max-video-preview":"max-video-preview:-1"},"canonical":"https:\/\/www.creaerte.com\/live\/vivian-maier-las-fotos-la-vida-eeuu\/","og_locale":"es_ES","og_type":"article","og_title":"Vivian Maier y su fotograf\u00eda callejera: historia de la vida en EEUU - creaerte.com","og_description":"Era una \u00e1vida creadora de im\u00e1genes. Maier continu\u00f3 as\u00ed durante muchos a\u00f1os, acumulando un enorme archivo de fotograf\u00eda callejera.","og_url":"https:\/\/www.creaerte.com\/live\/vivian-maier-las-fotos-la-vida-eeuu\/","og_site_name":"creaerte.com","article_publisher":"https:\/\/www.facebook.com\/creaerte","article_published_time":"2021-07-05T10:13:21+00:00","article_modified_time":"2021-07-05T12:08:35+00:00","og_image":[{"width":817,"height":468,"url":"https:\/\/www.creaerte.com\/live\/wp-content\/uploads\/2021\/07\/vivan-maier-creativos-y-creatividad.jpg","type":"image\/jpeg"}],"author":"admin","twitter_card":"summary_large_image","twitter_creator":"@Creaerte","twitter_site":"@Creaerte","twitter_misc":{"Escrito por":"admin","Tiempo de lectura":"2 minutos"},"schema":{"@context":"https:\/\/schema.org","@graph":[{"@type":"Article","@id":"https:\/\/www.creaerte.com\/live\/vivian-maier-las-fotos-la-vida-eeuu\/#article","isPartOf":{"@id":"https:\/\/www.creaerte.com\/live\/vivian-maier-las-fotos-la-vida-eeuu\/"},"author":{"name":"admin","@id":"https:\/\/www.creaerte.com\/live\/#\/schema\/person\/acc9e93c6216bce2d569b1f0a99607f6"},"headline":"Vivian Maier y su fotograf\u00eda callejera: historia de la vida en EEUU","datePublished":"2021-07-05T10:13:21+00:00","dateModified":"2021-07-05T12:08:35+00:00","mainEntityOfPage":{"@id":"https:\/\/www.creaerte.com\/live\/vivian-maier-las-fotos-la-vida-eeuu\/"},"wordCount":441,"commentCount":0,"image":{"@id":"https:\/\/www.creaerte.com\/live\/vivian-maier-las-fotos-la-vida-eeuu\/#primaryimage"},"thumbnailUrl":"https:\/\/www.creaerte.com\/live\/wp-content\/uploads\/2021\/07\/vivan-maier-creativos-y-creatividad.jpg","articleSection":["Creativos y creatividad"],"inLanguage":"es","potentialAction":[{"@type":"CommentAction","name":"Comment","target":["https:\/\/www.creaerte.com\/live\/vivian-maier-las-fotos-la-vida-eeuu\/#respond"]}]},{"@type":"WebPage","@id":"https:\/\/www.creaerte.com\/live\/vivian-maier-las-fotos-la-vida-eeuu\/","url":"https:\/\/www.creaerte.com\/live\/vivian-maier-las-fotos-la-vida-eeuu\/","name":"Vivian Maier y su fotograf\u00eda callejera: historia de la vida en EEUU - creaerte.com","isPartOf":{"@id":"https:\/\/www.creaerte.com\/live\/#website"},"primaryImageOfPage":{"@id":"https:\/\/www.creaerte.com\/live\/vivian-maier-las-fotos-la-vida-eeuu\/#primaryimage"},"image":{"@id":"https:\/\/www.creaerte.com\/live\/vivian-maier-las-fotos-la-vida-eeuu\/#primaryimage"},"thumbnailUrl":"https:\/\/www.creaerte.com\/live\/wp-content\/uploads\/2021\/07\/vivan-maier-creativos-y-creatividad.jpg","datePublished":"2021-07-05T10:13:21+00:00","dateModified":"2021-07-05T12:08:35+00:00","author":{"@id":"https:\/\/www.creaerte.com\/live\/#\/schema\/person\/acc9e93c6216bce2d569b1f0a99607f6"},"description":"Era una \u00e1vida creadora de im\u00e1genes. Maier continu\u00f3 as\u00ed durante muchos a\u00f1os, acumulando un enorme archivo de fotograf\u00eda callejera.","inLanguage":"es","potentialAction":[{"@type":"ReadAction","target":["https:\/\/www.creaerte.com\/live\/vivian-maier-las-fotos-la-vida-eeuu\/"]}]},{"@type":"ImageObject","inLanguage":"es","@id":"https:\/\/www.creaerte.com\/live\/vivian-maier-las-fotos-la-vida-eeuu\/#primaryimage","url":"https:\/\/www.creaerte.com\/live\/wp-content\/uploads\/2021\/07\/vivan-maier-creativos-y-creatividad.jpg","contentUrl":"https:\/\/www.creaerte.com\/live\/wp-content\/uploads\/2021\/07\/vivan-maier-creativos-y-creatividad.jpg","width":817,"height":468},{"@type":"WebSite","@id":"https:\/\/www.creaerte.com\/live\/#website","url":"https:\/\/www.creaerte.com\/live\/","name":"creaerte.com","description":"Agencia de publicidad, comunicaci\u00f3n y marketing en C\u00e1ceres \u2022 Extremadura","potentialAction":[{"@type":"SearchAction","target":{"@type":"EntryPoint","urlTemplate":"https:\/\/www.creaerte.com\/live\/?s={search_term_string}"},"query-input":{"@type":"PropertyValueSpecification","valueRequired":true,"valueName":"search_term_string"}}],"inLanguage":"es"},{"@type":"Person","@id":"https:\/\/www.creaerte.com\/live\/#\/schema\/person\/acc9e93c6216bce2d569b1f0a99607f6","name":"admin","image":{"@type":"ImageObject","inLanguage":"es","@id":"https:\/\/www.creaerte.com\/live\/#\/schema\/person\/image\/","url":"https:\/\/secure.gravatar.com\/avatar\/736f9ff6dd176e443e4c9cf884b23352631c533b611f216dbc09fc84cda6e67c?s=96&d=mm&r=g","contentUrl":"https:\/\/secure.gravatar.com\/avatar\/736f9ff6dd176e443e4c9cf884b23352631c533b611f216dbc09fc84cda6e67c?s=96&d=mm&r=g","caption":"admin"},"url":"https:\/\/www.creaerte.com\/live\/author\/admin\/"}]}},"_links":{"self":[{"href":"https:\/\/www.creaerte.com\/live\/wp-json\/wp\/v2\/posts\/30004","targetHints":{"allow":["GET"]}}],"collection":[{"href":"https:\/\/www.creaerte.com\/live\/wp-json\/wp\/v2\/posts"}],"about":[{"href":"https:\/\/www.creaerte.com\/live\/wp-json\/wp\/v2\/types\/post"}],"author":[{"embeddable":true,"href":"https:\/\/www.creaerte.com\/live\/wp-json\/wp\/v2\/users\/1"}],"replies":[{"embeddable":true,"href":"https:\/\/www.creaerte.com\/live\/wp-json\/wp\/v2\/comments?post=30004"}],"version-history":[{"count":3,"href":"https:\/\/www.creaerte.com\/live\/wp-json\/wp\/v2\/posts\/30004\/revisions"}],"predecessor-version":[{"id":30008,"href":"https:\/\/www.creaerte.com\/live\/wp-json\/wp\/v2\/posts\/30004\/revisions\/30008"}],"wp:featuredmedia":[{"embeddable":true,"href":"https:\/\/www.creaerte.com\/live\/wp-json\/wp\/v2\/media\/30005"}],"wp:attachment":[{"href":"https:\/\/www.creaerte.com\/live\/wp-json\/wp\/v2\/media?parent=30004"}],"wp:term":[{"taxonomy":"category","embeddable":true,"href":"https:\/\/www.creaerte.com\/live\/wp-json\/wp\/v2\/categories?post=30004"},{"taxonomy":"post_tag","embeddable":true,"href":"https:\/\/www.creaerte.com\/live\/wp-json\/wp\/v2\/tags?post=30004"}],"curies":[{"name":"wp","href":"https:\/\/api.w.org\/{rel}","templated":true}]}}