{"id":3064,"date":"2011-07-28T09:02:44","date_gmt":"2011-07-28T08:02:44","guid":{"rendered":"http:\/\/creaerte.com\/live\/?p=3064"},"modified":"2013-07-04T09:13:48","modified_gmt":"2013-07-04T08:13:48","slug":"inside-out-fotografia-cooperativa","status":"publish","type":"post","link":"https:\/\/www.creaerte.com\/live\/inside-out-fotografia-cooperativa\/","title":{"rendered":"Inside Out: Fotograf\u00eda cooperativa"},"content":{"rendered":"<p>El componente social es la caracter\u00edstica principal del proyecto <a href=\"http:\/\/www.insideoutproject.net\/\" target=\"blank\">Inside Out<\/a> del fot\u00f3grafo JR, que siempre se ha distinguido por combatir las desigualdades sociales desde el arte.<\/p>\n<p>Con Inside Out la fotograf\u00eda se vuelve cooperativa, eso significa que todo el mundo puede participar (t\u00fa, tambi\u00e9n), tan s\u00f3lo hay que enviar un retrato en blanco y negro junto a una declaraci\u00f3n de intenciones con los pensamientos, las ideas, en resumen, la filosof\u00eda de cada uno y su propia historia; entonces ocurre el milagro, imprimen la imagen en un p\u00f3ster, se devuelve a su propietario y de nuevo la pelota est\u00e1 en su tejado, ahora toca colocar ese p\u00f3ster en alg\u00fan lugar p\u00fablico, de hecho, lo m\u00e1s concurrido posible, se toma una imagen y finalmente se reenv\u00eda a la web de <a href=\"http:\/\/www.insideoutproject.net\/\" target=\"blank\">Inside Out<\/a>. \u00a1As\u00ed de sencillo y as\u00ed de compartido!<\/p>\n<p>De todas formas, existen ciertas reglas, por ejemplo, la imagen debe ser un retrato, no se puede promocionar ning\u00fan producto, marca u organizaci\u00f3n, y la fotograf\u00eda debe colgarse en un lugar visible, con los permisos adecuados. Este proyecto acepta donaciones (20 d\u00f3lares), pero de forma totalmente voluntaria; el n\u00famero de &#8216;retratados&#8217; va creciendo lentamente, pero, con paso seguro, a estas alturas del verano el n\u00famero de participantes supera los 8.900, y como no pod\u00eda ser de otra forma cuenta con grupos en Facebook, Twitter y Youtube. \u00bfTe animas?<\/p>\n<p>Al artista JR le gusta mantener la intriga y nunca ha revelado su nombre completo, pero ha conseguido ganar el <a href=\"http:\/\/www.nytimes.com\/2010\/10\/20\/arts\/design\/20ted.html\" target=\"blank\">TED Prize<\/a> de 2011 con esta iniciativa.<\/p>\n<p><a href=\"http:\/\/creaerte.com\/live\/wp-content\/uploads\/2011\/07\/JamesA.jpg\"><\/a><\/p>\n<p><a href=\"http:\/\/creaerte.com\/live\/wp-content\/uploads\/2011\/07\/DanaE.jpg\"><img decoding=\"async\" class=\"aligncenter size-full wp-image-3077\" title=\"DanaE\" src=\"http:\/\/creaerte.com\/live\/wp-content\/uploads\/2011\/07\/DanaE.jpg\" alt=\"DanaE\" width=\"600\" srcset=\"https:\/\/www.creaerte.com\/live\/wp-content\/uploads\/2011\/07\/DanaE.jpg 533w, https:\/\/www.creaerte.com\/live\/wp-content\/uploads\/2011\/07\/DanaE-256x384.jpg 256w\" sizes=\"(max-width: 533px) 100vw, 533px\" \/><\/a><\/p>\n<p><a href=\"http:\/\/creaerte.com\/live\/wp-content\/uploads\/2011\/07\/RosieteM.jpg\"><img decoding=\"async\" style=\"display: block; margin-left: auto; margin-right: auto;\" title=\"RosieteM\" src=\"http:\/\/creaerte.com\/live\/wp-content\/uploads\/2011\/07\/RosieteM.jpg\" alt=\"RosieteM\" width=\"600\" \/><\/a><\/p>\n","protected":false},"excerpt":{"rendered":"<p>El componente social es la caracter\u00edstica principal del proyecto Inside Out del fot\u00f3grafo JR, que siempre se ha distinguido por combatir las desigualdades sociales desde el arte. Con Inside Out la fotograf\u00eda se vuelve cooperativa, eso significa que todo el mundo puede participar (t\u00fa, tambi\u00e9n), tan s\u00f3lo hay que enviar un retrato en blanco y negro junto a una declaraci\u00f3n&#8230;<\/p>\n","protected":false},"author":1,"featured_media":0,"comment_status":"open","ping_status":"open","sticky":false,"template":"","format":"standard","meta":{"footnotes":""},"categories":[10],"tags":[130,19],"class_list":["post-3064","post","type-post","status-publish","format-standard","hentry","category-noticias","tag-arte-social","tag-fotografia","has_thumb"],"yoast_head":"<!-- This site is optimized with the Yoast SEO plugin v26.9 - https:\/\/yoast.com\/product\/yoast-seo-wordpress\/ -->\n<title>Inside Out: Fotograf\u00eda cooperativa - creaerte.com<\/title>\n<meta name=\"robots\" content=\"index, follow, max-snippet:-1, max-image-preview:large, max-video-preview:-1\" \/>\n<link rel=\"canonical\" href=\"https:\/\/www.creaerte.com\/live\/inside-out-fotografia-cooperativa\/\" \/>\n<meta property=\"og:locale\" content=\"es_ES\" \/>\n<meta property=\"og:type\" content=\"article\" \/>\n<meta property=\"og:title\" content=\"Inside Out: Fotograf\u00eda cooperativa - creaerte.com\" \/>\n<meta property=\"og:description\" content=\"El componente social es la caracter\u00edstica principal del proyecto Inside Out del fot\u00f3grafo JR, que siempre se ha distinguido por combatir las desigualdades sociales desde el arte. Con Inside Out la fotograf\u00eda se vuelve cooperativa, eso significa que todo el mundo puede participar (t\u00fa, tambi\u00e9n), tan s\u00f3lo hay que enviar un retrato en blanco y negro junto a una declaraci\u00f3n...\" \/>\n<meta property=\"og:url\" content=\"https:\/\/www.creaerte.com\/live\/inside-out-fotografia-cooperativa\/\" \/>\n<meta property=\"og:site_name\" content=\"creaerte.com\" \/>\n<meta property=\"article:publisher\" content=\"https:\/\/www.facebook.com\/creaerte\" \/>\n<meta property=\"article:published_time\" content=\"2011-07-28T08:02:44+00:00\" \/>\n<meta property=\"article:modified_time\" content=\"2013-07-04T08:13:48+00:00\" \/>\n<meta property=\"og:image\" content=\"https:\/\/www.creaerte.com\/live\/wp-content\/uploads\/2011\/07\/DanaE.jpg\" \/>\n\t<meta property=\"og:image:width\" content=\"533\" \/>\n\t<meta property=\"og:image:height\" content=\"800\" \/>\n\t<meta property=\"og:image:type\" content=\"image\/jpeg\" \/>\n<meta name=\"author\" content=\"admin\" \/>\n<meta name=\"twitter:card\" content=\"summary_large_image\" \/>\n<meta name=\"twitter:creator\" content=\"@Creaerte\" \/>\n<meta name=\"twitter:site\" content=\"@Creaerte\" \/>\n<meta name=\"twitter:label1\" content=\"Escrito por\" \/>\n\t<meta name=\"twitter:data1\" content=\"admin\" \/>\n\t<meta name=\"twitter:label2\" content=\"Tiempo de lectura\" \/>\n\t<meta name=\"twitter:data2\" content=\"1 minuto\" \/>\n<script type=\"application\/ld+json\" class=\"yoast-schema-graph\">{\"@context\":\"https:\/\/schema.org\",\"@graph\":[{\"@type\":\"Article\",\"@id\":\"https:\/\/www.creaerte.com\/live\/inside-out-fotografia-cooperativa\/#article\",\"isPartOf\":{\"@id\":\"https:\/\/www.creaerte.com\/live\/inside-out-fotografia-cooperativa\/\"},\"author\":{\"name\":\"admin\",\"@id\":\"https:\/\/www.creaerte.com\/live\/#\/schema\/person\/acc9e93c6216bce2d569b1f0a99607f6\"},\"headline\":\"Inside Out: Fotograf\u00eda cooperativa\",\"datePublished\":\"2011-07-28T08:02:44+00:00\",\"dateModified\":\"2013-07-04T08:13:48+00:00\",\"mainEntityOfPage\":{\"@id\":\"https:\/\/www.creaerte.com\/live\/inside-out-fotografia-cooperativa\/\"},\"wordCount\":275,\"commentCount\":0,\"image\":{\"@id\":\"https:\/\/www.creaerte.com\/live\/inside-out-fotografia-cooperativa\/#primaryimage\"},\"thumbnailUrl\":\"http:\/\/creaerte.com\/live\/wp-content\/uploads\/2011\/07\/DanaE.jpg\",\"keywords\":[\"arte social\",\"fotograf\u00eda\"],\"articleSection\":[\"Noticias\"],\"inLanguage\":\"es\",\"potentialAction\":[{\"@type\":\"CommentAction\",\"name\":\"Comment\",\"target\":[\"https:\/\/www.creaerte.com\/live\/inside-out-fotografia-cooperativa\/#respond\"]}]},{\"@type\":\"WebPage\",\"@id\":\"https:\/\/www.creaerte.com\/live\/inside-out-fotografia-cooperativa\/\",\"url\":\"https:\/\/www.creaerte.com\/live\/inside-out-fotografia-cooperativa\/\",\"name\":\"Inside Out: Fotograf\u00eda cooperativa - creaerte.com\",\"isPartOf\":{\"@id\":\"https:\/\/www.creaerte.com\/live\/#website\"},\"primaryImageOfPage\":{\"@id\":\"https:\/\/www.creaerte.com\/live\/inside-out-fotografia-cooperativa\/#primaryimage\"},\"image\":{\"@id\":\"https:\/\/www.creaerte.com\/live\/inside-out-fotografia-cooperativa\/#primaryimage\"},\"thumbnailUrl\":\"http:\/\/creaerte.com\/live\/wp-content\/uploads\/2011\/07\/DanaE.jpg\",\"datePublished\":\"2011-07-28T08:02:44+00:00\",\"dateModified\":\"2013-07-04T08:13:48+00:00\",\"author\":{\"@id\":\"https:\/\/www.creaerte.com\/live\/#\/schema\/person\/acc9e93c6216bce2d569b1f0a99607f6\"},\"inLanguage\":\"es\",\"potentialAction\":[{\"@type\":\"ReadAction\",\"target\":[\"https:\/\/www.creaerte.com\/live\/inside-out-fotografia-cooperativa\/\"]}]},{\"@type\":\"ImageObject\",\"inLanguage\":\"es\",\"@id\":\"https:\/\/www.creaerte.com\/live\/inside-out-fotografia-cooperativa\/#primaryimage\",\"url\":\"http:\/\/creaerte.com\/live\/wp-content\/uploads\/2011\/07\/DanaE.jpg\",\"contentUrl\":\"http:\/\/creaerte.com\/live\/wp-content\/uploads\/2011\/07\/DanaE.jpg\"},{\"@type\":\"WebSite\",\"@id\":\"https:\/\/www.creaerte.com\/live\/#website\",\"url\":\"https:\/\/www.creaerte.com\/live\/\",\"name\":\"creaerte.com\",\"description\":\"Agencia de publicidad, comunicaci\u00f3n y marketing en C\u00e1ceres \u2022 Extremadura\",\"potentialAction\":[{\"@type\":\"SearchAction\",\"target\":{\"@type\":\"EntryPoint\",\"urlTemplate\":\"https:\/\/www.creaerte.com\/live\/?s={search_term_string}\"},\"query-input\":{\"@type\":\"PropertyValueSpecification\",\"valueRequired\":true,\"valueName\":\"search_term_string\"}}],\"inLanguage\":\"es\"},{\"@type\":\"Person\",\"@id\":\"https:\/\/www.creaerte.com\/live\/#\/schema\/person\/acc9e93c6216bce2d569b1f0a99607f6\",\"name\":\"admin\",\"image\":{\"@type\":\"ImageObject\",\"inLanguage\":\"es\",\"@id\":\"https:\/\/www.creaerte.com\/live\/#\/schema\/person\/image\/\",\"url\":\"https:\/\/secure.gravatar.com\/avatar\/736f9ff6dd176e443e4c9cf884b23352631c533b611f216dbc09fc84cda6e67c?s=96&d=mm&r=g\",\"contentUrl\":\"https:\/\/secure.gravatar.com\/avatar\/736f9ff6dd176e443e4c9cf884b23352631c533b611f216dbc09fc84cda6e67c?s=96&d=mm&r=g\",\"caption\":\"admin\"},\"url\":\"https:\/\/www.creaerte.com\/live\/author\/admin\/\"}]}<\/script>\n<!-- \/ Yoast SEO plugin. -->","yoast_head_json":{"title":"Inside Out: Fotograf\u00eda cooperativa - creaerte.com","robots":{"index":"index","follow":"follow","max-snippet":"max-snippet:-1","max-image-preview":"max-image-preview:large","max-video-preview":"max-video-preview:-1"},"canonical":"https:\/\/www.creaerte.com\/live\/inside-out-fotografia-cooperativa\/","og_locale":"es_ES","og_type":"article","og_title":"Inside Out: Fotograf\u00eda cooperativa - creaerte.com","og_description":"El componente social es la caracter\u00edstica principal del proyecto Inside Out del fot\u00f3grafo JR, que siempre se ha distinguido por combatir las desigualdades sociales desde el arte. Con Inside Out la fotograf\u00eda se vuelve cooperativa, eso significa que todo el mundo puede participar (t\u00fa, tambi\u00e9n), tan s\u00f3lo hay que enviar un retrato en blanco y negro junto a una declaraci\u00f3n...","og_url":"https:\/\/www.creaerte.com\/live\/inside-out-fotografia-cooperativa\/","og_site_name":"creaerte.com","article_publisher":"https:\/\/www.facebook.com\/creaerte","article_published_time":"2011-07-28T08:02:44+00:00","article_modified_time":"2013-07-04T08:13:48+00:00","og_image":[{"width":533,"height":800,"url":"https:\/\/www.creaerte.com\/live\/wp-content\/uploads\/2011\/07\/DanaE.jpg","type":"image\/jpeg"}],"author":"admin","twitter_card":"summary_large_image","twitter_creator":"@Creaerte","twitter_site":"@Creaerte","twitter_misc":{"Escrito por":"admin","Tiempo de lectura":"1 minuto"},"schema":{"@context":"https:\/\/schema.org","@graph":[{"@type":"Article","@id":"https:\/\/www.creaerte.com\/live\/inside-out-fotografia-cooperativa\/#article","isPartOf":{"@id":"https:\/\/www.creaerte.com\/live\/inside-out-fotografia-cooperativa\/"},"author":{"name":"admin","@id":"https:\/\/www.creaerte.com\/live\/#\/schema\/person\/acc9e93c6216bce2d569b1f0a99607f6"},"headline":"Inside Out: Fotograf\u00eda cooperativa","datePublished":"2011-07-28T08:02:44+00:00","dateModified":"2013-07-04T08:13:48+00:00","mainEntityOfPage":{"@id":"https:\/\/www.creaerte.com\/live\/inside-out-fotografia-cooperativa\/"},"wordCount":275,"commentCount":0,"image":{"@id":"https:\/\/www.creaerte.com\/live\/inside-out-fotografia-cooperativa\/#primaryimage"},"thumbnailUrl":"http:\/\/creaerte.com\/live\/wp-content\/uploads\/2011\/07\/DanaE.jpg","keywords":["arte social","fotograf\u00eda"],"articleSection":["Noticias"],"inLanguage":"es","potentialAction":[{"@type":"CommentAction","name":"Comment","target":["https:\/\/www.creaerte.com\/live\/inside-out-fotografia-cooperativa\/#respond"]}]},{"@type":"WebPage","@id":"https:\/\/www.creaerte.com\/live\/inside-out-fotografia-cooperativa\/","url":"https:\/\/www.creaerte.com\/live\/inside-out-fotografia-cooperativa\/","name":"Inside Out: Fotograf\u00eda cooperativa - creaerte.com","isPartOf":{"@id":"https:\/\/www.creaerte.com\/live\/#website"},"primaryImageOfPage":{"@id":"https:\/\/www.creaerte.com\/live\/inside-out-fotografia-cooperativa\/#primaryimage"},"image":{"@id":"https:\/\/www.creaerte.com\/live\/inside-out-fotografia-cooperativa\/#primaryimage"},"thumbnailUrl":"http:\/\/creaerte.com\/live\/wp-content\/uploads\/2011\/07\/DanaE.jpg","datePublished":"2011-07-28T08:02:44+00:00","dateModified":"2013-07-04T08:13:48+00:00","author":{"@id":"https:\/\/www.creaerte.com\/live\/#\/schema\/person\/acc9e93c6216bce2d569b1f0a99607f6"},"inLanguage":"es","potentialAction":[{"@type":"ReadAction","target":["https:\/\/www.creaerte.com\/live\/inside-out-fotografia-cooperativa\/"]}]},{"@type":"ImageObject","inLanguage":"es","@id":"https:\/\/www.creaerte.com\/live\/inside-out-fotografia-cooperativa\/#primaryimage","url":"http:\/\/creaerte.com\/live\/wp-content\/uploads\/2011\/07\/DanaE.jpg","contentUrl":"http:\/\/creaerte.com\/live\/wp-content\/uploads\/2011\/07\/DanaE.jpg"},{"@type":"WebSite","@id":"https:\/\/www.creaerte.com\/live\/#website","url":"https:\/\/www.creaerte.com\/live\/","name":"creaerte.com","description":"Agencia de publicidad, comunicaci\u00f3n y marketing en C\u00e1ceres \u2022 Extremadura","potentialAction":[{"@type":"SearchAction","target":{"@type":"EntryPoint","urlTemplate":"https:\/\/www.creaerte.com\/live\/?s={search_term_string}"},"query-input":{"@type":"PropertyValueSpecification","valueRequired":true,"valueName":"search_term_string"}}],"inLanguage":"es"},{"@type":"Person","@id":"https:\/\/www.creaerte.com\/live\/#\/schema\/person\/acc9e93c6216bce2d569b1f0a99607f6","name":"admin","image":{"@type":"ImageObject","inLanguage":"es","@id":"https:\/\/www.creaerte.com\/live\/#\/schema\/person\/image\/","url":"https:\/\/secure.gravatar.com\/avatar\/736f9ff6dd176e443e4c9cf884b23352631c533b611f216dbc09fc84cda6e67c?s=96&d=mm&r=g","contentUrl":"https:\/\/secure.gravatar.com\/avatar\/736f9ff6dd176e443e4c9cf884b23352631c533b611f216dbc09fc84cda6e67c?s=96&d=mm&r=g","caption":"admin"},"url":"https:\/\/www.creaerte.com\/live\/author\/admin\/"}]}},"_links":{"self":[{"href":"https:\/\/www.creaerte.com\/live\/wp-json\/wp\/v2\/posts\/3064","targetHints":{"allow":["GET"]}}],"collection":[{"href":"https:\/\/www.creaerte.com\/live\/wp-json\/wp\/v2\/posts"}],"about":[{"href":"https:\/\/www.creaerte.com\/live\/wp-json\/wp\/v2\/types\/post"}],"author":[{"embeddable":true,"href":"https:\/\/www.creaerte.com\/live\/wp-json\/wp\/v2\/users\/1"}],"replies":[{"embeddable":true,"href":"https:\/\/www.creaerte.com\/live\/wp-json\/wp\/v2\/comments?post=3064"}],"version-history":[{"count":0,"href":"https:\/\/www.creaerte.com\/live\/wp-json\/wp\/v2\/posts\/3064\/revisions"}],"wp:attachment":[{"href":"https:\/\/www.creaerte.com\/live\/wp-json\/wp\/v2\/media?parent=3064"}],"wp:term":[{"taxonomy":"category","embeddable":true,"href":"https:\/\/www.creaerte.com\/live\/wp-json\/wp\/v2\/categories?post=3064"},{"taxonomy":"post_tag","embeddable":true,"href":"https:\/\/www.creaerte.com\/live\/wp-json\/wp\/v2\/tags?post=3064"}],"curies":[{"name":"wp","href":"https:\/\/api.w.org\/{rel}","templated":true}]}}