{"id":3792,"date":"2011-08-18T07:24:37","date_gmt":"2011-08-18T06:24:37","guid":{"rendered":"http:\/\/creaerte.com\/live\/?p=3792"},"modified":"2011-08-18T07:24:37","modified_gmt":"2011-08-18T06:24:37","slug":"contra-el-fuego","status":"publish","type":"post","link":"https:\/\/www.creaerte.com\/live\/contra-el-fuego\/","title":{"rendered":"Contra el fuego"},"content":{"rendered":"<p>Estas im\u00e1gnes forman parte de la campa\u00f1a publicitaria que la Agencia Saatchi &amp; Saatchi ha creado para el Servicio de Voluntarios de Wildfire.<\/p>\n<p>Bajo el slogan \u2018los incendios arrasan m\u00e1s que \u00e1rboles\u2019 se pone de relieve la vulnerabilidad de la fauna en los bosques. Esta idea se expresa gr\u00e1ficamente en una serie de carteles, donde el pelo de los animales se ha sustituido por cerillas para expresar su fragilidad ante las llamas, pero sobre todo ante la p\u00e9rdida de los ecosistemas.<\/p>\n<p>La campa\u00f1a se basa en un impacto visual atractivo que lanza un mensaje efectivo e inmediato. Gracias a la imaginaci\u00f3n y la creatividad se ha conseguido mucha repercusi\u00f3n gratuita en los medios, una prueba m\u00e1s de que un trabajo profesional es una buena inversi\u00f3n.<br \/>\n<a href=\"http:\/\/creaerte.com\/live\/wp-content\/uploads\/2011\/08\/Erizo.jpg\"><img fetchpriority=\"high\" decoding=\"async\" class=\"aligncenter size-medium wp-image-3793\" title=\"Erizo\" src=\"http:\/\/creaerte.com\/live\/wp-content\/uploads\/2011\/08\/Erizo-228x300.jpg\" alt=\"Erizo\" width=\"228\" height=\"300\" \/><\/a><br \/>\n<a href=\"http:\/\/creaerte.com\/live\/wp-content\/uploads\/2011\/08\/Mono.jpg\"><img decoding=\"async\" class=\"aligncenter size-medium wp-image-3794\" title=\"Mono\" src=\"http:\/\/creaerte.com\/live\/wp-content\/uploads\/2011\/08\/Mono-253x300.jpg\" alt=\"Mono\" width=\"253\" height=\"300\" \/><\/a><\/p>\n","protected":false},"excerpt":{"rendered":"<p>Estas im\u00e1gnes forman parte de la campa\u00f1a publicitaria que la Agencia Saatchi &amp; Saatchi ha creado para el Servicio de Voluntarios de Wildfire. Bajo el slogan \u2018los incendios arrasan m\u00e1s que \u00e1rboles\u2019 se pone de relieve la vulnerabilidad de la fauna en los bosques. Esta idea se expresa gr\u00e1ficamente en una serie de carteles, donde el pelo de los animales&#8230;<\/p>\n","protected":false},"author":1,"featured_media":0,"comment_status":"open","ping_status":"open","sticky":false,"template":"","format":"standard","meta":{"footnotes":""},"categories":[10],"tags":[152],"class_list":["post-3792","post","type-post","status-publish","format-standard","hentry","category-noticias","tag-contra-el-fuego","has_thumb"],"yoast_head":"<!-- This site is optimized with the Yoast SEO plugin v26.9 - https:\/\/yoast.com\/product\/yoast-seo-wordpress\/ -->\n<title>Contra el fuego - creaerte.com<\/title>\n<meta name=\"robots\" content=\"index, follow, max-snippet:-1, max-image-preview:large, max-video-preview:-1\" \/>\n<link rel=\"canonical\" href=\"https:\/\/www.creaerte.com\/live\/contra-el-fuego\/\" \/>\n<meta property=\"og:locale\" content=\"es_ES\" \/>\n<meta property=\"og:type\" content=\"article\" \/>\n<meta property=\"og:title\" content=\"Contra el fuego - creaerte.com\" \/>\n<meta property=\"og:description\" content=\"Estas im\u00e1gnes forman parte de la campa\u00f1a publicitaria que la Agencia Saatchi &amp; Saatchi ha creado para el Servicio de Voluntarios de Wildfire. Bajo el slogan \u2018los incendios arrasan m\u00e1s que \u00e1rboles\u2019 se pone de relieve la vulnerabilidad de la fauna en los bosques. Esta idea se expresa gr\u00e1ficamente en una serie de carteles, donde el pelo de los animales...\" \/>\n<meta property=\"og:url\" content=\"https:\/\/www.creaerte.com\/live\/contra-el-fuego\/\" \/>\n<meta property=\"og:site_name\" content=\"creaerte.com\" \/>\n<meta property=\"article:publisher\" content=\"https:\/\/www.facebook.com\/creaerte\" \/>\n<meta property=\"article:published_time\" content=\"2011-08-18T06:24:37+00:00\" \/>\n<meta property=\"og:image\" content=\"https:\/\/www.creaerte.com\/live\/wp-content\/uploads\/2011\/08\/Erizo.jpg\" \/>\n\t<meta property=\"og:image:width\" content=\"600\" \/>\n\t<meta property=\"og:image:height\" content=\"787\" \/>\n\t<meta property=\"og:image:type\" content=\"image\/jpeg\" \/>\n<meta name=\"author\" content=\"admin\" \/>\n<meta name=\"twitter:card\" content=\"summary_large_image\" \/>\n<meta name=\"twitter:creator\" content=\"@Creaerte\" \/>\n<meta name=\"twitter:site\" content=\"@Creaerte\" \/>\n<meta name=\"twitter:label1\" content=\"Escrito por\" \/>\n\t<meta name=\"twitter:data1\" content=\"admin\" \/>\n\t<meta name=\"twitter:label2\" content=\"Tiempo de lectura\" \/>\n\t<meta name=\"twitter:data2\" content=\"1 minuto\" \/>\n<script type=\"application\/ld+json\" class=\"yoast-schema-graph\">{\"@context\":\"https:\/\/schema.org\",\"@graph\":[{\"@type\":\"Article\",\"@id\":\"https:\/\/www.creaerte.com\/live\/contra-el-fuego\/#article\",\"isPartOf\":{\"@id\":\"https:\/\/www.creaerte.com\/live\/contra-el-fuego\/\"},\"author\":{\"name\":\"admin\",\"@id\":\"https:\/\/www.creaerte.com\/live\/#\/schema\/person\/acc9e93c6216bce2d569b1f0a99607f6\"},\"headline\":\"Contra el fuego\",\"datePublished\":\"2011-08-18T06:24:37+00:00\",\"mainEntityOfPage\":{\"@id\":\"https:\/\/www.creaerte.com\/live\/contra-el-fuego\/\"},\"wordCount\":138,\"commentCount\":0,\"image\":{\"@id\":\"https:\/\/www.creaerte.com\/live\/contra-el-fuego\/#primaryimage\"},\"thumbnailUrl\":\"http:\/\/creaerte.com\/live\/wp-content\/uploads\/2011\/08\/Erizo-228x300.jpg\",\"keywords\":[\"contra el fuego\"],\"articleSection\":[\"Noticias\"],\"inLanguage\":\"es\",\"potentialAction\":[{\"@type\":\"CommentAction\",\"name\":\"Comment\",\"target\":[\"https:\/\/www.creaerte.com\/live\/contra-el-fuego\/#respond\"]}]},{\"@type\":\"WebPage\",\"@id\":\"https:\/\/www.creaerte.com\/live\/contra-el-fuego\/\",\"url\":\"https:\/\/www.creaerte.com\/live\/contra-el-fuego\/\",\"name\":\"Contra el fuego - creaerte.com\",\"isPartOf\":{\"@id\":\"https:\/\/www.creaerte.com\/live\/#website\"},\"primaryImageOfPage\":{\"@id\":\"https:\/\/www.creaerte.com\/live\/contra-el-fuego\/#primaryimage\"},\"image\":{\"@id\":\"https:\/\/www.creaerte.com\/live\/contra-el-fuego\/#primaryimage\"},\"thumbnailUrl\":\"http:\/\/creaerte.com\/live\/wp-content\/uploads\/2011\/08\/Erizo-228x300.jpg\",\"datePublished\":\"2011-08-18T06:24:37+00:00\",\"author\":{\"@id\":\"https:\/\/www.creaerte.com\/live\/#\/schema\/person\/acc9e93c6216bce2d569b1f0a99607f6\"},\"inLanguage\":\"es\",\"potentialAction\":[{\"@type\":\"ReadAction\",\"target\":[\"https:\/\/www.creaerte.com\/live\/contra-el-fuego\/\"]}]},{\"@type\":\"ImageObject\",\"inLanguage\":\"es\",\"@id\":\"https:\/\/www.creaerte.com\/live\/contra-el-fuego\/#primaryimage\",\"url\":\"http:\/\/creaerte.com\/live\/wp-content\/uploads\/2011\/08\/Erizo-228x300.jpg\",\"contentUrl\":\"http:\/\/creaerte.com\/live\/wp-content\/uploads\/2011\/08\/Erizo-228x300.jpg\"},{\"@type\":\"WebSite\",\"@id\":\"https:\/\/www.creaerte.com\/live\/#website\",\"url\":\"https:\/\/www.creaerte.com\/live\/\",\"name\":\"creaerte.com\",\"description\":\"Agencia de publicidad, comunicaci\u00f3n y marketing en C\u00e1ceres \u2022 Extremadura\",\"potentialAction\":[{\"@type\":\"SearchAction\",\"target\":{\"@type\":\"EntryPoint\",\"urlTemplate\":\"https:\/\/www.creaerte.com\/live\/?s={search_term_string}\"},\"query-input\":{\"@type\":\"PropertyValueSpecification\",\"valueRequired\":true,\"valueName\":\"search_term_string\"}}],\"inLanguage\":\"es\"},{\"@type\":\"Person\",\"@id\":\"https:\/\/www.creaerte.com\/live\/#\/schema\/person\/acc9e93c6216bce2d569b1f0a99607f6\",\"name\":\"admin\",\"image\":{\"@type\":\"ImageObject\",\"inLanguage\":\"es\",\"@id\":\"https:\/\/www.creaerte.com\/live\/#\/schema\/person\/image\/\",\"url\":\"https:\/\/secure.gravatar.com\/avatar\/736f9ff6dd176e443e4c9cf884b23352631c533b611f216dbc09fc84cda6e67c?s=96&d=mm&r=g\",\"contentUrl\":\"https:\/\/secure.gravatar.com\/avatar\/736f9ff6dd176e443e4c9cf884b23352631c533b611f216dbc09fc84cda6e67c?s=96&d=mm&r=g\",\"caption\":\"admin\"},\"url\":\"https:\/\/www.creaerte.com\/live\/author\/admin\/\"}]}<\/script>\n<!-- \/ Yoast SEO plugin. -->","yoast_head_json":{"title":"Contra el fuego - creaerte.com","robots":{"index":"index","follow":"follow","max-snippet":"max-snippet:-1","max-image-preview":"max-image-preview:large","max-video-preview":"max-video-preview:-1"},"canonical":"https:\/\/www.creaerte.com\/live\/contra-el-fuego\/","og_locale":"es_ES","og_type":"article","og_title":"Contra el fuego - creaerte.com","og_description":"Estas im\u00e1gnes forman parte de la campa\u00f1a publicitaria que la Agencia Saatchi &amp; Saatchi ha creado para el Servicio de Voluntarios de Wildfire. Bajo el slogan \u2018los incendios arrasan m\u00e1s que \u00e1rboles\u2019 se pone de relieve la vulnerabilidad de la fauna en los bosques. Esta idea se expresa gr\u00e1ficamente en una serie de carteles, donde el pelo de los animales...","og_url":"https:\/\/www.creaerte.com\/live\/contra-el-fuego\/","og_site_name":"creaerte.com","article_publisher":"https:\/\/www.facebook.com\/creaerte","article_published_time":"2011-08-18T06:24:37+00:00","og_image":[{"width":600,"height":787,"url":"https:\/\/www.creaerte.com\/live\/wp-content\/uploads\/2011\/08\/Erizo.jpg","type":"image\/jpeg"}],"author":"admin","twitter_card":"summary_large_image","twitter_creator":"@Creaerte","twitter_site":"@Creaerte","twitter_misc":{"Escrito por":"admin","Tiempo de lectura":"1 minuto"},"schema":{"@context":"https:\/\/schema.org","@graph":[{"@type":"Article","@id":"https:\/\/www.creaerte.com\/live\/contra-el-fuego\/#article","isPartOf":{"@id":"https:\/\/www.creaerte.com\/live\/contra-el-fuego\/"},"author":{"name":"admin","@id":"https:\/\/www.creaerte.com\/live\/#\/schema\/person\/acc9e93c6216bce2d569b1f0a99607f6"},"headline":"Contra el fuego","datePublished":"2011-08-18T06:24:37+00:00","mainEntityOfPage":{"@id":"https:\/\/www.creaerte.com\/live\/contra-el-fuego\/"},"wordCount":138,"commentCount":0,"image":{"@id":"https:\/\/www.creaerte.com\/live\/contra-el-fuego\/#primaryimage"},"thumbnailUrl":"http:\/\/creaerte.com\/live\/wp-content\/uploads\/2011\/08\/Erizo-228x300.jpg","keywords":["contra el fuego"],"articleSection":["Noticias"],"inLanguage":"es","potentialAction":[{"@type":"CommentAction","name":"Comment","target":["https:\/\/www.creaerte.com\/live\/contra-el-fuego\/#respond"]}]},{"@type":"WebPage","@id":"https:\/\/www.creaerte.com\/live\/contra-el-fuego\/","url":"https:\/\/www.creaerte.com\/live\/contra-el-fuego\/","name":"Contra el fuego - creaerte.com","isPartOf":{"@id":"https:\/\/www.creaerte.com\/live\/#website"},"primaryImageOfPage":{"@id":"https:\/\/www.creaerte.com\/live\/contra-el-fuego\/#primaryimage"},"image":{"@id":"https:\/\/www.creaerte.com\/live\/contra-el-fuego\/#primaryimage"},"thumbnailUrl":"http:\/\/creaerte.com\/live\/wp-content\/uploads\/2011\/08\/Erizo-228x300.jpg","datePublished":"2011-08-18T06:24:37+00:00","author":{"@id":"https:\/\/www.creaerte.com\/live\/#\/schema\/person\/acc9e93c6216bce2d569b1f0a99607f6"},"inLanguage":"es","potentialAction":[{"@type":"ReadAction","target":["https:\/\/www.creaerte.com\/live\/contra-el-fuego\/"]}]},{"@type":"ImageObject","inLanguage":"es","@id":"https:\/\/www.creaerte.com\/live\/contra-el-fuego\/#primaryimage","url":"http:\/\/creaerte.com\/live\/wp-content\/uploads\/2011\/08\/Erizo-228x300.jpg","contentUrl":"http:\/\/creaerte.com\/live\/wp-content\/uploads\/2011\/08\/Erizo-228x300.jpg"},{"@type":"WebSite","@id":"https:\/\/www.creaerte.com\/live\/#website","url":"https:\/\/www.creaerte.com\/live\/","name":"creaerte.com","description":"Agencia de publicidad, comunicaci\u00f3n y marketing en C\u00e1ceres \u2022 Extremadura","potentialAction":[{"@type":"SearchAction","target":{"@type":"EntryPoint","urlTemplate":"https:\/\/www.creaerte.com\/live\/?s={search_term_string}"},"query-input":{"@type":"PropertyValueSpecification","valueRequired":true,"valueName":"search_term_string"}}],"inLanguage":"es"},{"@type":"Person","@id":"https:\/\/www.creaerte.com\/live\/#\/schema\/person\/acc9e93c6216bce2d569b1f0a99607f6","name":"admin","image":{"@type":"ImageObject","inLanguage":"es","@id":"https:\/\/www.creaerte.com\/live\/#\/schema\/person\/image\/","url":"https:\/\/secure.gravatar.com\/avatar\/736f9ff6dd176e443e4c9cf884b23352631c533b611f216dbc09fc84cda6e67c?s=96&d=mm&r=g","contentUrl":"https:\/\/secure.gravatar.com\/avatar\/736f9ff6dd176e443e4c9cf884b23352631c533b611f216dbc09fc84cda6e67c?s=96&d=mm&r=g","caption":"admin"},"url":"https:\/\/www.creaerte.com\/live\/author\/admin\/"}]}},"_links":{"self":[{"href":"https:\/\/www.creaerte.com\/live\/wp-json\/wp\/v2\/posts\/3792","targetHints":{"allow":["GET"]}}],"collection":[{"href":"https:\/\/www.creaerte.com\/live\/wp-json\/wp\/v2\/posts"}],"about":[{"href":"https:\/\/www.creaerte.com\/live\/wp-json\/wp\/v2\/types\/post"}],"author":[{"embeddable":true,"href":"https:\/\/www.creaerte.com\/live\/wp-json\/wp\/v2\/users\/1"}],"replies":[{"embeddable":true,"href":"https:\/\/www.creaerte.com\/live\/wp-json\/wp\/v2\/comments?post=3792"}],"version-history":[{"count":0,"href":"https:\/\/www.creaerte.com\/live\/wp-json\/wp\/v2\/posts\/3792\/revisions"}],"wp:attachment":[{"href":"https:\/\/www.creaerte.com\/live\/wp-json\/wp\/v2\/media?parent=3792"}],"wp:term":[{"taxonomy":"category","embeddable":true,"href":"https:\/\/www.creaerte.com\/live\/wp-json\/wp\/v2\/categories?post=3792"},{"taxonomy":"post_tag","embeddable":true,"href":"https:\/\/www.creaerte.com\/live\/wp-json\/wp\/v2\/tags?post=3792"}],"curies":[{"name":"wp","href":"https:\/\/api.w.org\/{rel}","templated":true}]}}