{"id":3812,"date":"2011-08-22T08:20:04","date_gmt":"2011-08-22T07:20:04","guid":{"rendered":"http:\/\/creaerte.com\/live\/?p=3812"},"modified":"2013-07-04T08:59:47","modified_gmt":"2013-07-04T07:59:47","slug":"el-paseo-del-coche-cerebro","status":"publish","type":"post","link":"https:\/\/www.creaerte.com\/live\/el-paseo-del-coche-cerebro\/","title":{"rendered":"El paseo del Coche-Cerebro"},"content":{"rendered":"<p>Para que todos lo entendamos,  &#8216;Braincar&#8217; se traduce como &#8216;Coche-Cerebro&#8217; (aunque queda bien claro en la imagen), se trata de una escultura m\u00f3vil del arista Olaf Moolj de Rotterdam, un tipo que se dedica a modificar veh\u00edculos de motor para representar la conexi\u00f3n entre el conductor y su coche.<\/p>\n<p>En concreto, con el &#8216;Braincar&#8217;, el arista se pregunta qu\u00e9 pensar\u00eda un coche si tuviera conciencia de su propio viaje; por eso, durante el d\u00eda, \u00e9ste particular veh\u00edculo captura im\u00e1genes y guarda v\u00eddeos de los lugares por d\u00f3nde pasa, y por la noche, todo ese material\u00a0se proyecta desde el interior del cerebro, as\u00ed queda al descubierto qu\u00e9 es lo que guarda esa cabecita motorizada.<\/p>\n<p style=\"text-align: center;\"><img decoding=\"async\" class=\"aligncenter size-full wp-image-3814\" title=\"braincar01\" src=\"http:\/\/creaerte.com\/live\/wp-content\/uploads\/2011\/08\/braincar01.jpg\" alt=\"braincar01\" width=\"615\" srcset=\"https:\/\/www.creaerte.com\/live\/wp-content\/uploads\/2011\/08\/braincar01.jpg 818w, https:\/\/www.creaerte.com\/live\/wp-content\/uploads\/2011\/08\/braincar01-384x248.jpg 384w\" sizes=\"(max-width: 818px) 100vw, 818px\" \/><\/p>\n<p style=\"text-align: center;\"><img decoding=\"async\" class=\"aligncenter size-full wp-image-3820\" title=\"braincar09\" src=\"http:\/\/creaerte.com\/live\/wp-content\/uploads\/2011\/08\/braincar09.jpg\" alt=\"braincar09\" width=\"615\" srcset=\"https:\/\/www.creaerte.com\/live\/wp-content\/uploads\/2011\/08\/braincar09.jpg 818w, https:\/\/www.creaerte.com\/live\/wp-content\/uploads\/2011\/08\/braincar09-384x231.jpg 384w\" sizes=\"(max-width: 818px) 100vw, 818px\" \/><\/p>\n<p style=\"text-align: center;\"><img decoding=\"async\" class=\"aligncenter size-full wp-image-3821\" title=\"braincar10\" src=\"http:\/\/creaerte.com\/live\/wp-content\/uploads\/2011\/08\/braincar10.jpg\" alt=\"braincar10\" width=\"615\" srcset=\"https:\/\/www.creaerte.com\/live\/wp-content\/uploads\/2011\/08\/braincar10.jpg 818w, https:\/\/www.creaerte.com\/live\/wp-content\/uploads\/2011\/08\/braincar10-384x294.jpg 384w\" sizes=\"(max-width: 818px) 100vw, 818px\" \/><\/p>\n<p style=\"text-align: center;\"><a href=\"http:\/\/creaerte.com\/live\/wp-content\/uploads\/2011\/08\/braincar03.jpg\"><img decoding=\"async\" class=\"aligncenter size-full wp-image-3816\" title=\"braincar03\" src=\"http:\/\/creaerte.com\/live\/wp-content\/uploads\/2011\/08\/braincar03.jpg\" alt=\"braincar03\" width=\"615\" srcset=\"https:\/\/www.creaerte.com\/live\/wp-content\/uploads\/2011\/08\/braincar03.jpg 818w, https:\/\/www.creaerte.com\/live\/wp-content\/uploads\/2011\/08\/braincar03-384x264.jpg 384w\" sizes=\"(max-width: 818px) 100vw, 818px\" \/><\/a><\/p>\n<p style=\"text-align: center;\"><img decoding=\"async\" class=\"aligncenter size-full wp-image-3815\" title=\"braincar02\" src=\"http:\/\/creaerte.com\/live\/wp-content\/uploads\/2011\/08\/braincar02.jpg\" alt=\"braincar02\" width=\"615\" srcset=\"https:\/\/www.creaerte.com\/live\/wp-content\/uploads\/2011\/08\/braincar02.jpg 818w, https:\/\/www.creaerte.com\/live\/wp-content\/uploads\/2011\/08\/braincar02-384x268.jpg 384w\" sizes=\"(max-width: 818px) 100vw, 818px\" \/><\/p>\n<p>Visto en: <a href=\"http:\/\/inspix.net\/\">INSPIX<\/a><\/p>\n","protected":false},"excerpt":{"rendered":"<p>Para que todos lo entendamos, &#8216;Braincar&#8217; se traduce como &#8216;Coche-Cerebro&#8217; (aunque queda bien claro en la imagen), se trata de una escultura m\u00f3vil del arista Olaf Moolj de Rotterdam, un tipo que se dedica a modificar veh\u00edculos de motor para representar la conexi\u00f3n entre el conductor y su coche. En concreto, con el &#8216;Braincar&#8217;, el arista se pregunta qu\u00e9 pensar\u00eda&#8230;<\/p>\n","protected":false},"author":1,"featured_media":0,"comment_status":"open","ping_status":"open","sticky":false,"template":"","format":"standard","meta":{"footnotes":""},"categories":[10],"tags":[33,75,155],"class_list":["post-3812","post","type-post","status-publish","format-standard","hentry","category-noticias","tag-arte","tag-escultura","tag-inspiracion","has_thumb"],"yoast_head":"<!-- This site is optimized with the Yoast SEO plugin v26.9 - https:\/\/yoast.com\/product\/yoast-seo-wordpress\/ -->\n<title>El paseo del Coche-Cerebro - creaerte.com<\/title>\n<meta name=\"robots\" content=\"index, follow, max-snippet:-1, max-image-preview:large, max-video-preview:-1\" \/>\n<link rel=\"canonical\" href=\"https:\/\/www.creaerte.com\/live\/el-paseo-del-coche-cerebro\/\" \/>\n<meta property=\"og:locale\" content=\"es_ES\" \/>\n<meta property=\"og:type\" content=\"article\" \/>\n<meta property=\"og:title\" content=\"El paseo del Coche-Cerebro - creaerte.com\" \/>\n<meta property=\"og:description\" content=\"Para que todos lo entendamos, &#8216;Braincar&#8217; se traduce como &#8216;Coche-Cerebro&#8217; (aunque queda bien claro en la imagen), se trata de una escultura m\u00f3vil del arista Olaf Moolj de Rotterdam, un tipo que se dedica a modificar veh\u00edculos de motor para representar la conexi\u00f3n entre el conductor y su coche. En concreto, con el &#8216;Braincar&#8217;, el arista se pregunta qu\u00e9 pensar\u00eda...\" \/>\n<meta property=\"og:url\" content=\"https:\/\/www.creaerte.com\/live\/el-paseo-del-coche-cerebro\/\" \/>\n<meta property=\"og:site_name\" content=\"creaerte.com\" \/>\n<meta property=\"article:publisher\" content=\"https:\/\/www.facebook.com\/creaerte\" \/>\n<meta property=\"article:published_time\" content=\"2011-08-22T07:20:04+00:00\" \/>\n<meta property=\"article:modified_time\" content=\"2013-07-04T07:59:47+00:00\" \/>\n<meta property=\"og:image\" content=\"https:\/\/www.creaerte.com\/live\/wp-content\/uploads\/2011\/08\/braincar01.jpg\" \/>\n\t<meta property=\"og:image:width\" content=\"818\" \/>\n\t<meta property=\"og:image:height\" content=\"529\" \/>\n\t<meta property=\"og:image:type\" content=\"image\/jpeg\" \/>\n<meta name=\"author\" content=\"admin\" \/>\n<meta name=\"twitter:card\" content=\"summary_large_image\" \/>\n<meta name=\"twitter:creator\" content=\"@Creaerte\" \/>\n<meta name=\"twitter:site\" content=\"@Creaerte\" \/>\n<meta name=\"twitter:label1\" content=\"Escrito por\" \/>\n\t<meta name=\"twitter:data1\" content=\"admin\" \/>\n\t<meta name=\"twitter:label2\" content=\"Tiempo de lectura\" \/>\n\t<meta name=\"twitter:data2\" content=\"1 minuto\" \/>\n<script type=\"application\/ld+json\" class=\"yoast-schema-graph\">{\"@context\":\"https:\/\/schema.org\",\"@graph\":[{\"@type\":\"Article\",\"@id\":\"https:\/\/www.creaerte.com\/live\/el-paseo-del-coche-cerebro\/#article\",\"isPartOf\":{\"@id\":\"https:\/\/www.creaerte.com\/live\/el-paseo-del-coche-cerebro\/\"},\"author\":{\"name\":\"admin\",\"@id\":\"https:\/\/www.creaerte.com\/live\/#\/schema\/person\/acc9e93c6216bce2d569b1f0a99607f6\"},\"headline\":\"El paseo del Coche-Cerebro\",\"datePublished\":\"2011-08-22T07:20:04+00:00\",\"dateModified\":\"2013-07-04T07:59:47+00:00\",\"mainEntityOfPage\":{\"@id\":\"https:\/\/www.creaerte.com\/live\/el-paseo-del-coche-cerebro\/\"},\"wordCount\":130,\"commentCount\":0,\"image\":{\"@id\":\"https:\/\/www.creaerte.com\/live\/el-paseo-del-coche-cerebro\/#primaryimage\"},\"thumbnailUrl\":\"http:\/\/creaerte.com\/live\/wp-content\/uploads\/2011\/08\/braincar01.jpg\",\"keywords\":[\"arte\",\"escultura\",\"inspiraci\u00f3n\"],\"articleSection\":[\"Noticias\"],\"inLanguage\":\"es\",\"potentialAction\":[{\"@type\":\"CommentAction\",\"name\":\"Comment\",\"target\":[\"https:\/\/www.creaerte.com\/live\/el-paseo-del-coche-cerebro\/#respond\"]}]},{\"@type\":\"WebPage\",\"@id\":\"https:\/\/www.creaerte.com\/live\/el-paseo-del-coche-cerebro\/\",\"url\":\"https:\/\/www.creaerte.com\/live\/el-paseo-del-coche-cerebro\/\",\"name\":\"El paseo del Coche-Cerebro - creaerte.com\",\"isPartOf\":{\"@id\":\"https:\/\/www.creaerte.com\/live\/#website\"},\"primaryImageOfPage\":{\"@id\":\"https:\/\/www.creaerte.com\/live\/el-paseo-del-coche-cerebro\/#primaryimage\"},\"image\":{\"@id\":\"https:\/\/www.creaerte.com\/live\/el-paseo-del-coche-cerebro\/#primaryimage\"},\"thumbnailUrl\":\"http:\/\/creaerte.com\/live\/wp-content\/uploads\/2011\/08\/braincar01.jpg\",\"datePublished\":\"2011-08-22T07:20:04+00:00\",\"dateModified\":\"2013-07-04T07:59:47+00:00\",\"author\":{\"@id\":\"https:\/\/www.creaerte.com\/live\/#\/schema\/person\/acc9e93c6216bce2d569b1f0a99607f6\"},\"inLanguage\":\"es\",\"potentialAction\":[{\"@type\":\"ReadAction\",\"target\":[\"https:\/\/www.creaerte.com\/live\/el-paseo-del-coche-cerebro\/\"]}]},{\"@type\":\"ImageObject\",\"inLanguage\":\"es\",\"@id\":\"https:\/\/www.creaerte.com\/live\/el-paseo-del-coche-cerebro\/#primaryimage\",\"url\":\"http:\/\/creaerte.com\/live\/wp-content\/uploads\/2011\/08\/braincar01.jpg\",\"contentUrl\":\"http:\/\/creaerte.com\/live\/wp-content\/uploads\/2011\/08\/braincar01.jpg\"},{\"@type\":\"WebSite\",\"@id\":\"https:\/\/www.creaerte.com\/live\/#website\",\"url\":\"https:\/\/www.creaerte.com\/live\/\",\"name\":\"creaerte.com\",\"description\":\"Agencia de publicidad, comunicaci\u00f3n y marketing en C\u00e1ceres \u2022 Extremadura\",\"potentialAction\":[{\"@type\":\"SearchAction\",\"target\":{\"@type\":\"EntryPoint\",\"urlTemplate\":\"https:\/\/www.creaerte.com\/live\/?s={search_term_string}\"},\"query-input\":{\"@type\":\"PropertyValueSpecification\",\"valueRequired\":true,\"valueName\":\"search_term_string\"}}],\"inLanguage\":\"es\"},{\"@type\":\"Person\",\"@id\":\"https:\/\/www.creaerte.com\/live\/#\/schema\/person\/acc9e93c6216bce2d569b1f0a99607f6\",\"name\":\"admin\",\"image\":{\"@type\":\"ImageObject\",\"inLanguage\":\"es\",\"@id\":\"https:\/\/www.creaerte.com\/live\/#\/schema\/person\/image\/\",\"url\":\"https:\/\/secure.gravatar.com\/avatar\/736f9ff6dd176e443e4c9cf884b23352631c533b611f216dbc09fc84cda6e67c?s=96&d=mm&r=g\",\"contentUrl\":\"https:\/\/secure.gravatar.com\/avatar\/736f9ff6dd176e443e4c9cf884b23352631c533b611f216dbc09fc84cda6e67c?s=96&d=mm&r=g\",\"caption\":\"admin\"},\"url\":\"https:\/\/www.creaerte.com\/live\/author\/admin\/\"}]}<\/script>\n<!-- \/ Yoast SEO plugin. -->","yoast_head_json":{"title":"El paseo del Coche-Cerebro - creaerte.com","robots":{"index":"index","follow":"follow","max-snippet":"max-snippet:-1","max-image-preview":"max-image-preview:large","max-video-preview":"max-video-preview:-1"},"canonical":"https:\/\/www.creaerte.com\/live\/el-paseo-del-coche-cerebro\/","og_locale":"es_ES","og_type":"article","og_title":"El paseo del Coche-Cerebro - creaerte.com","og_description":"Para que todos lo entendamos, &#8216;Braincar&#8217; se traduce como &#8216;Coche-Cerebro&#8217; (aunque queda bien claro en la imagen), se trata de una escultura m\u00f3vil del arista Olaf Moolj de Rotterdam, un tipo que se dedica a modificar veh\u00edculos de motor para representar la conexi\u00f3n entre el conductor y su coche. En concreto, con el &#8216;Braincar&#8217;, el arista se pregunta qu\u00e9 pensar\u00eda...","og_url":"https:\/\/www.creaerte.com\/live\/el-paseo-del-coche-cerebro\/","og_site_name":"creaerte.com","article_publisher":"https:\/\/www.facebook.com\/creaerte","article_published_time":"2011-08-22T07:20:04+00:00","article_modified_time":"2013-07-04T07:59:47+00:00","og_image":[{"width":818,"height":529,"url":"https:\/\/www.creaerte.com\/live\/wp-content\/uploads\/2011\/08\/braincar01.jpg","type":"image\/jpeg"}],"author":"admin","twitter_card":"summary_large_image","twitter_creator":"@Creaerte","twitter_site":"@Creaerte","twitter_misc":{"Escrito por":"admin","Tiempo de lectura":"1 minuto"},"schema":{"@context":"https:\/\/schema.org","@graph":[{"@type":"Article","@id":"https:\/\/www.creaerte.com\/live\/el-paseo-del-coche-cerebro\/#article","isPartOf":{"@id":"https:\/\/www.creaerte.com\/live\/el-paseo-del-coche-cerebro\/"},"author":{"name":"admin","@id":"https:\/\/www.creaerte.com\/live\/#\/schema\/person\/acc9e93c6216bce2d569b1f0a99607f6"},"headline":"El paseo del Coche-Cerebro","datePublished":"2011-08-22T07:20:04+00:00","dateModified":"2013-07-04T07:59:47+00:00","mainEntityOfPage":{"@id":"https:\/\/www.creaerte.com\/live\/el-paseo-del-coche-cerebro\/"},"wordCount":130,"commentCount":0,"image":{"@id":"https:\/\/www.creaerte.com\/live\/el-paseo-del-coche-cerebro\/#primaryimage"},"thumbnailUrl":"http:\/\/creaerte.com\/live\/wp-content\/uploads\/2011\/08\/braincar01.jpg","keywords":["arte","escultura","inspiraci\u00f3n"],"articleSection":["Noticias"],"inLanguage":"es","potentialAction":[{"@type":"CommentAction","name":"Comment","target":["https:\/\/www.creaerte.com\/live\/el-paseo-del-coche-cerebro\/#respond"]}]},{"@type":"WebPage","@id":"https:\/\/www.creaerte.com\/live\/el-paseo-del-coche-cerebro\/","url":"https:\/\/www.creaerte.com\/live\/el-paseo-del-coche-cerebro\/","name":"El paseo del Coche-Cerebro - creaerte.com","isPartOf":{"@id":"https:\/\/www.creaerte.com\/live\/#website"},"primaryImageOfPage":{"@id":"https:\/\/www.creaerte.com\/live\/el-paseo-del-coche-cerebro\/#primaryimage"},"image":{"@id":"https:\/\/www.creaerte.com\/live\/el-paseo-del-coche-cerebro\/#primaryimage"},"thumbnailUrl":"http:\/\/creaerte.com\/live\/wp-content\/uploads\/2011\/08\/braincar01.jpg","datePublished":"2011-08-22T07:20:04+00:00","dateModified":"2013-07-04T07:59:47+00:00","author":{"@id":"https:\/\/www.creaerte.com\/live\/#\/schema\/person\/acc9e93c6216bce2d569b1f0a99607f6"},"inLanguage":"es","potentialAction":[{"@type":"ReadAction","target":["https:\/\/www.creaerte.com\/live\/el-paseo-del-coche-cerebro\/"]}]},{"@type":"ImageObject","inLanguage":"es","@id":"https:\/\/www.creaerte.com\/live\/el-paseo-del-coche-cerebro\/#primaryimage","url":"http:\/\/creaerte.com\/live\/wp-content\/uploads\/2011\/08\/braincar01.jpg","contentUrl":"http:\/\/creaerte.com\/live\/wp-content\/uploads\/2011\/08\/braincar01.jpg"},{"@type":"WebSite","@id":"https:\/\/www.creaerte.com\/live\/#website","url":"https:\/\/www.creaerte.com\/live\/","name":"creaerte.com","description":"Agencia de publicidad, comunicaci\u00f3n y marketing en C\u00e1ceres \u2022 Extremadura","potentialAction":[{"@type":"SearchAction","target":{"@type":"EntryPoint","urlTemplate":"https:\/\/www.creaerte.com\/live\/?s={search_term_string}"},"query-input":{"@type":"PropertyValueSpecification","valueRequired":true,"valueName":"search_term_string"}}],"inLanguage":"es"},{"@type":"Person","@id":"https:\/\/www.creaerte.com\/live\/#\/schema\/person\/acc9e93c6216bce2d569b1f0a99607f6","name":"admin","image":{"@type":"ImageObject","inLanguage":"es","@id":"https:\/\/www.creaerte.com\/live\/#\/schema\/person\/image\/","url":"https:\/\/secure.gravatar.com\/avatar\/736f9ff6dd176e443e4c9cf884b23352631c533b611f216dbc09fc84cda6e67c?s=96&d=mm&r=g","contentUrl":"https:\/\/secure.gravatar.com\/avatar\/736f9ff6dd176e443e4c9cf884b23352631c533b611f216dbc09fc84cda6e67c?s=96&d=mm&r=g","caption":"admin"},"url":"https:\/\/www.creaerte.com\/live\/author\/admin\/"}]}},"_links":{"self":[{"href":"https:\/\/www.creaerte.com\/live\/wp-json\/wp\/v2\/posts\/3812","targetHints":{"allow":["GET"]}}],"collection":[{"href":"https:\/\/www.creaerte.com\/live\/wp-json\/wp\/v2\/posts"}],"about":[{"href":"https:\/\/www.creaerte.com\/live\/wp-json\/wp\/v2\/types\/post"}],"author":[{"embeddable":true,"href":"https:\/\/www.creaerte.com\/live\/wp-json\/wp\/v2\/users\/1"}],"replies":[{"embeddable":true,"href":"https:\/\/www.creaerte.com\/live\/wp-json\/wp\/v2\/comments?post=3812"}],"version-history":[{"count":0,"href":"https:\/\/www.creaerte.com\/live\/wp-json\/wp\/v2\/posts\/3812\/revisions"}],"wp:attachment":[{"href":"https:\/\/www.creaerte.com\/live\/wp-json\/wp\/v2\/media?parent=3812"}],"wp:term":[{"taxonomy":"category","embeddable":true,"href":"https:\/\/www.creaerte.com\/live\/wp-json\/wp\/v2\/categories?post=3812"},{"taxonomy":"post_tag","embeddable":true,"href":"https:\/\/www.creaerte.com\/live\/wp-json\/wp\/v2\/tags?post=3812"}],"curies":[{"name":"wp","href":"https:\/\/api.w.org\/{rel}","templated":true}]}}