{"id":3828,"date":"2011-08-22T09:45:27","date_gmt":"2011-08-22T08:45:27","guid":{"rendered":"http:\/\/creaerte.com\/live\/?p=3828"},"modified":"2012-10-23T15:55:27","modified_gmt":"2012-10-23T14:55:27","slug":"publicidad-en-rio","status":"publish","type":"post","link":"https:\/\/www.creaerte.com\/live\/publicidad-en-rio\/","title":{"rendered":"Publicidad en R\u00edo"},"content":{"rendered":"<p>Despu\u00e9s de pasar por Madrid hasta el Papa necesita vacaciones, y su pr\u00f3ximo encuentro con la juventud se celebrar\u00e1 en R\u00edo de Janerio, una ciudad que est\u00e1 de moda internacionalmente hablando, porque tambi\u00e9n acoger\u00e1 los Juegos Ol\u00edmpicos, aunque para eso tendremos que esperar hasta 2016.<\/p>\n<p>Para abrir boca traemos algunas im\u00e1genes y anuncios que tiene como centro y argumento a la ex\u00f3tica R\u00edo, empezando por la pel\u00edcula de 20th Century Fox, y tambi\u00e9n divertidas propuestas publicitarias desarrolladas dentro de la ciudad.<\/p>\n<p><a href=\"http:\/\/creaerte.com\/live\/wp-content\/uploads\/2011\/08\/heineken-rio-de-janeiro-small-82953.jpg\"><img fetchpriority=\"high\" decoding=\"async\" class=\"aligncenter size-full wp-image-3838\" title=\"heineken-rio-de-janeiro\" src=\"http:\/\/creaerte.com\/live\/wp-content\/uploads\/2011\/08\/heineken-rio-de-janeiro-small-82953.jpg\" alt=\"heineken-rio-de-janeiro\" width=\"600\" height=\"409\" srcset=\"https:\/\/www.creaerte.com\/live\/wp-content\/uploads\/2011\/08\/heineken-rio-de-janeiro-small-82953.jpg 600w, https:\/\/www.creaerte.com\/live\/wp-content\/uploads\/2011\/08\/heineken-rio-de-janeiro-small-82953-384x262.jpg 384w\" sizes=\"(max-width: 600px) 100vw, 600px\" \/><\/a><\/p>\n<p><a href=\"http:\/\/creaerte.com\/live\/wp-content\/uploads\/2011\/08\/fedexstatue2.jpg\"><img decoding=\"async\" class=\"aligncenter size-full wp-image-3830\" title=\"fedex-riode janerio-estatua libertad\" src=\"http:\/\/creaerte.com\/live\/wp-content\/uploads\/2011\/08\/fedexstatue2.jpg\" alt=\"fedex-riode janerio-estatua libertad\" width=\"600\" srcset=\"https:\/\/www.creaerte.com\/live\/wp-content\/uploads\/2011\/08\/fedexstatue2.jpg 640w, https:\/\/www.creaerte.com\/live\/wp-content\/uploads\/2011\/08\/fedexstatue2-384x271.jpg 384w\" sizes=\"(max-width: 640px) 100vw, 640px\" \/><\/a><\/p>\n<p><a href=\"http:\/\/creaerte.com\/live\/wp-content\/uploads\/2011\/08\/fichero_6087_20110531.jpg\"><img decoding=\"async\" class=\"aligncenter size-full wp-image-3837\" title=\"Volando a Rio de Janerio\" src=\"http:\/\/creaerte.com\/live\/wp-content\/uploads\/2011\/08\/fichero_6087_20110531.jpg\" alt=\"Volando a Rio de Janerio\" width=\"600\" \/><\/a><\/p>\n<p><a href=\"http:\/\/creaerte.com\/live\/wp-content\/uploads\/2011\/08\/rio-3d-poster.jpg\"><img decoding=\"async\" class=\"aligncenter size-full wp-image-3833\" title=\"rio-3d-poster\" src=\"http:\/\/creaerte.com\/live\/wp-content\/uploads\/2011\/08\/rio-3d-poster.jpg\" alt=\"rio-3d-poster\" width=\"345\" height=\"500\" srcset=\"https:\/\/www.creaerte.com\/live\/wp-content\/uploads\/2011\/08\/rio-3d-poster.jpg 345w, https:\/\/www.creaerte.com\/live\/wp-content\/uploads\/2011\/08\/rio-3d-poster-265x384.jpg 265w\" sizes=\"(max-width: 345px) 100vw, 345px\" \/><\/a><\/p>\n","protected":false},"excerpt":{"rendered":"<p>Despu\u00e9s de pasar por Madrid hasta el Papa necesita vacaciones, y su pr\u00f3ximo encuentro con la juventud se celebrar\u00e1 en R\u00edo de Janerio, una ciudad que est\u00e1 de moda internacionalmente hablando, porque tambi\u00e9n acoger\u00e1 los Juegos Ol\u00edmpicos, aunque para eso tendremos que esperar hasta 2016. Para abrir boca traemos algunas im\u00e1genes y anuncios que tiene como centro y argumento a&#8230;<\/p>\n","protected":false},"author":1,"featured_media":0,"comment_status":"open","ping_status":"open","sticky":false,"template":"","format":"standard","meta":{"footnotes":""},"categories":[10],"tags":[6,156],"class_list":["post-3828","post","type-post","status-publish","format-standard","hentry","category-noticias","tag-publicidad","tag-rio-de-janeiro","has_thumb"],"yoast_head":"<!-- This site is optimized with the Yoast SEO plugin v26.9 - https:\/\/yoast.com\/product\/yoast-seo-wordpress\/ -->\n<title>Publicidad en R\u00edo - creaerte.com<\/title>\n<meta name=\"robots\" content=\"index, follow, max-snippet:-1, max-image-preview:large, max-video-preview:-1\" \/>\n<link rel=\"canonical\" href=\"https:\/\/www.creaerte.com\/live\/publicidad-en-rio\/\" \/>\n<meta property=\"og:locale\" content=\"es_ES\" \/>\n<meta property=\"og:type\" content=\"article\" \/>\n<meta property=\"og:title\" content=\"Publicidad en R\u00edo - creaerte.com\" \/>\n<meta property=\"og:description\" content=\"Despu\u00e9s de pasar por Madrid hasta el Papa necesita vacaciones, y su pr\u00f3ximo encuentro con la juventud se celebrar\u00e1 en R\u00edo de Janerio, una ciudad que est\u00e1 de moda internacionalmente hablando, porque tambi\u00e9n acoger\u00e1 los Juegos Ol\u00edmpicos, aunque para eso tendremos que esperar hasta 2016. Para abrir boca traemos algunas im\u00e1genes y anuncios que tiene como centro y argumento a...\" \/>\n<meta property=\"og:url\" content=\"https:\/\/www.creaerte.com\/live\/publicidad-en-rio\/\" \/>\n<meta property=\"og:site_name\" content=\"creaerte.com\" \/>\n<meta property=\"article:publisher\" content=\"https:\/\/www.facebook.com\/creaerte\" \/>\n<meta property=\"article:published_time\" content=\"2011-08-22T08:45:27+00:00\" \/>\n<meta property=\"article:modified_time\" content=\"2012-10-23T14:55:27+00:00\" \/>\n<meta property=\"og:image\" content=\"https:\/\/www.creaerte.com\/live\/wp-content\/uploads\/2011\/08\/heineken-rio-de-janeiro-small-82953.jpg\" \/>\n\t<meta property=\"og:image:width\" content=\"600\" \/>\n\t<meta property=\"og:image:height\" content=\"409\" \/>\n\t<meta property=\"og:image:type\" content=\"image\/jpeg\" \/>\n<meta name=\"author\" content=\"admin\" \/>\n<meta name=\"twitter:card\" content=\"summary_large_image\" \/>\n<meta name=\"twitter:creator\" content=\"@Creaerte\" \/>\n<meta name=\"twitter:site\" content=\"@Creaerte\" \/>\n<meta name=\"twitter:label1\" content=\"Escrito por\" \/>\n\t<meta name=\"twitter:data1\" content=\"admin\" \/>\n<script type=\"application\/ld+json\" class=\"yoast-schema-graph\">{\"@context\":\"https:\/\/schema.org\",\"@graph\":[{\"@type\":\"Article\",\"@id\":\"https:\/\/www.creaerte.com\/live\/publicidad-en-rio\/#article\",\"isPartOf\":{\"@id\":\"https:\/\/www.creaerte.com\/live\/publicidad-en-rio\/\"},\"author\":{\"name\":\"admin\",\"@id\":\"https:\/\/www.creaerte.com\/live\/#\/schema\/person\/acc9e93c6216bce2d569b1f0a99607f6\"},\"headline\":\"Publicidad en R\u00edo\",\"datePublished\":\"2011-08-22T08:45:27+00:00\",\"dateModified\":\"2012-10-23T14:55:27+00:00\",\"mainEntityOfPage\":{\"@id\":\"https:\/\/www.creaerte.com\/live\/publicidad-en-rio\/\"},\"wordCount\":94,\"commentCount\":0,\"image\":{\"@id\":\"https:\/\/www.creaerte.com\/live\/publicidad-en-rio\/#primaryimage\"},\"thumbnailUrl\":\"http:\/\/creaerte.com\/live\/wp-content\/uploads\/2011\/08\/heineken-rio-de-janeiro-small-82953.jpg\",\"keywords\":[\"publicidad\",\"Rio de Janeiro\"],\"articleSection\":[\"Noticias\"],\"inLanguage\":\"es\",\"potentialAction\":[{\"@type\":\"CommentAction\",\"name\":\"Comment\",\"target\":[\"https:\/\/www.creaerte.com\/live\/publicidad-en-rio\/#respond\"]}]},{\"@type\":\"WebPage\",\"@id\":\"https:\/\/www.creaerte.com\/live\/publicidad-en-rio\/\",\"url\":\"https:\/\/www.creaerte.com\/live\/publicidad-en-rio\/\",\"name\":\"Publicidad en R\u00edo - creaerte.com\",\"isPartOf\":{\"@id\":\"https:\/\/www.creaerte.com\/live\/#website\"},\"primaryImageOfPage\":{\"@id\":\"https:\/\/www.creaerte.com\/live\/publicidad-en-rio\/#primaryimage\"},\"image\":{\"@id\":\"https:\/\/www.creaerte.com\/live\/publicidad-en-rio\/#primaryimage\"},\"thumbnailUrl\":\"http:\/\/creaerte.com\/live\/wp-content\/uploads\/2011\/08\/heineken-rio-de-janeiro-small-82953.jpg\",\"datePublished\":\"2011-08-22T08:45:27+00:00\",\"dateModified\":\"2012-10-23T14:55:27+00:00\",\"author\":{\"@id\":\"https:\/\/www.creaerte.com\/live\/#\/schema\/person\/acc9e93c6216bce2d569b1f0a99607f6\"},\"inLanguage\":\"es\",\"potentialAction\":[{\"@type\":\"ReadAction\",\"target\":[\"https:\/\/www.creaerte.com\/live\/publicidad-en-rio\/\"]}]},{\"@type\":\"ImageObject\",\"inLanguage\":\"es\",\"@id\":\"https:\/\/www.creaerte.com\/live\/publicidad-en-rio\/#primaryimage\",\"url\":\"http:\/\/creaerte.com\/live\/wp-content\/uploads\/2011\/08\/heineken-rio-de-janeiro-small-82953.jpg\",\"contentUrl\":\"http:\/\/creaerte.com\/live\/wp-content\/uploads\/2011\/08\/heineken-rio-de-janeiro-small-82953.jpg\"},{\"@type\":\"WebSite\",\"@id\":\"https:\/\/www.creaerte.com\/live\/#website\",\"url\":\"https:\/\/www.creaerte.com\/live\/\",\"name\":\"creaerte.com\",\"description\":\"Agencia de publicidad, comunicaci\u00f3n y marketing en C\u00e1ceres \u2022 Extremadura\",\"potentialAction\":[{\"@type\":\"SearchAction\",\"target\":{\"@type\":\"EntryPoint\",\"urlTemplate\":\"https:\/\/www.creaerte.com\/live\/?s={search_term_string}\"},\"query-input\":{\"@type\":\"PropertyValueSpecification\",\"valueRequired\":true,\"valueName\":\"search_term_string\"}}],\"inLanguage\":\"es\"},{\"@type\":\"Person\",\"@id\":\"https:\/\/www.creaerte.com\/live\/#\/schema\/person\/acc9e93c6216bce2d569b1f0a99607f6\",\"name\":\"admin\",\"image\":{\"@type\":\"ImageObject\",\"inLanguage\":\"es\",\"@id\":\"https:\/\/www.creaerte.com\/live\/#\/schema\/person\/image\/\",\"url\":\"https:\/\/secure.gravatar.com\/avatar\/736f9ff6dd176e443e4c9cf884b23352631c533b611f216dbc09fc84cda6e67c?s=96&d=mm&r=g\",\"contentUrl\":\"https:\/\/secure.gravatar.com\/avatar\/736f9ff6dd176e443e4c9cf884b23352631c533b611f216dbc09fc84cda6e67c?s=96&d=mm&r=g\",\"caption\":\"admin\"},\"url\":\"https:\/\/www.creaerte.com\/live\/author\/admin\/\"}]}<\/script>\n<!-- \/ Yoast SEO plugin. -->","yoast_head_json":{"title":"Publicidad en R\u00edo - creaerte.com","robots":{"index":"index","follow":"follow","max-snippet":"max-snippet:-1","max-image-preview":"max-image-preview:large","max-video-preview":"max-video-preview:-1"},"canonical":"https:\/\/www.creaerte.com\/live\/publicidad-en-rio\/","og_locale":"es_ES","og_type":"article","og_title":"Publicidad en R\u00edo - creaerte.com","og_description":"Despu\u00e9s de pasar por Madrid hasta el Papa necesita vacaciones, y su pr\u00f3ximo encuentro con la juventud se celebrar\u00e1 en R\u00edo de Janerio, una ciudad que est\u00e1 de moda internacionalmente hablando, porque tambi\u00e9n acoger\u00e1 los Juegos Ol\u00edmpicos, aunque para eso tendremos que esperar hasta 2016. Para abrir boca traemos algunas im\u00e1genes y anuncios que tiene como centro y argumento a...","og_url":"https:\/\/www.creaerte.com\/live\/publicidad-en-rio\/","og_site_name":"creaerte.com","article_publisher":"https:\/\/www.facebook.com\/creaerte","article_published_time":"2011-08-22T08:45:27+00:00","article_modified_time":"2012-10-23T14:55:27+00:00","og_image":[{"width":600,"height":409,"url":"https:\/\/www.creaerte.com\/live\/wp-content\/uploads\/2011\/08\/heineken-rio-de-janeiro-small-82953.jpg","type":"image\/jpeg"}],"author":"admin","twitter_card":"summary_large_image","twitter_creator":"@Creaerte","twitter_site":"@Creaerte","twitter_misc":{"Escrito por":"admin"},"schema":{"@context":"https:\/\/schema.org","@graph":[{"@type":"Article","@id":"https:\/\/www.creaerte.com\/live\/publicidad-en-rio\/#article","isPartOf":{"@id":"https:\/\/www.creaerte.com\/live\/publicidad-en-rio\/"},"author":{"name":"admin","@id":"https:\/\/www.creaerte.com\/live\/#\/schema\/person\/acc9e93c6216bce2d569b1f0a99607f6"},"headline":"Publicidad en R\u00edo","datePublished":"2011-08-22T08:45:27+00:00","dateModified":"2012-10-23T14:55:27+00:00","mainEntityOfPage":{"@id":"https:\/\/www.creaerte.com\/live\/publicidad-en-rio\/"},"wordCount":94,"commentCount":0,"image":{"@id":"https:\/\/www.creaerte.com\/live\/publicidad-en-rio\/#primaryimage"},"thumbnailUrl":"http:\/\/creaerte.com\/live\/wp-content\/uploads\/2011\/08\/heineken-rio-de-janeiro-small-82953.jpg","keywords":["publicidad","Rio de Janeiro"],"articleSection":["Noticias"],"inLanguage":"es","potentialAction":[{"@type":"CommentAction","name":"Comment","target":["https:\/\/www.creaerte.com\/live\/publicidad-en-rio\/#respond"]}]},{"@type":"WebPage","@id":"https:\/\/www.creaerte.com\/live\/publicidad-en-rio\/","url":"https:\/\/www.creaerte.com\/live\/publicidad-en-rio\/","name":"Publicidad en R\u00edo - creaerte.com","isPartOf":{"@id":"https:\/\/www.creaerte.com\/live\/#website"},"primaryImageOfPage":{"@id":"https:\/\/www.creaerte.com\/live\/publicidad-en-rio\/#primaryimage"},"image":{"@id":"https:\/\/www.creaerte.com\/live\/publicidad-en-rio\/#primaryimage"},"thumbnailUrl":"http:\/\/creaerte.com\/live\/wp-content\/uploads\/2011\/08\/heineken-rio-de-janeiro-small-82953.jpg","datePublished":"2011-08-22T08:45:27+00:00","dateModified":"2012-10-23T14:55:27+00:00","author":{"@id":"https:\/\/www.creaerte.com\/live\/#\/schema\/person\/acc9e93c6216bce2d569b1f0a99607f6"},"inLanguage":"es","potentialAction":[{"@type":"ReadAction","target":["https:\/\/www.creaerte.com\/live\/publicidad-en-rio\/"]}]},{"@type":"ImageObject","inLanguage":"es","@id":"https:\/\/www.creaerte.com\/live\/publicidad-en-rio\/#primaryimage","url":"http:\/\/creaerte.com\/live\/wp-content\/uploads\/2011\/08\/heineken-rio-de-janeiro-small-82953.jpg","contentUrl":"http:\/\/creaerte.com\/live\/wp-content\/uploads\/2011\/08\/heineken-rio-de-janeiro-small-82953.jpg"},{"@type":"WebSite","@id":"https:\/\/www.creaerte.com\/live\/#website","url":"https:\/\/www.creaerte.com\/live\/","name":"creaerte.com","description":"Agencia de publicidad, comunicaci\u00f3n y marketing en C\u00e1ceres \u2022 Extremadura","potentialAction":[{"@type":"SearchAction","target":{"@type":"EntryPoint","urlTemplate":"https:\/\/www.creaerte.com\/live\/?s={search_term_string}"},"query-input":{"@type":"PropertyValueSpecification","valueRequired":true,"valueName":"search_term_string"}}],"inLanguage":"es"},{"@type":"Person","@id":"https:\/\/www.creaerte.com\/live\/#\/schema\/person\/acc9e93c6216bce2d569b1f0a99607f6","name":"admin","image":{"@type":"ImageObject","inLanguage":"es","@id":"https:\/\/www.creaerte.com\/live\/#\/schema\/person\/image\/","url":"https:\/\/secure.gravatar.com\/avatar\/736f9ff6dd176e443e4c9cf884b23352631c533b611f216dbc09fc84cda6e67c?s=96&d=mm&r=g","contentUrl":"https:\/\/secure.gravatar.com\/avatar\/736f9ff6dd176e443e4c9cf884b23352631c533b611f216dbc09fc84cda6e67c?s=96&d=mm&r=g","caption":"admin"},"url":"https:\/\/www.creaerte.com\/live\/author\/admin\/"}]}},"_links":{"self":[{"href":"https:\/\/www.creaerte.com\/live\/wp-json\/wp\/v2\/posts\/3828","targetHints":{"allow":["GET"]}}],"collection":[{"href":"https:\/\/www.creaerte.com\/live\/wp-json\/wp\/v2\/posts"}],"about":[{"href":"https:\/\/www.creaerte.com\/live\/wp-json\/wp\/v2\/types\/post"}],"author":[{"embeddable":true,"href":"https:\/\/www.creaerte.com\/live\/wp-json\/wp\/v2\/users\/1"}],"replies":[{"embeddable":true,"href":"https:\/\/www.creaerte.com\/live\/wp-json\/wp\/v2\/comments?post=3828"}],"version-history":[{"count":0,"href":"https:\/\/www.creaerte.com\/live\/wp-json\/wp\/v2\/posts\/3828\/revisions"}],"wp:attachment":[{"href":"https:\/\/www.creaerte.com\/live\/wp-json\/wp\/v2\/media?parent=3828"}],"wp:term":[{"taxonomy":"category","embeddable":true,"href":"https:\/\/www.creaerte.com\/live\/wp-json\/wp\/v2\/categories?post=3828"},{"taxonomy":"post_tag","embeddable":true,"href":"https:\/\/www.creaerte.com\/live\/wp-json\/wp\/v2\/tags?post=3828"}],"curies":[{"name":"wp","href":"https:\/\/api.w.org\/{rel}","templated":true}]}}