{"id":4002,"date":"2011-08-29T08:26:14","date_gmt":"2011-08-29T07:26:14","guid":{"rendered":"http:\/\/creaerte.com\/live\/?p=4002"},"modified":"2011-08-29T08:28:44","modified_gmt":"2011-08-29T07:28:44","slug":"la-punta-del-lapiz","status":"publish","type":"post","link":"https:\/\/www.creaerte.com\/live\/la-punta-del-lapiz\/","title":{"rendered":"Dalton Ghetti saca punta al l\u00e1piz"},"content":{"rendered":"<p>La mayor\u00eda de los artistas utilizan el l\u00e1piz, pero para dibujar, s\u00f3lo Dalton Ghetti ha encontrado una nueva utilidad, esculpe diminutas esculturas en la punta de la mina.<\/p>\n<p>Este micro-escultor dedica entre 2 y 3 a\u00f1os a la creaci\u00f3n de cada una de sus piezas, y ya lleva cerca de 25 a\u00f1os realizando sus peque\u00f1as obras maestras, hechas totalmente a mano, con tan s\u00f3lo una cuchilla de afeitar, una aguja de coser y un cuchillo de escultura; adem\u00e1s en todo ese tiempo no ha dejado de trabajar como carpintero.<\/p>\n<p>Un Elvis, todo el abecedario y simp\u00e1ticas botas son algunas de sus esculturas, descubre m\u00e1s sobre <a href=\"http:\/\/www.facebook.com\/pages\/Dalton-Ghetti\/149831331698349?sk=info\" target=\"_blank\">Dalton Ghetti aqu\u00ed<\/a>.<\/p>\n<p><a href=\"http:\/\/creaerte.com\/live\/wp-content\/uploads\/2011\/08\/lapiz2.jpg\"><img fetchpriority=\"high\" decoding=\"async\" class=\"aligncenter size-full wp-image-4006\" title=\"lapiz2\" src=\"http:\/\/creaerte.com\/live\/wp-content\/uploads\/2011\/08\/lapiz2.jpg\" alt=\"lapiz2\" width=\"520\" height=\"466\" srcset=\"https:\/\/www.creaerte.com\/live\/wp-content\/uploads\/2011\/08\/lapiz2.jpg 520w, https:\/\/www.creaerte.com\/live\/wp-content\/uploads\/2011\/08\/lapiz2-384x344.jpg 384w\" sizes=\"(max-width: 520px) 100vw, 520px\" \/><\/a><\/p>\n<p><a href=\"http:\/\/creaerte.com\/live\/wp-content\/uploads\/2011\/08\/lapiz5.jpg\"><img decoding=\"async\" class=\"aligncenter size-full wp-image-4009\" title=\"lapiz5\" src=\"http:\/\/creaerte.com\/live\/wp-content\/uploads\/2011\/08\/lapiz5.jpg\" alt=\"lapiz5\" width=\"520\" height=\"413\" srcset=\"https:\/\/www.creaerte.com\/live\/wp-content\/uploads\/2011\/08\/lapiz5.jpg 520w, https:\/\/www.creaerte.com\/live\/wp-content\/uploads\/2011\/08\/lapiz5-384x305.jpg 384w\" sizes=\"(max-width: 520px) 100vw, 520px\" \/><\/a><\/p>\n<p><a href=\"http:\/\/creaerte.com\/live\/wp-content\/uploads\/2011\/08\/lapiz6.jpg\"><img decoding=\"async\" class=\"aligncenter size-full wp-image-4010\" title=\"lapiz6\" src=\"http:\/\/creaerte.com\/live\/wp-content\/uploads\/2011\/08\/lapiz6.jpg\" alt=\"lapiz6\" width=\"520\" height=\"325\" srcset=\"https:\/\/www.creaerte.com\/live\/wp-content\/uploads\/2011\/08\/lapiz6.jpg 520w, https:\/\/www.creaerte.com\/live\/wp-content\/uploads\/2011\/08\/lapiz6-384x240.jpg 384w\" sizes=\"(max-width: 520px) 100vw, 520px\" \/><\/a><\/p>\n<p><a href=\"http:\/\/creaerte.com\/live\/wp-content\/uploads\/2011\/08\/lapiz4.jpg\"><img loading=\"lazy\" decoding=\"async\" class=\"aligncenter size-full wp-image-4008\" title=\"lapiz4\" src=\"http:\/\/creaerte.com\/live\/wp-content\/uploads\/2011\/08\/lapiz4.jpg\" alt=\"lapiz4\" width=\"520\" height=\"364\" srcset=\"https:\/\/www.creaerte.com\/live\/wp-content\/uploads\/2011\/08\/lapiz4.jpg 520w, https:\/\/www.creaerte.com\/live\/wp-content\/uploads\/2011\/08\/lapiz4-384x269.jpg 384w\" sizes=\"(max-width: 520px) 100vw, 520px\" \/><\/a><\/p>\n<p><a href=\"http:\/\/creaerte.com\/live\/wp-content\/uploads\/2011\/08\/lapiz-encadenado.jpg\"><img decoding=\"async\" class=\"aligncenter size-full wp-image-4005\" title=\"lapiz-encadenado\" src=\"http:\/\/creaerte.com\/live\/wp-content\/uploads\/2011\/08\/lapiz-encadenado.jpg\" alt=\"lapiz-encadenado\" \/><\/a><\/p>\n<p><a href=\"http:\/\/creaerte.com\/live\/wp-content\/uploads\/2011\/08\/lapiz-1.jpg\"><img decoding=\"async\" class=\"aligncenter size-full wp-image-4004\" title=\"lapiz-1\" src=\"http:\/\/creaerte.com\/live\/wp-content\/uploads\/2011\/08\/lapiz-1.jpg\" alt=\"lapiz-1\" \/><\/a><\/p>\n","protected":false},"excerpt":{"rendered":"<p>La mayor\u00eda de los artistas utilizan el l\u00e1piz, pero para dibujar, s\u00f3lo Dalton Ghetti ha encontrado una nueva utilidad, esculpe diminutas esculturas en la punta de la mina. Este micro-escultor dedica entre 2 y 3 a\u00f1os a la creaci\u00f3n de cada una de sus piezas, y ya lleva cerca de 25 a\u00f1os realizando sus peque\u00f1as obras maestras, hechas totalmente a&#8230;<\/p>\n","protected":false},"author":1,"featured_media":0,"comment_status":"open","ping_status":"open","sticky":false,"template":"","format":"standard","meta":{"footnotes":""},"categories":[10],"tags":[33,75,155],"class_list":["post-4002","post","type-post","status-publish","format-standard","hentry","category-noticias","tag-arte","tag-escultura","tag-inspiracion","has_thumb"],"yoast_head":"<!-- This site is optimized with the Yoast SEO plugin v26.9 - https:\/\/yoast.com\/product\/yoast-seo-wordpress\/ -->\n<title>Dalton Ghetti saca punta al l\u00e1piz - creaerte.com<\/title>\n<meta name=\"robots\" content=\"index, follow, max-snippet:-1, max-image-preview:large, max-video-preview:-1\" \/>\n<link rel=\"canonical\" href=\"https:\/\/www.creaerte.com\/live\/la-punta-del-lapiz\/\" \/>\n<meta property=\"og:locale\" content=\"es_ES\" \/>\n<meta property=\"og:type\" content=\"article\" \/>\n<meta property=\"og:title\" content=\"Dalton Ghetti saca punta al l\u00e1piz - creaerte.com\" \/>\n<meta property=\"og:description\" content=\"La mayor\u00eda de los artistas utilizan el l\u00e1piz, pero para dibujar, s\u00f3lo Dalton Ghetti ha encontrado una nueva utilidad, esculpe diminutas esculturas en la punta de la mina. Este micro-escultor dedica entre 2 y 3 a\u00f1os a la creaci\u00f3n de cada una de sus piezas, y ya lleva cerca de 25 a\u00f1os realizando sus peque\u00f1as obras maestras, hechas totalmente a...\" \/>\n<meta property=\"og:url\" content=\"https:\/\/www.creaerte.com\/live\/la-punta-del-lapiz\/\" \/>\n<meta property=\"og:site_name\" content=\"creaerte.com\" \/>\n<meta property=\"article:publisher\" content=\"https:\/\/www.facebook.com\/creaerte\" \/>\n<meta property=\"article:published_time\" content=\"2011-08-29T07:26:14+00:00\" \/>\n<meta property=\"article:modified_time\" content=\"2011-08-29T07:28:44+00:00\" \/>\n<meta property=\"og:image\" content=\"https:\/\/www.creaerte.com\/live\/wp-content\/uploads\/2011\/08\/lapiz2.jpg\" \/>\n\t<meta property=\"og:image:width\" content=\"520\" \/>\n\t<meta property=\"og:image:height\" content=\"466\" \/>\n\t<meta property=\"og:image:type\" content=\"image\/jpeg\" \/>\n<meta name=\"author\" content=\"admin\" \/>\n<meta name=\"twitter:card\" content=\"summary_large_image\" \/>\n<meta name=\"twitter:creator\" content=\"@Creaerte\" \/>\n<meta name=\"twitter:site\" content=\"@Creaerte\" \/>\n<meta name=\"twitter:label1\" content=\"Escrito por\" \/>\n\t<meta name=\"twitter:data1\" content=\"admin\" \/>\n\t<meta name=\"twitter:label2\" content=\"Tiempo de lectura\" \/>\n\t<meta name=\"twitter:data2\" content=\"1 minuto\" \/>\n<script type=\"application\/ld+json\" class=\"yoast-schema-graph\">{\"@context\":\"https:\/\/schema.org\",\"@graph\":[{\"@type\":\"Article\",\"@id\":\"https:\/\/www.creaerte.com\/live\/la-punta-del-lapiz\/#article\",\"isPartOf\":{\"@id\":\"https:\/\/www.creaerte.com\/live\/la-punta-del-lapiz\/\"},\"author\":{\"name\":\"admin\",\"@id\":\"https:\/\/www.creaerte.com\/live\/#\/schema\/person\/acc9e93c6216bce2d569b1f0a99607f6\"},\"headline\":\"Dalton Ghetti saca punta al l\u00e1piz\",\"datePublished\":\"2011-08-29T07:26:14+00:00\",\"dateModified\":\"2011-08-29T07:28:44+00:00\",\"mainEntityOfPage\":{\"@id\":\"https:\/\/www.creaerte.com\/live\/la-punta-del-lapiz\/\"},\"wordCount\":123,\"commentCount\":0,\"image\":{\"@id\":\"https:\/\/www.creaerte.com\/live\/la-punta-del-lapiz\/#primaryimage\"},\"thumbnailUrl\":\"http:\/\/creaerte.com\/live\/wp-content\/uploads\/2011\/08\/lapiz2.jpg\",\"keywords\":[\"arte\",\"escultura\",\"inspiraci\u00f3n\"],\"articleSection\":[\"Noticias\"],\"inLanguage\":\"es\",\"potentialAction\":[{\"@type\":\"CommentAction\",\"name\":\"Comment\",\"target\":[\"https:\/\/www.creaerte.com\/live\/la-punta-del-lapiz\/#respond\"]}]},{\"@type\":\"WebPage\",\"@id\":\"https:\/\/www.creaerte.com\/live\/la-punta-del-lapiz\/\",\"url\":\"https:\/\/www.creaerte.com\/live\/la-punta-del-lapiz\/\",\"name\":\"Dalton Ghetti saca punta al l\u00e1piz - creaerte.com\",\"isPartOf\":{\"@id\":\"https:\/\/www.creaerte.com\/live\/#website\"},\"primaryImageOfPage\":{\"@id\":\"https:\/\/www.creaerte.com\/live\/la-punta-del-lapiz\/#primaryimage\"},\"image\":{\"@id\":\"https:\/\/www.creaerte.com\/live\/la-punta-del-lapiz\/#primaryimage\"},\"thumbnailUrl\":\"http:\/\/creaerte.com\/live\/wp-content\/uploads\/2011\/08\/lapiz2.jpg\",\"datePublished\":\"2011-08-29T07:26:14+00:00\",\"dateModified\":\"2011-08-29T07:28:44+00:00\",\"author\":{\"@id\":\"https:\/\/www.creaerte.com\/live\/#\/schema\/person\/acc9e93c6216bce2d569b1f0a99607f6\"},\"inLanguage\":\"es\",\"potentialAction\":[{\"@type\":\"ReadAction\",\"target\":[\"https:\/\/www.creaerte.com\/live\/la-punta-del-lapiz\/\"]}]},{\"@type\":\"ImageObject\",\"inLanguage\":\"es\",\"@id\":\"https:\/\/www.creaerte.com\/live\/la-punta-del-lapiz\/#primaryimage\",\"url\":\"http:\/\/creaerte.com\/live\/wp-content\/uploads\/2011\/08\/lapiz2.jpg\",\"contentUrl\":\"http:\/\/creaerte.com\/live\/wp-content\/uploads\/2011\/08\/lapiz2.jpg\"},{\"@type\":\"WebSite\",\"@id\":\"https:\/\/www.creaerte.com\/live\/#website\",\"url\":\"https:\/\/www.creaerte.com\/live\/\",\"name\":\"creaerte.com\",\"description\":\"Agencia de publicidad, comunicaci\u00f3n y marketing en C\u00e1ceres \u2022 Extremadura\",\"potentialAction\":[{\"@type\":\"SearchAction\",\"target\":{\"@type\":\"EntryPoint\",\"urlTemplate\":\"https:\/\/www.creaerte.com\/live\/?s={search_term_string}\"},\"query-input\":{\"@type\":\"PropertyValueSpecification\",\"valueRequired\":true,\"valueName\":\"search_term_string\"}}],\"inLanguage\":\"es\"},{\"@type\":\"Person\",\"@id\":\"https:\/\/www.creaerte.com\/live\/#\/schema\/person\/acc9e93c6216bce2d569b1f0a99607f6\",\"name\":\"admin\",\"image\":{\"@type\":\"ImageObject\",\"inLanguage\":\"es\",\"@id\":\"https:\/\/www.creaerte.com\/live\/#\/schema\/person\/image\/\",\"url\":\"https:\/\/secure.gravatar.com\/avatar\/736f9ff6dd176e443e4c9cf884b23352631c533b611f216dbc09fc84cda6e67c?s=96&d=mm&r=g\",\"contentUrl\":\"https:\/\/secure.gravatar.com\/avatar\/736f9ff6dd176e443e4c9cf884b23352631c533b611f216dbc09fc84cda6e67c?s=96&d=mm&r=g\",\"caption\":\"admin\"},\"url\":\"https:\/\/www.creaerte.com\/live\/author\/admin\/\"}]}<\/script>\n<!-- \/ Yoast SEO plugin. -->","yoast_head_json":{"title":"Dalton Ghetti saca punta al l\u00e1piz - creaerte.com","robots":{"index":"index","follow":"follow","max-snippet":"max-snippet:-1","max-image-preview":"max-image-preview:large","max-video-preview":"max-video-preview:-1"},"canonical":"https:\/\/www.creaerte.com\/live\/la-punta-del-lapiz\/","og_locale":"es_ES","og_type":"article","og_title":"Dalton Ghetti saca punta al l\u00e1piz - creaerte.com","og_description":"La mayor\u00eda de los artistas utilizan el l\u00e1piz, pero para dibujar, s\u00f3lo Dalton Ghetti ha encontrado una nueva utilidad, esculpe diminutas esculturas en la punta de la mina. Este micro-escultor dedica entre 2 y 3 a\u00f1os a la creaci\u00f3n de cada una de sus piezas, y ya lleva cerca de 25 a\u00f1os realizando sus peque\u00f1as obras maestras, hechas totalmente a...","og_url":"https:\/\/www.creaerte.com\/live\/la-punta-del-lapiz\/","og_site_name":"creaerte.com","article_publisher":"https:\/\/www.facebook.com\/creaerte","article_published_time":"2011-08-29T07:26:14+00:00","article_modified_time":"2011-08-29T07:28:44+00:00","og_image":[{"width":520,"height":466,"url":"https:\/\/www.creaerte.com\/live\/wp-content\/uploads\/2011\/08\/lapiz2.jpg","type":"image\/jpeg"}],"author":"admin","twitter_card":"summary_large_image","twitter_creator":"@Creaerte","twitter_site":"@Creaerte","twitter_misc":{"Escrito por":"admin","Tiempo de lectura":"1 minuto"},"schema":{"@context":"https:\/\/schema.org","@graph":[{"@type":"Article","@id":"https:\/\/www.creaerte.com\/live\/la-punta-del-lapiz\/#article","isPartOf":{"@id":"https:\/\/www.creaerte.com\/live\/la-punta-del-lapiz\/"},"author":{"name":"admin","@id":"https:\/\/www.creaerte.com\/live\/#\/schema\/person\/acc9e93c6216bce2d569b1f0a99607f6"},"headline":"Dalton Ghetti saca punta al l\u00e1piz","datePublished":"2011-08-29T07:26:14+00:00","dateModified":"2011-08-29T07:28:44+00:00","mainEntityOfPage":{"@id":"https:\/\/www.creaerte.com\/live\/la-punta-del-lapiz\/"},"wordCount":123,"commentCount":0,"image":{"@id":"https:\/\/www.creaerte.com\/live\/la-punta-del-lapiz\/#primaryimage"},"thumbnailUrl":"http:\/\/creaerte.com\/live\/wp-content\/uploads\/2011\/08\/lapiz2.jpg","keywords":["arte","escultura","inspiraci\u00f3n"],"articleSection":["Noticias"],"inLanguage":"es","potentialAction":[{"@type":"CommentAction","name":"Comment","target":["https:\/\/www.creaerte.com\/live\/la-punta-del-lapiz\/#respond"]}]},{"@type":"WebPage","@id":"https:\/\/www.creaerte.com\/live\/la-punta-del-lapiz\/","url":"https:\/\/www.creaerte.com\/live\/la-punta-del-lapiz\/","name":"Dalton Ghetti saca punta al l\u00e1piz - creaerte.com","isPartOf":{"@id":"https:\/\/www.creaerte.com\/live\/#website"},"primaryImageOfPage":{"@id":"https:\/\/www.creaerte.com\/live\/la-punta-del-lapiz\/#primaryimage"},"image":{"@id":"https:\/\/www.creaerte.com\/live\/la-punta-del-lapiz\/#primaryimage"},"thumbnailUrl":"http:\/\/creaerte.com\/live\/wp-content\/uploads\/2011\/08\/lapiz2.jpg","datePublished":"2011-08-29T07:26:14+00:00","dateModified":"2011-08-29T07:28:44+00:00","author":{"@id":"https:\/\/www.creaerte.com\/live\/#\/schema\/person\/acc9e93c6216bce2d569b1f0a99607f6"},"inLanguage":"es","potentialAction":[{"@type":"ReadAction","target":["https:\/\/www.creaerte.com\/live\/la-punta-del-lapiz\/"]}]},{"@type":"ImageObject","inLanguage":"es","@id":"https:\/\/www.creaerte.com\/live\/la-punta-del-lapiz\/#primaryimage","url":"http:\/\/creaerte.com\/live\/wp-content\/uploads\/2011\/08\/lapiz2.jpg","contentUrl":"http:\/\/creaerte.com\/live\/wp-content\/uploads\/2011\/08\/lapiz2.jpg"},{"@type":"WebSite","@id":"https:\/\/www.creaerte.com\/live\/#website","url":"https:\/\/www.creaerte.com\/live\/","name":"creaerte.com","description":"Agencia de publicidad, comunicaci\u00f3n y marketing en C\u00e1ceres \u2022 Extremadura","potentialAction":[{"@type":"SearchAction","target":{"@type":"EntryPoint","urlTemplate":"https:\/\/www.creaerte.com\/live\/?s={search_term_string}"},"query-input":{"@type":"PropertyValueSpecification","valueRequired":true,"valueName":"search_term_string"}}],"inLanguage":"es"},{"@type":"Person","@id":"https:\/\/www.creaerte.com\/live\/#\/schema\/person\/acc9e93c6216bce2d569b1f0a99607f6","name":"admin","image":{"@type":"ImageObject","inLanguage":"es","@id":"https:\/\/www.creaerte.com\/live\/#\/schema\/person\/image\/","url":"https:\/\/secure.gravatar.com\/avatar\/736f9ff6dd176e443e4c9cf884b23352631c533b611f216dbc09fc84cda6e67c?s=96&d=mm&r=g","contentUrl":"https:\/\/secure.gravatar.com\/avatar\/736f9ff6dd176e443e4c9cf884b23352631c533b611f216dbc09fc84cda6e67c?s=96&d=mm&r=g","caption":"admin"},"url":"https:\/\/www.creaerte.com\/live\/author\/admin\/"}]}},"_links":{"self":[{"href":"https:\/\/www.creaerte.com\/live\/wp-json\/wp\/v2\/posts\/4002","targetHints":{"allow":["GET"]}}],"collection":[{"href":"https:\/\/www.creaerte.com\/live\/wp-json\/wp\/v2\/posts"}],"about":[{"href":"https:\/\/www.creaerte.com\/live\/wp-json\/wp\/v2\/types\/post"}],"author":[{"embeddable":true,"href":"https:\/\/www.creaerte.com\/live\/wp-json\/wp\/v2\/users\/1"}],"replies":[{"embeddable":true,"href":"https:\/\/www.creaerte.com\/live\/wp-json\/wp\/v2\/comments?post=4002"}],"version-history":[{"count":0,"href":"https:\/\/www.creaerte.com\/live\/wp-json\/wp\/v2\/posts\/4002\/revisions"}],"wp:attachment":[{"href":"https:\/\/www.creaerte.com\/live\/wp-json\/wp\/v2\/media?parent=4002"}],"wp:term":[{"taxonomy":"category","embeddable":true,"href":"https:\/\/www.creaerte.com\/live\/wp-json\/wp\/v2\/categories?post=4002"},{"taxonomy":"post_tag","embeddable":true,"href":"https:\/\/www.creaerte.com\/live\/wp-json\/wp\/v2\/tags?post=4002"}],"curies":[{"name":"wp","href":"https:\/\/api.w.org\/{rel}","templated":true}]}}