{"id":4639,"date":"2011-09-29T09:33:33","date_gmt":"2011-09-29T08:33:33","guid":{"rendered":"http:\/\/creaerte.com\/live\/?p=4639"},"modified":"2011-09-29T09:38:34","modified_gmt":"2011-09-29T08:38:34","slug":"bicicleta-con-nombre-propio","status":"publish","type":"post","link":"https:\/\/www.creaerte.com\/live\/bicicleta-con-nombre-propio\/","title":{"rendered":"Bicicleta con nombre propio"},"content":{"rendered":"<p>Desde Par\u00eds llegan (directamente salidas del Tour) las bicicletas m\u00e1s fashion de la red; un dise\u00f1ador gr\u00e1fico suizo, pero afincado en Francia, que responde al nombre de Juri Zaech, ha tuneado este medio de transporte.<\/p>\n<p>Por ahora la serie &#8216;Write a Bike&#8217; todav\u00eda est\u00e1 en fase de proyecto, pero ha tenido tal repercusi\u00f3n que Juri ya est\u00e1 trabajando en un prototipo real que veremos en poco tiempo, por ahora dejo constancia en el <a href=\"http:\/\/creaerte.com\/live\/\">Live<\/a> de los dise\u00f1os, en los que vais a encontrar bicis con nombre propio.<\/p>\n<p style=\"text-align: center;\"><a href=\"http:\/\/creaerte.com\/live\/wp-content\/uploads\/2011\/09\/Bicicleta-1.jpg\"><img decoding=\"async\" class=\"aligncenter size-full wp-image-4640\" title=\"Bicicleta-1\" src=\"http:\/\/creaerte.com\/live\/wp-content\/uploads\/2011\/09\/Bicicleta-1.jpg\" alt=\"Bicicleta-1\" width=\"600\" srcset=\"https:\/\/www.creaerte.com\/live\/wp-content\/uploads\/2011\/09\/Bicicleta-1.jpg 500w, https:\/\/www.creaerte.com\/live\/wp-content\/uploads\/2011\/09\/Bicicleta-1-384x259.jpg 384w\" sizes=\"(max-width: 500px) 100vw, 500px\" \/><\/a><\/p>\n<p><a href=\"http:\/\/creaerte.com\/live\/wp-content\/uploads\/2011\/09\/Bicicleta-2.jpg\"><img fetchpriority=\"high\" decoding=\"async\" class=\"aligncenter size-full wp-image-4641\" title=\"Bicicleta-2\" src=\"http:\/\/creaerte.com\/live\/wp-content\/uploads\/2011\/09\/Bicicleta-2.jpg\" alt=\"Bicicleta-2\" width=\"600\" height=\"404\" srcset=\"https:\/\/www.creaerte.com\/live\/wp-content\/uploads\/2011\/09\/Bicicleta-2.jpg 600w, https:\/\/www.creaerte.com\/live\/wp-content\/uploads\/2011\/09\/Bicicleta-2-384x259.jpg 384w\" sizes=\"(max-width: 600px) 100vw, 600px\" \/><\/a><\/p>\n<p><a href=\"http:\/\/creaerte.com\/live\/wp-content\/uploads\/2011\/09\/Bicicleta-3.jpg\"><img decoding=\"async\" class=\"aligncenter size-full wp-image-4642\" title=\"Bicicleta-3\" src=\"http:\/\/creaerte.com\/live\/wp-content\/uploads\/2011\/09\/Bicicleta-3.jpg\" alt=\"Bicicleta-3\" width=\"600\" height=\"404\" srcset=\"https:\/\/www.creaerte.com\/live\/wp-content\/uploads\/2011\/09\/Bicicleta-3.jpg 600w, https:\/\/www.creaerte.com\/live\/wp-content\/uploads\/2011\/09\/Bicicleta-3-384x259.jpg 384w\" sizes=\"(max-width: 600px) 100vw, 600px\" \/><\/a><\/p>\n<p><a href=\"http:\/\/creaerte.com\/live\/wp-content\/uploads\/2011\/09\/Bicicleta-4.jpg\"><img decoding=\"async\" class=\"aligncenter size-full wp-image-4643\" title=\"Bicicleta-4\" src=\"http:\/\/creaerte.com\/live\/wp-content\/uploads\/2011\/09\/Bicicleta-4.jpg\" alt=\"Bicicleta-4\" width=\"600\" height=\"404\" srcset=\"https:\/\/www.creaerte.com\/live\/wp-content\/uploads\/2011\/09\/Bicicleta-4.jpg 600w, https:\/\/www.creaerte.com\/live\/wp-content\/uploads\/2011\/09\/Bicicleta-4-384x259.jpg 384w\" sizes=\"(max-width: 600px) 100vw, 600px\" \/><\/a><\/p>\n<p><a href=\"http:\/\/creaerte.com\/live\/wp-content\/uploads\/2011\/09\/Bicicleta-5.jpg\"><img loading=\"lazy\" decoding=\"async\" class=\"aligncenter size-full wp-image-4644\" title=\"Bicicleta-5\" src=\"http:\/\/creaerte.com\/live\/wp-content\/uploads\/2011\/09\/Bicicleta-5.jpg\" alt=\"Bicicleta-5\" width=\"600\" height=\"331\" srcset=\"https:\/\/www.creaerte.com\/live\/wp-content\/uploads\/2011\/09\/Bicicleta-5.jpg 600w, https:\/\/www.creaerte.com\/live\/wp-content\/uploads\/2011\/09\/Bicicleta-5-384x212.jpg 384w\" sizes=\"(max-width: 600px) 100vw, 600px\" \/><\/a><\/p>\n","protected":false},"excerpt":{"rendered":"<p>Desde Par\u00eds llegan (directamente salidas del Tour) las bicicletas m\u00e1s fashion de la red; un dise\u00f1ador gr\u00e1fico suizo, pero afincado en Francia, que responde al nombre de Juri Zaech, ha tuneado este medio de transporte. Por ahora la serie &#8216;Write a Bike&#8217; todav\u00eda est\u00e1 en fase de proyecto, pero ha tenido tal repercusi\u00f3n que Juri ya est\u00e1 trabajando en un&#8230;<\/p>\n","protected":false},"author":1,"featured_media":0,"comment_status":"open","ping_status":"open","sticky":false,"template":"","format":"standard","meta":{"footnotes":""},"categories":[10],"tags":[33,1189,187],"class_list":["post-4639","post","type-post","status-publish","format-standard","hentry","category-noticias","tag-arte","tag-diseno","tag-prototipo","has_thumb"],"yoast_head":"<!-- This site is optimized with the Yoast SEO plugin v26.9 - https:\/\/yoast.com\/product\/yoast-seo-wordpress\/ -->\n<title>Bicicleta con nombre propio - creaerte.com<\/title>\n<meta name=\"robots\" content=\"index, follow, max-snippet:-1, max-image-preview:large, max-video-preview:-1\" \/>\n<link rel=\"canonical\" href=\"https:\/\/www.creaerte.com\/live\/bicicleta-con-nombre-propio\/\" \/>\n<meta property=\"og:locale\" content=\"es_ES\" \/>\n<meta property=\"og:type\" content=\"article\" \/>\n<meta property=\"og:title\" content=\"Bicicleta con nombre propio - creaerte.com\" \/>\n<meta property=\"og:description\" content=\"Desde Par\u00eds llegan (directamente salidas del Tour) las bicicletas m\u00e1s fashion de la red; un dise\u00f1ador gr\u00e1fico suizo, pero afincado en Francia, que responde al nombre de Juri Zaech, ha tuneado este medio de transporte. Por ahora la serie &#8216;Write a Bike&#8217; todav\u00eda est\u00e1 en fase de proyecto, pero ha tenido tal repercusi\u00f3n que Juri ya est\u00e1 trabajando en un...\" \/>\n<meta property=\"og:url\" content=\"https:\/\/www.creaerte.com\/live\/bicicleta-con-nombre-propio\/\" \/>\n<meta property=\"og:site_name\" content=\"creaerte.com\" \/>\n<meta property=\"article:publisher\" content=\"https:\/\/www.facebook.com\/creaerte\" \/>\n<meta property=\"article:published_time\" content=\"2011-09-29T08:33:33+00:00\" \/>\n<meta property=\"article:modified_time\" content=\"2011-09-29T08:38:34+00:00\" \/>\n<meta property=\"og:image\" content=\"https:\/\/www.creaerte.com\/live\/wp-content\/uploads\/2011\/09\/Bicicleta-1.jpg\" \/>\n\t<meta property=\"og:image:width\" content=\"500\" \/>\n\t<meta property=\"og:image:height\" content=\"337\" \/>\n\t<meta property=\"og:image:type\" content=\"image\/jpeg\" \/>\n<meta name=\"author\" content=\"admin\" \/>\n<meta name=\"twitter:card\" content=\"summary_large_image\" \/>\n<meta name=\"twitter:creator\" content=\"@Creaerte\" \/>\n<meta name=\"twitter:site\" content=\"@Creaerte\" \/>\n<meta name=\"twitter:label1\" content=\"Escrito por\" \/>\n\t<meta name=\"twitter:data1\" content=\"admin\" \/>\n<script type=\"application\/ld+json\" class=\"yoast-schema-graph\">{\"@context\":\"https:\/\/schema.org\",\"@graph\":[{\"@type\":\"Article\",\"@id\":\"https:\/\/www.creaerte.com\/live\/bicicleta-con-nombre-propio\/#article\",\"isPartOf\":{\"@id\":\"https:\/\/www.creaerte.com\/live\/bicicleta-con-nombre-propio\/\"},\"author\":{\"name\":\"admin\",\"@id\":\"https:\/\/www.creaerte.com\/live\/#\/schema\/person\/acc9e93c6216bce2d569b1f0a99607f6\"},\"headline\":\"Bicicleta con nombre propio\",\"datePublished\":\"2011-09-29T08:33:33+00:00\",\"dateModified\":\"2011-09-29T08:38:34+00:00\",\"mainEntityOfPage\":{\"@id\":\"https:\/\/www.creaerte.com\/live\/bicicleta-con-nombre-propio\/\"},\"wordCount\":98,\"commentCount\":0,\"image\":{\"@id\":\"https:\/\/www.creaerte.com\/live\/bicicleta-con-nombre-propio\/#primaryimage\"},\"thumbnailUrl\":\"http:\/\/creaerte.com\/live\/wp-content\/uploads\/2011\/09\/Bicicleta-1.jpg\",\"keywords\":[\"arte\",\"dise\u00f1o\",\"prototipo\"],\"articleSection\":[\"Noticias\"],\"inLanguage\":\"es\",\"potentialAction\":[{\"@type\":\"CommentAction\",\"name\":\"Comment\",\"target\":[\"https:\/\/www.creaerte.com\/live\/bicicleta-con-nombre-propio\/#respond\"]}]},{\"@type\":\"WebPage\",\"@id\":\"https:\/\/www.creaerte.com\/live\/bicicleta-con-nombre-propio\/\",\"url\":\"https:\/\/www.creaerte.com\/live\/bicicleta-con-nombre-propio\/\",\"name\":\"Bicicleta con nombre propio - creaerte.com\",\"isPartOf\":{\"@id\":\"https:\/\/www.creaerte.com\/live\/#website\"},\"primaryImageOfPage\":{\"@id\":\"https:\/\/www.creaerte.com\/live\/bicicleta-con-nombre-propio\/#primaryimage\"},\"image\":{\"@id\":\"https:\/\/www.creaerte.com\/live\/bicicleta-con-nombre-propio\/#primaryimage\"},\"thumbnailUrl\":\"http:\/\/creaerte.com\/live\/wp-content\/uploads\/2011\/09\/Bicicleta-1.jpg\",\"datePublished\":\"2011-09-29T08:33:33+00:00\",\"dateModified\":\"2011-09-29T08:38:34+00:00\",\"author\":{\"@id\":\"https:\/\/www.creaerte.com\/live\/#\/schema\/person\/acc9e93c6216bce2d569b1f0a99607f6\"},\"inLanguage\":\"es\",\"potentialAction\":[{\"@type\":\"ReadAction\",\"target\":[\"https:\/\/www.creaerte.com\/live\/bicicleta-con-nombre-propio\/\"]}]},{\"@type\":\"ImageObject\",\"inLanguage\":\"es\",\"@id\":\"https:\/\/www.creaerte.com\/live\/bicicleta-con-nombre-propio\/#primaryimage\",\"url\":\"http:\/\/creaerte.com\/live\/wp-content\/uploads\/2011\/09\/Bicicleta-1.jpg\",\"contentUrl\":\"http:\/\/creaerte.com\/live\/wp-content\/uploads\/2011\/09\/Bicicleta-1.jpg\"},{\"@type\":\"WebSite\",\"@id\":\"https:\/\/www.creaerte.com\/live\/#website\",\"url\":\"https:\/\/www.creaerte.com\/live\/\",\"name\":\"creaerte.com\",\"description\":\"Agencia de publicidad, comunicaci\u00f3n y marketing en C\u00e1ceres \u2022 Extremadura\",\"potentialAction\":[{\"@type\":\"SearchAction\",\"target\":{\"@type\":\"EntryPoint\",\"urlTemplate\":\"https:\/\/www.creaerte.com\/live\/?s={search_term_string}\"},\"query-input\":{\"@type\":\"PropertyValueSpecification\",\"valueRequired\":true,\"valueName\":\"search_term_string\"}}],\"inLanguage\":\"es\"},{\"@type\":\"Person\",\"@id\":\"https:\/\/www.creaerte.com\/live\/#\/schema\/person\/acc9e93c6216bce2d569b1f0a99607f6\",\"name\":\"admin\",\"image\":{\"@type\":\"ImageObject\",\"inLanguage\":\"es\",\"@id\":\"https:\/\/www.creaerte.com\/live\/#\/schema\/person\/image\/\",\"url\":\"https:\/\/secure.gravatar.com\/avatar\/736f9ff6dd176e443e4c9cf884b23352631c533b611f216dbc09fc84cda6e67c?s=96&d=mm&r=g\",\"contentUrl\":\"https:\/\/secure.gravatar.com\/avatar\/736f9ff6dd176e443e4c9cf884b23352631c533b611f216dbc09fc84cda6e67c?s=96&d=mm&r=g\",\"caption\":\"admin\"},\"url\":\"https:\/\/www.creaerte.com\/live\/author\/admin\/\"}]}<\/script>\n<!-- \/ Yoast SEO plugin. -->","yoast_head_json":{"title":"Bicicleta con nombre propio - creaerte.com","robots":{"index":"index","follow":"follow","max-snippet":"max-snippet:-1","max-image-preview":"max-image-preview:large","max-video-preview":"max-video-preview:-1"},"canonical":"https:\/\/www.creaerte.com\/live\/bicicleta-con-nombre-propio\/","og_locale":"es_ES","og_type":"article","og_title":"Bicicleta con nombre propio - creaerte.com","og_description":"Desde Par\u00eds llegan (directamente salidas del Tour) las bicicletas m\u00e1s fashion de la red; un dise\u00f1ador gr\u00e1fico suizo, pero afincado en Francia, que responde al nombre de Juri Zaech, ha tuneado este medio de transporte. Por ahora la serie &#8216;Write a Bike&#8217; todav\u00eda est\u00e1 en fase de proyecto, pero ha tenido tal repercusi\u00f3n que Juri ya est\u00e1 trabajando en un...","og_url":"https:\/\/www.creaerte.com\/live\/bicicleta-con-nombre-propio\/","og_site_name":"creaerte.com","article_publisher":"https:\/\/www.facebook.com\/creaerte","article_published_time":"2011-09-29T08:33:33+00:00","article_modified_time":"2011-09-29T08:38:34+00:00","og_image":[{"width":500,"height":337,"url":"https:\/\/www.creaerte.com\/live\/wp-content\/uploads\/2011\/09\/Bicicleta-1.jpg","type":"image\/jpeg"}],"author":"admin","twitter_card":"summary_large_image","twitter_creator":"@Creaerte","twitter_site":"@Creaerte","twitter_misc":{"Escrito por":"admin"},"schema":{"@context":"https:\/\/schema.org","@graph":[{"@type":"Article","@id":"https:\/\/www.creaerte.com\/live\/bicicleta-con-nombre-propio\/#article","isPartOf":{"@id":"https:\/\/www.creaerte.com\/live\/bicicleta-con-nombre-propio\/"},"author":{"name":"admin","@id":"https:\/\/www.creaerte.com\/live\/#\/schema\/person\/acc9e93c6216bce2d569b1f0a99607f6"},"headline":"Bicicleta con nombre propio","datePublished":"2011-09-29T08:33:33+00:00","dateModified":"2011-09-29T08:38:34+00:00","mainEntityOfPage":{"@id":"https:\/\/www.creaerte.com\/live\/bicicleta-con-nombre-propio\/"},"wordCount":98,"commentCount":0,"image":{"@id":"https:\/\/www.creaerte.com\/live\/bicicleta-con-nombre-propio\/#primaryimage"},"thumbnailUrl":"http:\/\/creaerte.com\/live\/wp-content\/uploads\/2011\/09\/Bicicleta-1.jpg","keywords":["arte","dise\u00f1o","prototipo"],"articleSection":["Noticias"],"inLanguage":"es","potentialAction":[{"@type":"CommentAction","name":"Comment","target":["https:\/\/www.creaerte.com\/live\/bicicleta-con-nombre-propio\/#respond"]}]},{"@type":"WebPage","@id":"https:\/\/www.creaerte.com\/live\/bicicleta-con-nombre-propio\/","url":"https:\/\/www.creaerte.com\/live\/bicicleta-con-nombre-propio\/","name":"Bicicleta con nombre propio - creaerte.com","isPartOf":{"@id":"https:\/\/www.creaerte.com\/live\/#website"},"primaryImageOfPage":{"@id":"https:\/\/www.creaerte.com\/live\/bicicleta-con-nombre-propio\/#primaryimage"},"image":{"@id":"https:\/\/www.creaerte.com\/live\/bicicleta-con-nombre-propio\/#primaryimage"},"thumbnailUrl":"http:\/\/creaerte.com\/live\/wp-content\/uploads\/2011\/09\/Bicicleta-1.jpg","datePublished":"2011-09-29T08:33:33+00:00","dateModified":"2011-09-29T08:38:34+00:00","author":{"@id":"https:\/\/www.creaerte.com\/live\/#\/schema\/person\/acc9e93c6216bce2d569b1f0a99607f6"},"inLanguage":"es","potentialAction":[{"@type":"ReadAction","target":["https:\/\/www.creaerte.com\/live\/bicicleta-con-nombre-propio\/"]}]},{"@type":"ImageObject","inLanguage":"es","@id":"https:\/\/www.creaerte.com\/live\/bicicleta-con-nombre-propio\/#primaryimage","url":"http:\/\/creaerte.com\/live\/wp-content\/uploads\/2011\/09\/Bicicleta-1.jpg","contentUrl":"http:\/\/creaerte.com\/live\/wp-content\/uploads\/2011\/09\/Bicicleta-1.jpg"},{"@type":"WebSite","@id":"https:\/\/www.creaerte.com\/live\/#website","url":"https:\/\/www.creaerte.com\/live\/","name":"creaerte.com","description":"Agencia de publicidad, comunicaci\u00f3n y marketing en C\u00e1ceres \u2022 Extremadura","potentialAction":[{"@type":"SearchAction","target":{"@type":"EntryPoint","urlTemplate":"https:\/\/www.creaerte.com\/live\/?s={search_term_string}"},"query-input":{"@type":"PropertyValueSpecification","valueRequired":true,"valueName":"search_term_string"}}],"inLanguage":"es"},{"@type":"Person","@id":"https:\/\/www.creaerte.com\/live\/#\/schema\/person\/acc9e93c6216bce2d569b1f0a99607f6","name":"admin","image":{"@type":"ImageObject","inLanguage":"es","@id":"https:\/\/www.creaerte.com\/live\/#\/schema\/person\/image\/","url":"https:\/\/secure.gravatar.com\/avatar\/736f9ff6dd176e443e4c9cf884b23352631c533b611f216dbc09fc84cda6e67c?s=96&d=mm&r=g","contentUrl":"https:\/\/secure.gravatar.com\/avatar\/736f9ff6dd176e443e4c9cf884b23352631c533b611f216dbc09fc84cda6e67c?s=96&d=mm&r=g","caption":"admin"},"url":"https:\/\/www.creaerte.com\/live\/author\/admin\/"}]}},"_links":{"self":[{"href":"https:\/\/www.creaerte.com\/live\/wp-json\/wp\/v2\/posts\/4639","targetHints":{"allow":["GET"]}}],"collection":[{"href":"https:\/\/www.creaerte.com\/live\/wp-json\/wp\/v2\/posts"}],"about":[{"href":"https:\/\/www.creaerte.com\/live\/wp-json\/wp\/v2\/types\/post"}],"author":[{"embeddable":true,"href":"https:\/\/www.creaerte.com\/live\/wp-json\/wp\/v2\/users\/1"}],"replies":[{"embeddable":true,"href":"https:\/\/www.creaerte.com\/live\/wp-json\/wp\/v2\/comments?post=4639"}],"version-history":[{"count":0,"href":"https:\/\/www.creaerte.com\/live\/wp-json\/wp\/v2\/posts\/4639\/revisions"}],"wp:attachment":[{"href":"https:\/\/www.creaerte.com\/live\/wp-json\/wp\/v2\/media?parent=4639"}],"wp:term":[{"taxonomy":"category","embeddable":true,"href":"https:\/\/www.creaerte.com\/live\/wp-json\/wp\/v2\/categories?post=4639"},{"taxonomy":"post_tag","embeddable":true,"href":"https:\/\/www.creaerte.com\/live\/wp-json\/wp\/v2\/tags?post=4639"}],"curies":[{"name":"wp","href":"https:\/\/api.w.org\/{rel}","templated":true}]}}