{"id":5009,"date":"2011-10-17T12:28:06","date_gmt":"2011-10-17T11:28:06","guid":{"rendered":"http:\/\/creaerte.com\/live\/?p=5009"},"modified":"2012-10-25T08:26:10","modified_gmt":"2012-10-25T07:26:10","slug":"dia-internacional-de-la-mujer-rural-creaerte-estuvo-alli","status":"publish","type":"post","link":"https:\/\/www.creaerte.com\/live\/dia-internacional-de-la-mujer-rural-creaerte-estuvo-alli\/","title":{"rendered":"D\u00eda Internacional de la Mujer Rural, Creaerte estuvo all\u00ed"},"content":{"rendered":"<p>Aunque sea con retraso all\u00e1 va nuestra m\u00e1s sincera felicitaci\u00f3n a las mujeres rurales de Extremadura y de todo el mundo, que el pasado 15 de octubre celebraron su D\u00eda.<\/p>\n<p>Cerca de 800 extreme\u00f1as del norte, del sur, del este y el oeste, y Creaerte tambi\u00e9n, nos dimos cita en el Palacio de Congreso de M\u00e9rida para conmemorar la ocasi\u00f3n, all\u00ed escuchamos las nuevas pol\u00edticas regionales que se pondr\u00e1n en marcha en materia del empleo, formaci\u00f3n y autoempleo para el medio rural.<\/p>\n<p>Acudimos con entusiasmo y descubrimos experiencias profesionales con nombre propio como Matilde Tagle y Gloria Ramirez Burillo, dos empresarias que no tienen miedo a definirse como rurales, y tambi\u00e9n a Consuelo Grande que nos explic\u00f3 lo que se puede conseguir cuando las mujeres unen sus fuerzas.<\/p>\n<p>La m\u00fasica del coro Algazara cerr\u00f3 la fiesta, pero antes contamos con la presencia de un invitado de honor, Jos\u00e9 Antonio Monago, presidente del Gobierno de Extremadura, pero, sobre todo hijo de mujer rural.<\/p>\n<p><a href=\"http:\/\/creaerte.com\/live\/wp-content\/uploads\/2011\/10\/MG_6455.jpg\"><img fetchpriority=\"high\" decoding=\"async\" width=\"610\" height=\"407\" class=\"aligncenter size-full wp-image-5011\" title=\"_MG_6455\" src=\"http:\/\/creaerte.com\/live\/wp-content\/uploads\/2011\/10\/MG_6455.jpg\" alt=\"_MG_6455\" srcset=\"https:\/\/www.creaerte.com\/live\/wp-content\/uploads\/2011\/10\/MG_6455.jpg 610w, https:\/\/www.creaerte.com\/live\/wp-content\/uploads\/2011\/10\/MG_6455-384x256.jpg 384w\" sizes=\"(max-width: 610px) 100vw, 610px\" \/><\/a><a href=\"http:\/\/creaerte.com\/live\/wp-content\/uploads\/2011\/10\/MG_6638.jpg\"><\/a><\/p>\n<p><a href=\"http:\/\/creaerte.com\/live\/wp-content\/uploads\/2011\/10\/MG_6638.jpg\"><img decoding=\"async\" style=\"display: block; margin-left: auto; margin-right: auto; border: 0px initial initial;\" title=\"_MG_6638\" src=\"http:\/\/creaerte.com\/live\/wp-content\/uploads\/2011\/10\/MG_6638.jpg\" alt=\"_MG_6638\" width=\"610\" height=\"407\" \/><\/a><\/p>\n<p><a href=\"http:\/\/creaerte.com\/live\/wp-content\/uploads\/2011\/10\/MG_6429.jpg\"><\/a><a href=\"http:\/\/creaerte.com\/live\/wp-content\/uploads\/2011\/10\/MG_6551.jpg\"><img decoding=\"async\" style=\"display: block; margin-left: auto; margin-right: auto; border: 0px initial initial;\" title=\"_MG_6551\" src=\"http:\/\/creaerte.com\/live\/wp-content\/uploads\/2011\/10\/MG_6551.jpg\" alt=\"_MG_6551\" width=\"610\" height=\"407\" \/><\/a><\/p>\n<p><img loading=\"lazy\" decoding=\"async\" style=\"display: block; margin-left: auto; margin-right: auto; border: 0px initial initial;\" title=\"_MG_6654\" src=\"http:\/\/creaerte.com\/live\/wp-content\/uploads\/2011\/10\/MG_6654.jpg\" alt=\"_MG_6654\" width=\"610\" height=\"407\" \/><br \/>\n<a href=\"http:\/\/creaerte.com\/live\/wp-content\/uploads\/2011\/10\/MG_6681.jpg\"><img decoding=\"async\" class=\"aligncenter size-full wp-image-5018\" title=\"_MG_6681\" src=\"http:\/\/creaerte.com\/live\/wp-content\/uploads\/2011\/10\/MG_6681.jpg\" alt=\"_MG_6681\" \/><\/a><\/p>\n<p><a href=\"http:\/\/creaerte.com\/live\/wp-content\/uploads\/2011\/10\/MG_6654.jpg\"><img loading=\"lazy\" decoding=\"async\" style=\"display: block; margin-left: auto; margin-right: auto; border: 0px initial initial;\" title=\"_MG_6679\" src=\"http:\/\/creaerte.com\/live\/wp-content\/uploads\/2011\/10\/MG_6679.jpg\" alt=\"_MG_6679\" width=\"407\" height=\"610\" \/> <\/a><\/p>\n","protected":false},"excerpt":{"rendered":"<p>Aunque sea con retraso all\u00e1 va nuestra m\u00e1s sincera felicitaci\u00f3n a las mujeres rurales de Extremadura y de todo el mundo, que el pasado 15 de octubre celebraron su D\u00eda. Cerca de 800 extreme\u00f1as del norte, del sur, del este y el oeste, y Creaerte tambi\u00e9n, nos dimos cita en el Palacio de Congreso de M\u00e9rida para conmemorar la ocasi\u00f3n,&#8230;<\/p>\n","protected":false},"author":1,"featured_media":0,"comment_status":"open","ping_status":"open","sticky":false,"template":"","format":"standard","meta":{"footnotes":""},"categories":[10],"tags":[205,207,208,210,209,206,1185],"class_list":["post-5009","post","type-post","status-publish","format-standard","hentry","category-noticias","tag-dia-internacional","tag-dia-mujer-rural","tag-fiesta","tag-imex","tag-jornada","tag-mujer-rural","tag-noticias","has_thumb"],"yoast_head":"<!-- This site is optimized with the Yoast SEO plugin v26.9 - https:\/\/yoast.com\/product\/yoast-seo-wordpress\/ -->\n<title>D\u00eda Internacional de la Mujer Rural, Creaerte estuvo all\u00ed - creaerte.com<\/title>\n<meta name=\"robots\" content=\"index, follow, max-snippet:-1, max-image-preview:large, max-video-preview:-1\" \/>\n<link rel=\"canonical\" href=\"https:\/\/www.creaerte.com\/live\/dia-internacional-de-la-mujer-rural-creaerte-estuvo-alli\/\" \/>\n<meta property=\"og:locale\" content=\"es_ES\" \/>\n<meta property=\"og:type\" content=\"article\" \/>\n<meta property=\"og:title\" content=\"D\u00eda Internacional de la Mujer Rural, Creaerte estuvo all\u00ed - creaerte.com\" \/>\n<meta property=\"og:description\" content=\"Aunque sea con retraso all\u00e1 va nuestra m\u00e1s sincera felicitaci\u00f3n a las mujeres rurales de Extremadura y de todo el mundo, que el pasado 15 de octubre celebraron su D\u00eda. Cerca de 800 extreme\u00f1as del norte, del sur, del este y el oeste, y Creaerte tambi\u00e9n, nos dimos cita en el Palacio de Congreso de M\u00e9rida para conmemorar la ocasi\u00f3n,...\" \/>\n<meta property=\"og:url\" content=\"https:\/\/www.creaerte.com\/live\/dia-internacional-de-la-mujer-rural-creaerte-estuvo-alli\/\" \/>\n<meta property=\"og:site_name\" content=\"creaerte.com\" \/>\n<meta property=\"article:publisher\" content=\"https:\/\/www.facebook.com\/creaerte\" \/>\n<meta property=\"article:published_time\" content=\"2011-10-17T11:28:06+00:00\" \/>\n<meta property=\"article:modified_time\" content=\"2012-10-25T07:26:10+00:00\" \/>\n<meta property=\"og:image\" content=\"https:\/\/www.creaerte.com\/live\/wp-content\/uploads\/2011\/10\/MG_6455.jpg\" \/>\n\t<meta property=\"og:image:width\" content=\"610\" \/>\n\t<meta property=\"og:image:height\" content=\"407\" \/>\n\t<meta property=\"og:image:type\" content=\"image\/jpeg\" \/>\n<meta name=\"author\" content=\"admin\" \/>\n<meta name=\"twitter:card\" content=\"summary_large_image\" \/>\n<meta name=\"twitter:creator\" content=\"@Creaerte\" \/>\n<meta name=\"twitter:site\" content=\"@Creaerte\" \/>\n<meta name=\"twitter:label1\" content=\"Escrito por\" \/>\n\t<meta name=\"twitter:data1\" content=\"admin\" \/>\n\t<meta name=\"twitter:label2\" content=\"Tiempo de lectura\" \/>\n\t<meta name=\"twitter:data2\" content=\"1 minuto\" \/>\n<script type=\"application\/ld+json\" class=\"yoast-schema-graph\">{\"@context\":\"https:\/\/schema.org\",\"@graph\":[{\"@type\":\"Article\",\"@id\":\"https:\/\/www.creaerte.com\/live\/dia-internacional-de-la-mujer-rural-creaerte-estuvo-alli\/#article\",\"isPartOf\":{\"@id\":\"https:\/\/www.creaerte.com\/live\/dia-internacional-de-la-mujer-rural-creaerte-estuvo-alli\/\"},\"author\":{\"name\":\"admin\",\"@id\":\"https:\/\/www.creaerte.com\/live\/#\/schema\/person\/acc9e93c6216bce2d569b1f0a99607f6\"},\"headline\":\"D\u00eda Internacional de la Mujer Rural, Creaerte estuvo all\u00ed\",\"datePublished\":\"2011-10-17T11:28:06+00:00\",\"dateModified\":\"2012-10-25T07:26:10+00:00\",\"mainEntityOfPage\":{\"@id\":\"https:\/\/www.creaerte.com\/live\/dia-internacional-de-la-mujer-rural-creaerte-estuvo-alli\/\"},\"wordCount\":182,\"commentCount\":0,\"image\":{\"@id\":\"https:\/\/www.creaerte.com\/live\/dia-internacional-de-la-mujer-rural-creaerte-estuvo-alli\/#primaryimage\"},\"thumbnailUrl\":\"http:\/\/creaerte.com\/live\/wp-content\/uploads\/2011\/10\/MG_6455.jpg\",\"keywords\":[\"d\u00eda internacional\",\"d\u00eda mujer rural\",\"fiesta\",\"IMEX\",\"jornada\",\"mujer rural\",\"Noticias\"],\"articleSection\":[\"Noticias\"],\"inLanguage\":\"es\",\"potentialAction\":[{\"@type\":\"CommentAction\",\"name\":\"Comment\",\"target\":[\"https:\/\/www.creaerte.com\/live\/dia-internacional-de-la-mujer-rural-creaerte-estuvo-alli\/#respond\"]}]},{\"@type\":\"WebPage\",\"@id\":\"https:\/\/www.creaerte.com\/live\/dia-internacional-de-la-mujer-rural-creaerte-estuvo-alli\/\",\"url\":\"https:\/\/www.creaerte.com\/live\/dia-internacional-de-la-mujer-rural-creaerte-estuvo-alli\/\",\"name\":\"D\u00eda Internacional de la Mujer Rural, Creaerte estuvo all\u00ed - creaerte.com\",\"isPartOf\":{\"@id\":\"https:\/\/www.creaerte.com\/live\/#website\"},\"primaryImageOfPage\":{\"@id\":\"https:\/\/www.creaerte.com\/live\/dia-internacional-de-la-mujer-rural-creaerte-estuvo-alli\/#primaryimage\"},\"image\":{\"@id\":\"https:\/\/www.creaerte.com\/live\/dia-internacional-de-la-mujer-rural-creaerte-estuvo-alli\/#primaryimage\"},\"thumbnailUrl\":\"http:\/\/creaerte.com\/live\/wp-content\/uploads\/2011\/10\/MG_6455.jpg\",\"datePublished\":\"2011-10-17T11:28:06+00:00\",\"dateModified\":\"2012-10-25T07:26:10+00:00\",\"author\":{\"@id\":\"https:\/\/www.creaerte.com\/live\/#\/schema\/person\/acc9e93c6216bce2d569b1f0a99607f6\"},\"inLanguage\":\"es\",\"potentialAction\":[{\"@type\":\"ReadAction\",\"target\":[\"https:\/\/www.creaerte.com\/live\/dia-internacional-de-la-mujer-rural-creaerte-estuvo-alli\/\"]}]},{\"@type\":\"ImageObject\",\"inLanguage\":\"es\",\"@id\":\"https:\/\/www.creaerte.com\/live\/dia-internacional-de-la-mujer-rural-creaerte-estuvo-alli\/#primaryimage\",\"url\":\"http:\/\/creaerte.com\/live\/wp-content\/uploads\/2011\/10\/MG_6455.jpg\",\"contentUrl\":\"http:\/\/creaerte.com\/live\/wp-content\/uploads\/2011\/10\/MG_6455.jpg\"},{\"@type\":\"WebSite\",\"@id\":\"https:\/\/www.creaerte.com\/live\/#website\",\"url\":\"https:\/\/www.creaerte.com\/live\/\",\"name\":\"creaerte.com\",\"description\":\"Agencia de publicidad, comunicaci\u00f3n y marketing en C\u00e1ceres \u2022 Extremadura\",\"potentialAction\":[{\"@type\":\"SearchAction\",\"target\":{\"@type\":\"EntryPoint\",\"urlTemplate\":\"https:\/\/www.creaerte.com\/live\/?s={search_term_string}\"},\"query-input\":{\"@type\":\"PropertyValueSpecification\",\"valueRequired\":true,\"valueName\":\"search_term_string\"}}],\"inLanguage\":\"es\"},{\"@type\":\"Person\",\"@id\":\"https:\/\/www.creaerte.com\/live\/#\/schema\/person\/acc9e93c6216bce2d569b1f0a99607f6\",\"name\":\"admin\",\"image\":{\"@type\":\"ImageObject\",\"inLanguage\":\"es\",\"@id\":\"https:\/\/www.creaerte.com\/live\/#\/schema\/person\/image\/\",\"url\":\"https:\/\/secure.gravatar.com\/avatar\/736f9ff6dd176e443e4c9cf884b23352631c533b611f216dbc09fc84cda6e67c?s=96&d=mm&r=g\",\"contentUrl\":\"https:\/\/secure.gravatar.com\/avatar\/736f9ff6dd176e443e4c9cf884b23352631c533b611f216dbc09fc84cda6e67c?s=96&d=mm&r=g\",\"caption\":\"admin\"},\"url\":\"https:\/\/www.creaerte.com\/live\/author\/admin\/\"}]}<\/script>\n<!-- \/ Yoast SEO plugin. -->","yoast_head_json":{"title":"D\u00eda Internacional de la Mujer Rural, Creaerte estuvo all\u00ed - creaerte.com","robots":{"index":"index","follow":"follow","max-snippet":"max-snippet:-1","max-image-preview":"max-image-preview:large","max-video-preview":"max-video-preview:-1"},"canonical":"https:\/\/www.creaerte.com\/live\/dia-internacional-de-la-mujer-rural-creaerte-estuvo-alli\/","og_locale":"es_ES","og_type":"article","og_title":"D\u00eda Internacional de la Mujer Rural, Creaerte estuvo all\u00ed - creaerte.com","og_description":"Aunque sea con retraso all\u00e1 va nuestra m\u00e1s sincera felicitaci\u00f3n a las mujeres rurales de Extremadura y de todo el mundo, que el pasado 15 de octubre celebraron su D\u00eda. Cerca de 800 extreme\u00f1as del norte, del sur, del este y el oeste, y Creaerte tambi\u00e9n, nos dimos cita en el Palacio de Congreso de M\u00e9rida para conmemorar la ocasi\u00f3n,...","og_url":"https:\/\/www.creaerte.com\/live\/dia-internacional-de-la-mujer-rural-creaerte-estuvo-alli\/","og_site_name":"creaerte.com","article_publisher":"https:\/\/www.facebook.com\/creaerte","article_published_time":"2011-10-17T11:28:06+00:00","article_modified_time":"2012-10-25T07:26:10+00:00","og_image":[{"width":610,"height":407,"url":"https:\/\/www.creaerte.com\/live\/wp-content\/uploads\/2011\/10\/MG_6455.jpg","type":"image\/jpeg"}],"author":"admin","twitter_card":"summary_large_image","twitter_creator":"@Creaerte","twitter_site":"@Creaerte","twitter_misc":{"Escrito por":"admin","Tiempo de lectura":"1 minuto"},"schema":{"@context":"https:\/\/schema.org","@graph":[{"@type":"Article","@id":"https:\/\/www.creaerte.com\/live\/dia-internacional-de-la-mujer-rural-creaerte-estuvo-alli\/#article","isPartOf":{"@id":"https:\/\/www.creaerte.com\/live\/dia-internacional-de-la-mujer-rural-creaerte-estuvo-alli\/"},"author":{"name":"admin","@id":"https:\/\/www.creaerte.com\/live\/#\/schema\/person\/acc9e93c6216bce2d569b1f0a99607f6"},"headline":"D\u00eda Internacional de la Mujer Rural, Creaerte estuvo all\u00ed","datePublished":"2011-10-17T11:28:06+00:00","dateModified":"2012-10-25T07:26:10+00:00","mainEntityOfPage":{"@id":"https:\/\/www.creaerte.com\/live\/dia-internacional-de-la-mujer-rural-creaerte-estuvo-alli\/"},"wordCount":182,"commentCount":0,"image":{"@id":"https:\/\/www.creaerte.com\/live\/dia-internacional-de-la-mujer-rural-creaerte-estuvo-alli\/#primaryimage"},"thumbnailUrl":"http:\/\/creaerte.com\/live\/wp-content\/uploads\/2011\/10\/MG_6455.jpg","keywords":["d\u00eda internacional","d\u00eda mujer rural","fiesta","IMEX","jornada","mujer rural","Noticias"],"articleSection":["Noticias"],"inLanguage":"es","potentialAction":[{"@type":"CommentAction","name":"Comment","target":["https:\/\/www.creaerte.com\/live\/dia-internacional-de-la-mujer-rural-creaerte-estuvo-alli\/#respond"]}]},{"@type":"WebPage","@id":"https:\/\/www.creaerte.com\/live\/dia-internacional-de-la-mujer-rural-creaerte-estuvo-alli\/","url":"https:\/\/www.creaerte.com\/live\/dia-internacional-de-la-mujer-rural-creaerte-estuvo-alli\/","name":"D\u00eda Internacional de la Mujer Rural, Creaerte estuvo all\u00ed - creaerte.com","isPartOf":{"@id":"https:\/\/www.creaerte.com\/live\/#website"},"primaryImageOfPage":{"@id":"https:\/\/www.creaerte.com\/live\/dia-internacional-de-la-mujer-rural-creaerte-estuvo-alli\/#primaryimage"},"image":{"@id":"https:\/\/www.creaerte.com\/live\/dia-internacional-de-la-mujer-rural-creaerte-estuvo-alli\/#primaryimage"},"thumbnailUrl":"http:\/\/creaerte.com\/live\/wp-content\/uploads\/2011\/10\/MG_6455.jpg","datePublished":"2011-10-17T11:28:06+00:00","dateModified":"2012-10-25T07:26:10+00:00","author":{"@id":"https:\/\/www.creaerte.com\/live\/#\/schema\/person\/acc9e93c6216bce2d569b1f0a99607f6"},"inLanguage":"es","potentialAction":[{"@type":"ReadAction","target":["https:\/\/www.creaerte.com\/live\/dia-internacional-de-la-mujer-rural-creaerte-estuvo-alli\/"]}]},{"@type":"ImageObject","inLanguage":"es","@id":"https:\/\/www.creaerte.com\/live\/dia-internacional-de-la-mujer-rural-creaerte-estuvo-alli\/#primaryimage","url":"http:\/\/creaerte.com\/live\/wp-content\/uploads\/2011\/10\/MG_6455.jpg","contentUrl":"http:\/\/creaerte.com\/live\/wp-content\/uploads\/2011\/10\/MG_6455.jpg"},{"@type":"WebSite","@id":"https:\/\/www.creaerte.com\/live\/#website","url":"https:\/\/www.creaerte.com\/live\/","name":"creaerte.com","description":"Agencia de publicidad, comunicaci\u00f3n y marketing en C\u00e1ceres \u2022 Extremadura","potentialAction":[{"@type":"SearchAction","target":{"@type":"EntryPoint","urlTemplate":"https:\/\/www.creaerte.com\/live\/?s={search_term_string}"},"query-input":{"@type":"PropertyValueSpecification","valueRequired":true,"valueName":"search_term_string"}}],"inLanguage":"es"},{"@type":"Person","@id":"https:\/\/www.creaerte.com\/live\/#\/schema\/person\/acc9e93c6216bce2d569b1f0a99607f6","name":"admin","image":{"@type":"ImageObject","inLanguage":"es","@id":"https:\/\/www.creaerte.com\/live\/#\/schema\/person\/image\/","url":"https:\/\/secure.gravatar.com\/avatar\/736f9ff6dd176e443e4c9cf884b23352631c533b611f216dbc09fc84cda6e67c?s=96&d=mm&r=g","contentUrl":"https:\/\/secure.gravatar.com\/avatar\/736f9ff6dd176e443e4c9cf884b23352631c533b611f216dbc09fc84cda6e67c?s=96&d=mm&r=g","caption":"admin"},"url":"https:\/\/www.creaerte.com\/live\/author\/admin\/"}]}},"_links":{"self":[{"href":"https:\/\/www.creaerte.com\/live\/wp-json\/wp\/v2\/posts\/5009","targetHints":{"allow":["GET"]}}],"collection":[{"href":"https:\/\/www.creaerte.com\/live\/wp-json\/wp\/v2\/posts"}],"about":[{"href":"https:\/\/www.creaerte.com\/live\/wp-json\/wp\/v2\/types\/post"}],"author":[{"embeddable":true,"href":"https:\/\/www.creaerte.com\/live\/wp-json\/wp\/v2\/users\/1"}],"replies":[{"embeddable":true,"href":"https:\/\/www.creaerte.com\/live\/wp-json\/wp\/v2\/comments?post=5009"}],"version-history":[{"count":0,"href":"https:\/\/www.creaerte.com\/live\/wp-json\/wp\/v2\/posts\/5009\/revisions"}],"wp:attachment":[{"href":"https:\/\/www.creaerte.com\/live\/wp-json\/wp\/v2\/media?parent=5009"}],"wp:term":[{"taxonomy":"category","embeddable":true,"href":"https:\/\/www.creaerte.com\/live\/wp-json\/wp\/v2\/categories?post=5009"},{"taxonomy":"post_tag","embeddable":true,"href":"https:\/\/www.creaerte.com\/live\/wp-json\/wp\/v2\/tags?post=5009"}],"curies":[{"name":"wp","href":"https:\/\/api.w.org\/{rel}","templated":true}]}}