{"id":5353,"date":"2011-11-04T09:42:46","date_gmt":"2011-11-04T08:42:46","guid":{"rendered":"http:\/\/creaerte.com\/live\/?p=5353"},"modified":"2011-11-11T10:43:20","modified_gmt":"2011-11-11T09:43:20","slug":"frente-al-objetivo","status":"publish","type":"post","link":"https:\/\/www.creaerte.com\/live\/frente-al-objetivo\/","title":{"rendered":"Frente al objetivo: W.C. Se\u00f1oras"},"content":{"rendered":"<p>No hay modelo feo (o fea), simplemente, est\u00e1 mal iluminado\/a, no es \u00e9ste el caso del W.C. de Se\u00f1oras en la antigua y abandonada estaci\u00f3n de ferrocarril de Valencia de Alc\u00e1ntara, una puerta que ya no es puerta y apenas ventana, pero que sigue conservando el letrero informativo, record\u00e1ndonos el paso inexorable del tiempo, que s\u00f3lo deja su paso esqueletos&#8230;<\/p>\n<p>Como la imagen ya es bastante peripat\u00e9tica, nuestro gran fot\u00f3grafo Jose A. Caso opt\u00f3 por una perspectiva frontal, para que la escena fuera m\u00e1s descriptiva, sin angulaciones ni puntos de fuga. La leve inclinaci\u00f3n de la persiana y el desconchado de la piedra incrementan la sensaci\u00f3n de desuso caracter\u00edstico del lugar, m\u00e1s que un espacio f\u00edsico se ha conseguido retratar una sensaci\u00f3n.<\/p>\n<p><a href=\"http:\/\/creaerte.com\/live\/wp-content\/uploads\/2011\/11\/MG_7183.jpg\"><img fetchpriority=\"high\" decoding=\"async\" width=\"407\" height=\"610\" class=\"aligncenter size-full wp-image-5352\" title=\"_MG_7183\" src=\"http:\/\/creaerte.com\/live\/wp-content\/uploads\/2011\/11\/MG_7183.jpg\" alt=\"_MG_7183\" srcset=\"https:\/\/www.creaerte.com\/live\/wp-content\/uploads\/2011\/11\/MG_7183.jpg 407w, https:\/\/www.creaerte.com\/live\/wp-content\/uploads\/2011\/11\/MG_7183-256x384.jpg 256w\" sizes=\"(max-width: 407px) 100vw, 407px\" \/><\/a><\/p>\n<p>C\u00e1mara: <strong>Canon EOS 7D<\/strong><br \/>\nDistancia focal: <strong>20 mm<\/strong><br \/>\nObturaci\u00f3n:<strong> 1\/60s<\/strong><br \/>\nApertura: <strong>f4<\/strong><br \/>\nISO:<strong> 100<\/strong><\/p>\n","protected":false},"excerpt":{"rendered":"<p>No hay modelo feo (o fea), simplemente, est\u00e1 mal iluminado\/a, no es \u00e9ste el caso del W.C. de Se\u00f1oras en la antigua y abandonada estaci\u00f3n de ferrocarril de Valencia de Alc\u00e1ntara, una puerta que ya no es puerta y apenas ventana, pero que sigue conservando el letrero informativo, record\u00e1ndonos el paso inexorable del tiempo, que s\u00f3lo deja su paso esqueletos&#8230;&#8230;<\/p>\n","protected":false},"author":1,"featured_media":0,"comment_status":"open","ping_status":"open","sticky":false,"template":"","format":"standard","meta":{"footnotes":""},"categories":[224,10],"tags":[19],"class_list":["post-5353","post","type-post","status-publish","format-standard","hentry","category-frente-al-objetivo","category-noticias","tag-fotografia","has_thumb"],"yoast_head":"<!-- This site is optimized with the Yoast SEO plugin v26.9 - https:\/\/yoast.com\/product\/yoast-seo-wordpress\/ -->\n<title>Frente al objetivo: W.C. Se\u00f1oras - creaerte.com<\/title>\n<meta name=\"robots\" content=\"index, follow, max-snippet:-1, max-image-preview:large, max-video-preview:-1\" \/>\n<link rel=\"canonical\" href=\"https:\/\/www.creaerte.com\/live\/frente-al-objetivo\/\" \/>\n<meta property=\"og:locale\" content=\"es_ES\" \/>\n<meta property=\"og:type\" content=\"article\" \/>\n<meta property=\"og:title\" content=\"Frente al objetivo: W.C. Se\u00f1oras - creaerte.com\" \/>\n<meta property=\"og:description\" content=\"No hay modelo feo (o fea), simplemente, est\u00e1 mal iluminado\/a, no es \u00e9ste el caso del W.C. de Se\u00f1oras en la antigua y abandonada estaci\u00f3n de ferrocarril de Valencia de Alc\u00e1ntara, una puerta que ya no es puerta y apenas ventana, pero que sigue conservando el letrero informativo, record\u00e1ndonos el paso inexorable del tiempo, que s\u00f3lo deja su paso esqueletos&#8230;...\" \/>\n<meta property=\"og:url\" content=\"https:\/\/www.creaerte.com\/live\/frente-al-objetivo\/\" \/>\n<meta property=\"og:site_name\" content=\"creaerte.com\" \/>\n<meta property=\"article:publisher\" content=\"https:\/\/www.facebook.com\/creaerte\" \/>\n<meta property=\"article:published_time\" content=\"2011-11-04T08:42:46+00:00\" \/>\n<meta property=\"article:modified_time\" content=\"2011-11-11T09:43:20+00:00\" \/>\n<meta property=\"og:image\" content=\"https:\/\/www.creaerte.com\/live\/wp-content\/uploads\/2011\/11\/MG_7183.jpg\" \/>\n\t<meta property=\"og:image:width\" content=\"407\" \/>\n\t<meta property=\"og:image:height\" content=\"610\" \/>\n\t<meta property=\"og:image:type\" content=\"image\/jpeg\" \/>\n<meta name=\"author\" content=\"admin\" \/>\n<meta name=\"twitter:card\" content=\"summary_large_image\" \/>\n<meta name=\"twitter:creator\" content=\"@Creaerte\" \/>\n<meta name=\"twitter:site\" content=\"@Creaerte\" \/>\n<meta name=\"twitter:label1\" content=\"Escrito por\" \/>\n\t<meta name=\"twitter:data1\" content=\"admin\" \/>\n\t<meta name=\"twitter:label2\" content=\"Tiempo de lectura\" \/>\n\t<meta name=\"twitter:data2\" content=\"1 minuto\" \/>\n<script type=\"application\/ld+json\" class=\"yoast-schema-graph\">{\"@context\":\"https:\/\/schema.org\",\"@graph\":[{\"@type\":\"Article\",\"@id\":\"https:\/\/www.creaerte.com\/live\/frente-al-objetivo\/#article\",\"isPartOf\":{\"@id\":\"https:\/\/www.creaerte.com\/live\/frente-al-objetivo\/\"},\"author\":{\"name\":\"admin\",\"@id\":\"https:\/\/www.creaerte.com\/live\/#\/schema\/person\/acc9e93c6216bce2d569b1f0a99607f6\"},\"headline\":\"Frente al objetivo: W.C. Se\u00f1oras\",\"datePublished\":\"2011-11-04T08:42:46+00:00\",\"dateModified\":\"2011-11-11T09:43:20+00:00\",\"mainEntityOfPage\":{\"@id\":\"https:\/\/www.creaerte.com\/live\/frente-al-objetivo\/\"},\"wordCount\":159,\"commentCount\":0,\"image\":{\"@id\":\"https:\/\/www.creaerte.com\/live\/frente-al-objetivo\/#primaryimage\"},\"thumbnailUrl\":\"http:\/\/creaerte.com\/live\/wp-content\/uploads\/2011\/11\/MG_7183.jpg\",\"keywords\":[\"fotograf\u00eda\"],\"articleSection\":[\"Frente al objetivo\",\"Noticias\"],\"inLanguage\":\"es\",\"potentialAction\":[{\"@type\":\"CommentAction\",\"name\":\"Comment\",\"target\":[\"https:\/\/www.creaerte.com\/live\/frente-al-objetivo\/#respond\"]}]},{\"@type\":\"WebPage\",\"@id\":\"https:\/\/www.creaerte.com\/live\/frente-al-objetivo\/\",\"url\":\"https:\/\/www.creaerte.com\/live\/frente-al-objetivo\/\",\"name\":\"Frente al objetivo: W.C. Se\u00f1oras - creaerte.com\",\"isPartOf\":{\"@id\":\"https:\/\/www.creaerte.com\/live\/#website\"},\"primaryImageOfPage\":{\"@id\":\"https:\/\/www.creaerte.com\/live\/frente-al-objetivo\/#primaryimage\"},\"image\":{\"@id\":\"https:\/\/www.creaerte.com\/live\/frente-al-objetivo\/#primaryimage\"},\"thumbnailUrl\":\"http:\/\/creaerte.com\/live\/wp-content\/uploads\/2011\/11\/MG_7183.jpg\",\"datePublished\":\"2011-11-04T08:42:46+00:00\",\"dateModified\":\"2011-11-11T09:43:20+00:00\",\"author\":{\"@id\":\"https:\/\/www.creaerte.com\/live\/#\/schema\/person\/acc9e93c6216bce2d569b1f0a99607f6\"},\"inLanguage\":\"es\",\"potentialAction\":[{\"@type\":\"ReadAction\",\"target\":[\"https:\/\/www.creaerte.com\/live\/frente-al-objetivo\/\"]}]},{\"@type\":\"ImageObject\",\"inLanguage\":\"es\",\"@id\":\"https:\/\/www.creaerte.com\/live\/frente-al-objetivo\/#primaryimage\",\"url\":\"http:\/\/creaerte.com\/live\/wp-content\/uploads\/2011\/11\/MG_7183.jpg\",\"contentUrl\":\"http:\/\/creaerte.com\/live\/wp-content\/uploads\/2011\/11\/MG_7183.jpg\"},{\"@type\":\"WebSite\",\"@id\":\"https:\/\/www.creaerte.com\/live\/#website\",\"url\":\"https:\/\/www.creaerte.com\/live\/\",\"name\":\"creaerte.com\",\"description\":\"Agencia de publicidad, comunicaci\u00f3n y marketing en C\u00e1ceres \u2022 Extremadura\",\"potentialAction\":[{\"@type\":\"SearchAction\",\"target\":{\"@type\":\"EntryPoint\",\"urlTemplate\":\"https:\/\/www.creaerte.com\/live\/?s={search_term_string}\"},\"query-input\":{\"@type\":\"PropertyValueSpecification\",\"valueRequired\":true,\"valueName\":\"search_term_string\"}}],\"inLanguage\":\"es\"},{\"@type\":\"Person\",\"@id\":\"https:\/\/www.creaerte.com\/live\/#\/schema\/person\/acc9e93c6216bce2d569b1f0a99607f6\",\"name\":\"admin\",\"image\":{\"@type\":\"ImageObject\",\"inLanguage\":\"es\",\"@id\":\"https:\/\/www.creaerte.com\/live\/#\/schema\/person\/image\/\",\"url\":\"https:\/\/secure.gravatar.com\/avatar\/736f9ff6dd176e443e4c9cf884b23352631c533b611f216dbc09fc84cda6e67c?s=96&d=mm&r=g\",\"contentUrl\":\"https:\/\/secure.gravatar.com\/avatar\/736f9ff6dd176e443e4c9cf884b23352631c533b611f216dbc09fc84cda6e67c?s=96&d=mm&r=g\",\"caption\":\"admin\"},\"url\":\"https:\/\/www.creaerte.com\/live\/author\/admin\/\"}]}<\/script>\n<!-- \/ Yoast SEO plugin. -->","yoast_head_json":{"title":"Frente al objetivo: W.C. Se\u00f1oras - creaerte.com","robots":{"index":"index","follow":"follow","max-snippet":"max-snippet:-1","max-image-preview":"max-image-preview:large","max-video-preview":"max-video-preview:-1"},"canonical":"https:\/\/www.creaerte.com\/live\/frente-al-objetivo\/","og_locale":"es_ES","og_type":"article","og_title":"Frente al objetivo: W.C. Se\u00f1oras - creaerte.com","og_description":"No hay modelo feo (o fea), simplemente, est\u00e1 mal iluminado\/a, no es \u00e9ste el caso del W.C. de Se\u00f1oras en la antigua y abandonada estaci\u00f3n de ferrocarril de Valencia de Alc\u00e1ntara, una puerta que ya no es puerta y apenas ventana, pero que sigue conservando el letrero informativo, record\u00e1ndonos el paso inexorable del tiempo, que s\u00f3lo deja su paso esqueletos&#8230;...","og_url":"https:\/\/www.creaerte.com\/live\/frente-al-objetivo\/","og_site_name":"creaerte.com","article_publisher":"https:\/\/www.facebook.com\/creaerte","article_published_time":"2011-11-04T08:42:46+00:00","article_modified_time":"2011-11-11T09:43:20+00:00","og_image":[{"width":407,"height":610,"url":"https:\/\/www.creaerte.com\/live\/wp-content\/uploads\/2011\/11\/MG_7183.jpg","type":"image\/jpeg"}],"author":"admin","twitter_card":"summary_large_image","twitter_creator":"@Creaerte","twitter_site":"@Creaerte","twitter_misc":{"Escrito por":"admin","Tiempo de lectura":"1 minuto"},"schema":{"@context":"https:\/\/schema.org","@graph":[{"@type":"Article","@id":"https:\/\/www.creaerte.com\/live\/frente-al-objetivo\/#article","isPartOf":{"@id":"https:\/\/www.creaerte.com\/live\/frente-al-objetivo\/"},"author":{"name":"admin","@id":"https:\/\/www.creaerte.com\/live\/#\/schema\/person\/acc9e93c6216bce2d569b1f0a99607f6"},"headline":"Frente al objetivo: W.C. Se\u00f1oras","datePublished":"2011-11-04T08:42:46+00:00","dateModified":"2011-11-11T09:43:20+00:00","mainEntityOfPage":{"@id":"https:\/\/www.creaerte.com\/live\/frente-al-objetivo\/"},"wordCount":159,"commentCount":0,"image":{"@id":"https:\/\/www.creaerte.com\/live\/frente-al-objetivo\/#primaryimage"},"thumbnailUrl":"http:\/\/creaerte.com\/live\/wp-content\/uploads\/2011\/11\/MG_7183.jpg","keywords":["fotograf\u00eda"],"articleSection":["Frente al objetivo","Noticias"],"inLanguage":"es","potentialAction":[{"@type":"CommentAction","name":"Comment","target":["https:\/\/www.creaerte.com\/live\/frente-al-objetivo\/#respond"]}]},{"@type":"WebPage","@id":"https:\/\/www.creaerte.com\/live\/frente-al-objetivo\/","url":"https:\/\/www.creaerte.com\/live\/frente-al-objetivo\/","name":"Frente al objetivo: W.C. Se\u00f1oras - creaerte.com","isPartOf":{"@id":"https:\/\/www.creaerte.com\/live\/#website"},"primaryImageOfPage":{"@id":"https:\/\/www.creaerte.com\/live\/frente-al-objetivo\/#primaryimage"},"image":{"@id":"https:\/\/www.creaerte.com\/live\/frente-al-objetivo\/#primaryimage"},"thumbnailUrl":"http:\/\/creaerte.com\/live\/wp-content\/uploads\/2011\/11\/MG_7183.jpg","datePublished":"2011-11-04T08:42:46+00:00","dateModified":"2011-11-11T09:43:20+00:00","author":{"@id":"https:\/\/www.creaerte.com\/live\/#\/schema\/person\/acc9e93c6216bce2d569b1f0a99607f6"},"inLanguage":"es","potentialAction":[{"@type":"ReadAction","target":["https:\/\/www.creaerte.com\/live\/frente-al-objetivo\/"]}]},{"@type":"ImageObject","inLanguage":"es","@id":"https:\/\/www.creaerte.com\/live\/frente-al-objetivo\/#primaryimage","url":"http:\/\/creaerte.com\/live\/wp-content\/uploads\/2011\/11\/MG_7183.jpg","contentUrl":"http:\/\/creaerte.com\/live\/wp-content\/uploads\/2011\/11\/MG_7183.jpg"},{"@type":"WebSite","@id":"https:\/\/www.creaerte.com\/live\/#website","url":"https:\/\/www.creaerte.com\/live\/","name":"creaerte.com","description":"Agencia de publicidad, comunicaci\u00f3n y marketing en C\u00e1ceres \u2022 Extremadura","potentialAction":[{"@type":"SearchAction","target":{"@type":"EntryPoint","urlTemplate":"https:\/\/www.creaerte.com\/live\/?s={search_term_string}"},"query-input":{"@type":"PropertyValueSpecification","valueRequired":true,"valueName":"search_term_string"}}],"inLanguage":"es"},{"@type":"Person","@id":"https:\/\/www.creaerte.com\/live\/#\/schema\/person\/acc9e93c6216bce2d569b1f0a99607f6","name":"admin","image":{"@type":"ImageObject","inLanguage":"es","@id":"https:\/\/www.creaerte.com\/live\/#\/schema\/person\/image\/","url":"https:\/\/secure.gravatar.com\/avatar\/736f9ff6dd176e443e4c9cf884b23352631c533b611f216dbc09fc84cda6e67c?s=96&d=mm&r=g","contentUrl":"https:\/\/secure.gravatar.com\/avatar\/736f9ff6dd176e443e4c9cf884b23352631c533b611f216dbc09fc84cda6e67c?s=96&d=mm&r=g","caption":"admin"},"url":"https:\/\/www.creaerte.com\/live\/author\/admin\/"}]}},"_links":{"self":[{"href":"https:\/\/www.creaerte.com\/live\/wp-json\/wp\/v2\/posts\/5353","targetHints":{"allow":["GET"]}}],"collection":[{"href":"https:\/\/www.creaerte.com\/live\/wp-json\/wp\/v2\/posts"}],"about":[{"href":"https:\/\/www.creaerte.com\/live\/wp-json\/wp\/v2\/types\/post"}],"author":[{"embeddable":true,"href":"https:\/\/www.creaerte.com\/live\/wp-json\/wp\/v2\/users\/1"}],"replies":[{"embeddable":true,"href":"https:\/\/www.creaerte.com\/live\/wp-json\/wp\/v2\/comments?post=5353"}],"version-history":[{"count":0,"href":"https:\/\/www.creaerte.com\/live\/wp-json\/wp\/v2\/posts\/5353\/revisions"}],"wp:attachment":[{"href":"https:\/\/www.creaerte.com\/live\/wp-json\/wp\/v2\/media?parent=5353"}],"wp:term":[{"taxonomy":"category","embeddable":true,"href":"https:\/\/www.creaerte.com\/live\/wp-json\/wp\/v2\/categories?post=5353"},{"taxonomy":"post_tag","embeddable":true,"href":"https:\/\/www.creaerte.com\/live\/wp-json\/wp\/v2\/tags?post=5353"}],"curies":[{"name":"wp","href":"https:\/\/api.w.org\/{rel}","templated":true}]}}