{"id":5382,"date":"2011-11-07T10:18:58","date_gmt":"2011-11-07T09:18:58","guid":{"rendered":"http:\/\/creaerte.com\/live\/?p=5382"},"modified":"2011-11-07T10:22:30","modified_gmt":"2011-11-07T09:22:30","slug":"las-espirales-de-chan-hwee-chong-y-faber-castell","status":"publish","type":"post","link":"https:\/\/www.creaerte.com\/live\/las-espirales-de-chan-hwee-chong-y-faber-castell\/","title":{"rendered":"Las espirales de Chan Hwee Chong y Faber Castell"},"content":{"rendered":"<p><iframe width=\"560\" height=\"315\" src=\"http:\/\/www.youtube.com\/embed\/bHrjn8kAnqk\" frameborder=\"0\" allowfullscreen><\/iframe><\/p>\n<p>Chan Hwee Chong es un ilustrador\/dise\u00f1ador con sede en Singapur que ha participado en la \u00faltima campa\u00f1a de Faber Castell (marcadores, rotuladores, etc), donde este artista ha reproducido algunas de las obras de arte m\u00e1s representativas de la historia en espirales a mano alzada, con una precisi\u00f3n que roza lo asombroso. Se trata de una campa\u00f1a ideada por la Agencia Ogilvy and Mather Singapore.<\/p>\n<p>Puedes encontrar \u00e9ste y otros trabajos de Chan Hwee Chong en su portafolio <a href=\"http:\/\/www.behance.net\/Hweechong\" target=\"_blank\">behance.net\/Hweechong<\/a>.<\/p>\n<p><a href=\"http:\/\/creaerte.com\/live\/wp-content\/uploads\/2011\/11\/chang2.jpg\"><img fetchpriority=\"high\" decoding=\"async\" class=\"aligncenter size-full wp-image-5385\" title=\"chang2\" src=\"http:\/\/creaerte.com\/live\/wp-content\/uploads\/2011\/11\/chang2.jpg\" alt=\"chang2\" width=\"600\" height=\"400\" srcset=\"https:\/\/www.creaerte.com\/live\/wp-content\/uploads\/2011\/11\/chang2.jpg 600w, https:\/\/www.creaerte.com\/live\/wp-content\/uploads\/2011\/11\/chang2-384x256.jpg 384w\" sizes=\"(max-width: 600px) 100vw, 600px\" \/><\/a><\/p>\n<p><a href=\"http:\/\/creaerte.com\/live\/wp-content\/uploads\/2011\/11\/chang4.jpg\"><img decoding=\"async\" class=\"aligncenter size-full wp-image-5387\" title=\"chang4\" src=\"http:\/\/creaerte.com\/live\/wp-content\/uploads\/2011\/11\/chang4.jpg\" alt=\"chang4\" width=\"600\" height=\"400\" srcset=\"https:\/\/www.creaerte.com\/live\/wp-content\/uploads\/2011\/11\/chang4.jpg 600w, https:\/\/www.creaerte.com\/live\/wp-content\/uploads\/2011\/11\/chang4-384x256.jpg 384w\" sizes=\"(max-width: 600px) 100vw, 600px\" \/><\/a><\/p>\n<p><a href=\"http:\/\/creaerte.com\/live\/wp-content\/uploads\/2011\/11\/chang6.jpg\"><img decoding=\"async\" class=\"aligncenter size-full wp-image-5389\" title=\"chang6\" src=\"http:\/\/creaerte.com\/live\/wp-content\/uploads\/2011\/11\/chang6.jpg\" alt=\"chang6\" \/><\/a><\/p>\n<p><a href=\"http:\/\/creaerte.com\/live\/wp-content\/uploads\/2011\/11\/chang1.jpg\"><img decoding=\"async\" class=\"aligncenter size-full wp-image-5384\" title=\"chang1\" src=\"http:\/\/creaerte.com\/live\/wp-content\/uploads\/2011\/11\/chang1.jpg\" alt=\"chang1\" \/><\/a><\/p>\n<p><a href=\"http:\/\/creaerte.com\/live\/wp-content\/uploads\/2011\/11\/chang3.jpg\"><img decoding=\"async\" class=\"aligncenter size-full wp-image-5386\" title=\"chang3\" src=\"http:\/\/creaerte.com\/live\/wp-content\/uploads\/2011\/11\/chang3.jpg\" alt=\"chang3\" \/><\/a><\/p>\n<p><a href=\"http:\/\/creaerte.com\/live\/wp-content\/uploads\/2011\/11\/chang5.jpg\"><img decoding=\"async\" class=\"aligncenter size-full wp-image-5388\" title=\"chang5\" src=\"http:\/\/creaerte.com\/live\/wp-content\/uploads\/2011\/11\/chang5.jpg\" alt=\"chang5\" width=\"600\" height=\"768\" srcset=\"https:\/\/www.creaerte.com\/live\/wp-content\/uploads\/2011\/11\/chang5.jpg 600w, https:\/\/www.creaerte.com\/live\/wp-content\/uploads\/2011\/11\/chang5-300x384.jpg 300w\" sizes=\"(max-width: 600px) 100vw, 600px\" \/><\/a><\/p>\n","protected":false},"excerpt":{"rendered":"<p>Chan Hwee Chong es un ilustrador\/dise\u00f1ador con sede en Singapur que ha participado en la \u00faltima campa\u00f1a de Faber Castell (marcadores, rotuladores, etc), donde este artista ha reproducido algunas de las obras de arte m\u00e1s representativas de la historia en espirales a mano alzada, con una precisi\u00f3n que roza lo asombroso. Se trata de una campa\u00f1a ideada por la Agencia&#8230;<\/p>\n","protected":false},"author":1,"featured_media":0,"comment_status":"open","ping_status":"open","sticky":false,"template":"","format":"standard","meta":{"footnotes":""},"categories":[10],"tags":[33,6],"class_list":["post-5382","post","type-post","status-publish","format-standard","hentry","category-noticias","tag-arte","tag-publicidad","has_thumb"],"yoast_head":"<!-- This site is optimized with the Yoast SEO plugin v26.9 - https:\/\/yoast.com\/product\/yoast-seo-wordpress\/ -->\n<title>Las espirales de Chan Hwee Chong y Faber Castell - creaerte.com<\/title>\n<meta name=\"robots\" content=\"index, follow, max-snippet:-1, max-image-preview:large, max-video-preview:-1\" \/>\n<link rel=\"canonical\" href=\"https:\/\/www.creaerte.com\/live\/las-espirales-de-chan-hwee-chong-y-faber-castell\/\" \/>\n<meta property=\"og:locale\" content=\"es_ES\" \/>\n<meta property=\"og:type\" content=\"article\" \/>\n<meta property=\"og:title\" content=\"Las espirales de Chan Hwee Chong y Faber Castell - creaerte.com\" \/>\n<meta property=\"og:description\" content=\"Chan Hwee Chong es un ilustrador\/dise\u00f1ador con sede en Singapur que ha participado en la \u00faltima campa\u00f1a de Faber Castell (marcadores, rotuladores, etc), donde este artista ha reproducido algunas de las obras de arte m\u00e1s representativas de la historia en espirales a mano alzada, con una precisi\u00f3n que roza lo asombroso. Se trata de una campa\u00f1a ideada por la Agencia...\" \/>\n<meta property=\"og:url\" content=\"https:\/\/www.creaerte.com\/live\/las-espirales-de-chan-hwee-chong-y-faber-castell\/\" \/>\n<meta property=\"og:site_name\" content=\"creaerte.com\" \/>\n<meta property=\"article:publisher\" content=\"https:\/\/www.facebook.com\/creaerte\" \/>\n<meta property=\"article:published_time\" content=\"2011-11-07T09:18:58+00:00\" \/>\n<meta property=\"article:modified_time\" content=\"2011-11-07T09:22:30+00:00\" \/>\n<meta property=\"og:image\" content=\"https:\/\/www.creaerte.com\/live\/wp-content\/uploads\/2011\/11\/chang2.jpg\" \/>\n\t<meta property=\"og:image:width\" content=\"600\" \/>\n\t<meta property=\"og:image:height\" content=\"400\" \/>\n\t<meta property=\"og:image:type\" content=\"image\/jpeg\" \/>\n<meta name=\"author\" content=\"admin\" \/>\n<meta name=\"twitter:card\" content=\"summary_large_image\" \/>\n<meta name=\"twitter:creator\" content=\"@Creaerte\" \/>\n<meta name=\"twitter:site\" content=\"@Creaerte\" \/>\n<meta name=\"twitter:label1\" content=\"Escrito por\" \/>\n\t<meta name=\"twitter:data1\" content=\"admin\" \/>\n<script type=\"application\/ld+json\" class=\"yoast-schema-graph\">{\"@context\":\"https:\/\/schema.org\",\"@graph\":[{\"@type\":\"Article\",\"@id\":\"https:\/\/www.creaerte.com\/live\/las-espirales-de-chan-hwee-chong-y-faber-castell\/#article\",\"isPartOf\":{\"@id\":\"https:\/\/www.creaerte.com\/live\/las-espirales-de-chan-hwee-chong-y-faber-castell\/\"},\"author\":{\"name\":\"admin\",\"@id\":\"https:\/\/www.creaerte.com\/live\/#\/schema\/person\/acc9e93c6216bce2d569b1f0a99607f6\"},\"headline\":\"Las espirales de Chan Hwee Chong y Faber Castell\",\"datePublished\":\"2011-11-07T09:18:58+00:00\",\"dateModified\":\"2011-11-07T09:22:30+00:00\",\"mainEntityOfPage\":{\"@id\":\"https:\/\/www.creaerte.com\/live\/las-espirales-de-chan-hwee-chong-y-faber-castell\/\"},\"wordCount\":95,\"commentCount\":0,\"image\":{\"@id\":\"https:\/\/www.creaerte.com\/live\/las-espirales-de-chan-hwee-chong-y-faber-castell\/#primaryimage\"},\"thumbnailUrl\":\"http:\/\/creaerte.com\/live\/wp-content\/uploads\/2011\/11\/chang2.jpg\",\"keywords\":[\"arte\",\"publicidad\"],\"articleSection\":[\"Noticias\"],\"inLanguage\":\"es\",\"potentialAction\":[{\"@type\":\"CommentAction\",\"name\":\"Comment\",\"target\":[\"https:\/\/www.creaerte.com\/live\/las-espirales-de-chan-hwee-chong-y-faber-castell\/#respond\"]}]},{\"@type\":\"WebPage\",\"@id\":\"https:\/\/www.creaerte.com\/live\/las-espirales-de-chan-hwee-chong-y-faber-castell\/\",\"url\":\"https:\/\/www.creaerte.com\/live\/las-espirales-de-chan-hwee-chong-y-faber-castell\/\",\"name\":\"Las espirales de Chan Hwee Chong y Faber Castell - creaerte.com\",\"isPartOf\":{\"@id\":\"https:\/\/www.creaerte.com\/live\/#website\"},\"primaryImageOfPage\":{\"@id\":\"https:\/\/www.creaerte.com\/live\/las-espirales-de-chan-hwee-chong-y-faber-castell\/#primaryimage\"},\"image\":{\"@id\":\"https:\/\/www.creaerte.com\/live\/las-espirales-de-chan-hwee-chong-y-faber-castell\/#primaryimage\"},\"thumbnailUrl\":\"http:\/\/creaerte.com\/live\/wp-content\/uploads\/2011\/11\/chang2.jpg\",\"datePublished\":\"2011-11-07T09:18:58+00:00\",\"dateModified\":\"2011-11-07T09:22:30+00:00\",\"author\":{\"@id\":\"https:\/\/www.creaerte.com\/live\/#\/schema\/person\/acc9e93c6216bce2d569b1f0a99607f6\"},\"inLanguage\":\"es\",\"potentialAction\":[{\"@type\":\"ReadAction\",\"target\":[\"https:\/\/www.creaerte.com\/live\/las-espirales-de-chan-hwee-chong-y-faber-castell\/\"]}]},{\"@type\":\"ImageObject\",\"inLanguage\":\"es\",\"@id\":\"https:\/\/www.creaerte.com\/live\/las-espirales-de-chan-hwee-chong-y-faber-castell\/#primaryimage\",\"url\":\"http:\/\/creaerte.com\/live\/wp-content\/uploads\/2011\/11\/chang2.jpg\",\"contentUrl\":\"http:\/\/creaerte.com\/live\/wp-content\/uploads\/2011\/11\/chang2.jpg\"},{\"@type\":\"WebSite\",\"@id\":\"https:\/\/www.creaerte.com\/live\/#website\",\"url\":\"https:\/\/www.creaerte.com\/live\/\",\"name\":\"creaerte.com\",\"description\":\"Agencia de publicidad, comunicaci\u00f3n y marketing en C\u00e1ceres \u2022 Extremadura\",\"potentialAction\":[{\"@type\":\"SearchAction\",\"target\":{\"@type\":\"EntryPoint\",\"urlTemplate\":\"https:\/\/www.creaerte.com\/live\/?s={search_term_string}\"},\"query-input\":{\"@type\":\"PropertyValueSpecification\",\"valueRequired\":true,\"valueName\":\"search_term_string\"}}],\"inLanguage\":\"es\"},{\"@type\":\"Person\",\"@id\":\"https:\/\/www.creaerte.com\/live\/#\/schema\/person\/acc9e93c6216bce2d569b1f0a99607f6\",\"name\":\"admin\",\"image\":{\"@type\":\"ImageObject\",\"inLanguage\":\"es\",\"@id\":\"https:\/\/www.creaerte.com\/live\/#\/schema\/person\/image\/\",\"url\":\"https:\/\/secure.gravatar.com\/avatar\/736f9ff6dd176e443e4c9cf884b23352631c533b611f216dbc09fc84cda6e67c?s=96&d=mm&r=g\",\"contentUrl\":\"https:\/\/secure.gravatar.com\/avatar\/736f9ff6dd176e443e4c9cf884b23352631c533b611f216dbc09fc84cda6e67c?s=96&d=mm&r=g\",\"caption\":\"admin\"},\"url\":\"https:\/\/www.creaerte.com\/live\/author\/admin\/\"}]}<\/script>\n<!-- \/ Yoast SEO plugin. -->","yoast_head_json":{"title":"Las espirales de Chan Hwee Chong y Faber Castell - creaerte.com","robots":{"index":"index","follow":"follow","max-snippet":"max-snippet:-1","max-image-preview":"max-image-preview:large","max-video-preview":"max-video-preview:-1"},"canonical":"https:\/\/www.creaerte.com\/live\/las-espirales-de-chan-hwee-chong-y-faber-castell\/","og_locale":"es_ES","og_type":"article","og_title":"Las espirales de Chan Hwee Chong y Faber Castell - creaerte.com","og_description":"Chan Hwee Chong es un ilustrador\/dise\u00f1ador con sede en Singapur que ha participado en la \u00faltima campa\u00f1a de Faber Castell (marcadores, rotuladores, etc), donde este artista ha reproducido algunas de las obras de arte m\u00e1s representativas de la historia en espirales a mano alzada, con una precisi\u00f3n que roza lo asombroso. Se trata de una campa\u00f1a ideada por la Agencia...","og_url":"https:\/\/www.creaerte.com\/live\/las-espirales-de-chan-hwee-chong-y-faber-castell\/","og_site_name":"creaerte.com","article_publisher":"https:\/\/www.facebook.com\/creaerte","article_published_time":"2011-11-07T09:18:58+00:00","article_modified_time":"2011-11-07T09:22:30+00:00","og_image":[{"width":600,"height":400,"url":"https:\/\/www.creaerte.com\/live\/wp-content\/uploads\/2011\/11\/chang2.jpg","type":"image\/jpeg"}],"author":"admin","twitter_card":"summary_large_image","twitter_creator":"@Creaerte","twitter_site":"@Creaerte","twitter_misc":{"Escrito por":"admin"},"schema":{"@context":"https:\/\/schema.org","@graph":[{"@type":"Article","@id":"https:\/\/www.creaerte.com\/live\/las-espirales-de-chan-hwee-chong-y-faber-castell\/#article","isPartOf":{"@id":"https:\/\/www.creaerte.com\/live\/las-espirales-de-chan-hwee-chong-y-faber-castell\/"},"author":{"name":"admin","@id":"https:\/\/www.creaerte.com\/live\/#\/schema\/person\/acc9e93c6216bce2d569b1f0a99607f6"},"headline":"Las espirales de Chan Hwee Chong y Faber Castell","datePublished":"2011-11-07T09:18:58+00:00","dateModified":"2011-11-07T09:22:30+00:00","mainEntityOfPage":{"@id":"https:\/\/www.creaerte.com\/live\/las-espirales-de-chan-hwee-chong-y-faber-castell\/"},"wordCount":95,"commentCount":0,"image":{"@id":"https:\/\/www.creaerte.com\/live\/las-espirales-de-chan-hwee-chong-y-faber-castell\/#primaryimage"},"thumbnailUrl":"http:\/\/creaerte.com\/live\/wp-content\/uploads\/2011\/11\/chang2.jpg","keywords":["arte","publicidad"],"articleSection":["Noticias"],"inLanguage":"es","potentialAction":[{"@type":"CommentAction","name":"Comment","target":["https:\/\/www.creaerte.com\/live\/las-espirales-de-chan-hwee-chong-y-faber-castell\/#respond"]}]},{"@type":"WebPage","@id":"https:\/\/www.creaerte.com\/live\/las-espirales-de-chan-hwee-chong-y-faber-castell\/","url":"https:\/\/www.creaerte.com\/live\/las-espirales-de-chan-hwee-chong-y-faber-castell\/","name":"Las espirales de Chan Hwee Chong y Faber Castell - creaerte.com","isPartOf":{"@id":"https:\/\/www.creaerte.com\/live\/#website"},"primaryImageOfPage":{"@id":"https:\/\/www.creaerte.com\/live\/las-espirales-de-chan-hwee-chong-y-faber-castell\/#primaryimage"},"image":{"@id":"https:\/\/www.creaerte.com\/live\/las-espirales-de-chan-hwee-chong-y-faber-castell\/#primaryimage"},"thumbnailUrl":"http:\/\/creaerte.com\/live\/wp-content\/uploads\/2011\/11\/chang2.jpg","datePublished":"2011-11-07T09:18:58+00:00","dateModified":"2011-11-07T09:22:30+00:00","author":{"@id":"https:\/\/www.creaerte.com\/live\/#\/schema\/person\/acc9e93c6216bce2d569b1f0a99607f6"},"inLanguage":"es","potentialAction":[{"@type":"ReadAction","target":["https:\/\/www.creaerte.com\/live\/las-espirales-de-chan-hwee-chong-y-faber-castell\/"]}]},{"@type":"ImageObject","inLanguage":"es","@id":"https:\/\/www.creaerte.com\/live\/las-espirales-de-chan-hwee-chong-y-faber-castell\/#primaryimage","url":"http:\/\/creaerte.com\/live\/wp-content\/uploads\/2011\/11\/chang2.jpg","contentUrl":"http:\/\/creaerte.com\/live\/wp-content\/uploads\/2011\/11\/chang2.jpg"},{"@type":"WebSite","@id":"https:\/\/www.creaerte.com\/live\/#website","url":"https:\/\/www.creaerte.com\/live\/","name":"creaerte.com","description":"Agencia de publicidad, comunicaci\u00f3n y marketing en C\u00e1ceres \u2022 Extremadura","potentialAction":[{"@type":"SearchAction","target":{"@type":"EntryPoint","urlTemplate":"https:\/\/www.creaerte.com\/live\/?s={search_term_string}"},"query-input":{"@type":"PropertyValueSpecification","valueRequired":true,"valueName":"search_term_string"}}],"inLanguage":"es"},{"@type":"Person","@id":"https:\/\/www.creaerte.com\/live\/#\/schema\/person\/acc9e93c6216bce2d569b1f0a99607f6","name":"admin","image":{"@type":"ImageObject","inLanguage":"es","@id":"https:\/\/www.creaerte.com\/live\/#\/schema\/person\/image\/","url":"https:\/\/secure.gravatar.com\/avatar\/736f9ff6dd176e443e4c9cf884b23352631c533b611f216dbc09fc84cda6e67c?s=96&d=mm&r=g","contentUrl":"https:\/\/secure.gravatar.com\/avatar\/736f9ff6dd176e443e4c9cf884b23352631c533b611f216dbc09fc84cda6e67c?s=96&d=mm&r=g","caption":"admin"},"url":"https:\/\/www.creaerte.com\/live\/author\/admin\/"}]}},"_links":{"self":[{"href":"https:\/\/www.creaerte.com\/live\/wp-json\/wp\/v2\/posts\/5382","targetHints":{"allow":["GET"]}}],"collection":[{"href":"https:\/\/www.creaerte.com\/live\/wp-json\/wp\/v2\/posts"}],"about":[{"href":"https:\/\/www.creaerte.com\/live\/wp-json\/wp\/v2\/types\/post"}],"author":[{"embeddable":true,"href":"https:\/\/www.creaerte.com\/live\/wp-json\/wp\/v2\/users\/1"}],"replies":[{"embeddable":true,"href":"https:\/\/www.creaerte.com\/live\/wp-json\/wp\/v2\/comments?post=5382"}],"version-history":[{"count":0,"href":"https:\/\/www.creaerte.com\/live\/wp-json\/wp\/v2\/posts\/5382\/revisions"}],"wp:attachment":[{"href":"https:\/\/www.creaerte.com\/live\/wp-json\/wp\/v2\/media?parent=5382"}],"wp:term":[{"taxonomy":"category","embeddable":true,"href":"https:\/\/www.creaerte.com\/live\/wp-json\/wp\/v2\/categories?post=5382"},{"taxonomy":"post_tag","embeddable":true,"href":"https:\/\/www.creaerte.com\/live\/wp-json\/wp\/v2\/tags?post=5382"}],"curies":[{"name":"wp","href":"https:\/\/api.w.org\/{rel}","templated":true}]}}