{"id":5393,"date":"2011-11-08T10:25:18","date_gmt":"2011-11-08T09:25:18","guid":{"rendered":"http:\/\/creaerte.com\/live\/?p=5393"},"modified":"2011-11-08T10:26:04","modified_gmt":"2011-11-08T09:26:04","slug":"ojos-de-suren-manvelyan","status":"publish","type":"post","link":"https:\/\/www.creaerte.com\/live\/ojos-de-suren-manvelyan\/","title":{"rendered":"Ojos de Suren Manvelyan"},"content":{"rendered":"<p>La macrofotograf\u00eda hace referencia a aquella en la que se fotograf\u00edan objetos\/animales\/modelos a tama\u00f1o natural, en una proporci\u00f3n de 1:1 al menos; a veces resulta muy dif\u00edcil explicar conceptos sencillos, para saber qu\u00e9 es la macrofotograf\u00eda tenemos el inmejorable ejemplo de <a href=\"http:\/\/www.surenmanvelyan.com\/\" target=\"_blank\">Suren Manvelyan<\/a> y sus ojos en primer\u00edsimo primer plano.<\/p>\n<p>Este fot\u00f3grafo armenio, originario de Yerevan, comenz\u00f3 el proyecto \u2018You Beautiful Eyes\u2019 con una r\u00e9flex digital y una lente de 100\/2.8 para capturar con la mayor fidelidad cada uno de los detalles del ojo humano, una tarea complicada por la cantidad de reflejos que capta y reproduce el cristalino, el secreto de Suren para evitar elementos indeseables en las fotograf\u00edas no pod\u00eda ser otro que la iluminaci\u00f3n, luz difusa y poca intensidad para lograr que la pupila se dilate. \u00bfQu\u00e9 piensas de la fotograf\u00eda macro?<\/p>\n<p><a href=\"http:\/\/creaerte.com\/live\/wp-content\/uploads\/2011\/11\/eye9.jpg\"><img decoding=\"async\" class=\"aligncenter size-full wp-image-5400\" title=\"eye9\" src=\"http:\/\/creaerte.com\/live\/wp-content\/uploads\/2011\/11\/eye9.jpg\" alt=\"eye9\" width=\"467\" srcset=\"https:\/\/www.creaerte.com\/live\/wp-content\/uploads\/2011\/11\/eye9.jpg 504w, https:\/\/www.creaerte.com\/live\/wp-content\/uploads\/2011\/11\/eye9-276x384.jpg 276w\" sizes=\"(max-width: 504px) 100vw, 504px\" \/><\/a><\/p>\n<p><a href=\"http:\/\/creaerte.com\/live\/wp-content\/uploads\/2011\/11\/eye7.jpg\"><img decoding=\"async\" class=\"aligncenter size-full wp-image-5398\" title=\"eye7\" src=\"http:\/\/creaerte.com\/live\/wp-content\/uploads\/2011\/11\/eye7.jpg\" alt=\"eye7\" width=\"467\" srcset=\"https:\/\/www.creaerte.com\/live\/wp-content\/uploads\/2011\/11\/eye7.jpg 584w, https:\/\/www.creaerte.com\/live\/wp-content\/uploads\/2011\/11\/eye7-320x384.jpg 320w\" sizes=\"(max-width: 584px) 100vw, 584px\" \/><\/a><\/p>\n<p><a href=\"http:\/\/creaerte.com\/live\/wp-content\/uploads\/2011\/11\/eye8.jpg\"><img fetchpriority=\"high\" decoding=\"async\" class=\"aligncenter size-full wp-image-5399\" title=\"eye8\" src=\"http:\/\/creaerte.com\/live\/wp-content\/uploads\/2011\/11\/eye8.jpg\" alt=\"eye8\" width=\"467\" height=\"700\" srcset=\"https:\/\/www.creaerte.com\/live\/wp-content\/uploads\/2011\/11\/eye8.jpg 467w, https:\/\/www.creaerte.com\/live\/wp-content\/uploads\/2011\/11\/eye8-256x384.jpg 256w\" sizes=\"(max-width: 467px) 100vw, 467px\" \/><\/a><\/p>\n<p><a href=\"http:\/\/creaerte.com\/live\/wp-content\/uploads\/2011\/11\/eye5.jpg\"><img decoding=\"async\" class=\"aligncenter size-full wp-image-5397\" title=\"eye5\" src=\"http:\/\/creaerte.com\/live\/wp-content\/uploads\/2011\/11\/eye5.jpg\" alt=\"eye5\" width=\"467\" srcset=\"https:\/\/www.creaerte.com\/live\/wp-content\/uploads\/2011\/11\/eye5.jpg 522w, https:\/\/www.creaerte.com\/live\/wp-content\/uploads\/2011\/11\/eye5-286x384.jpg 286w\" sizes=\"(max-width: 522px) 100vw, 522px\" \/><\/a><\/p>\n<p><a href=\"http:\/\/creaerte.com\/live\/wp-content\/uploads\/2011\/11\/eye3.jpg\"><img decoding=\"async\" class=\"aligncenter size-full wp-image-5396\" title=\"eye3\" src=\"http:\/\/creaerte.com\/live\/wp-content\/uploads\/2011\/11\/eye3.jpg\" alt=\"eye3\" width=\"467\" \/><\/a><\/p>\n<p><a href=\"http:\/\/creaerte.com\/live\/wp-content\/uploads\/2011\/11\/eye2.jpg\"><img decoding=\"async\" class=\"aligncenter size-full wp-image-5395\" title=\"eye2\" src=\"http:\/\/creaerte.com\/live\/wp-content\/uploads\/2011\/11\/eye2.jpg\" alt=\"eye2\" width=\"467\" \/><\/a><\/p>\n","protected":false},"excerpt":{"rendered":"<p>La macrofotograf\u00eda hace referencia a aquella en la que se fotograf\u00edan objetos\/animales\/modelos a tama\u00f1o natural, en una proporci\u00f3n de 1:1 al menos; a veces resulta muy dif\u00edcil explicar conceptos sencillos, para saber qu\u00e9 es la macrofotograf\u00eda tenemos el inmejorable ejemplo de Suren Manvelyan y sus ojos en primer\u00edsimo primer plano. Este fot\u00f3grafo armenio, originario de Yerevan, comenz\u00f3 el proyecto \u2018You&#8230;<\/p>\n","protected":false},"author":1,"featured_media":0,"comment_status":"open","ping_status":"open","sticky":false,"template":"","format":"standard","meta":{"footnotes":""},"categories":[10],"tags":[19,217],"class_list":["post-5393","post","type-post","status-publish","format-standard","hentry","category-noticias","tag-fotografia","tag-macrofotografia","has_thumb"],"yoast_head":"<!-- This site is optimized with the Yoast SEO plugin v26.9 - https:\/\/yoast.com\/product\/yoast-seo-wordpress\/ -->\n<title>Ojos de Suren Manvelyan - creaerte.com<\/title>\n<meta name=\"robots\" content=\"index, follow, max-snippet:-1, max-image-preview:large, max-video-preview:-1\" \/>\n<link rel=\"canonical\" href=\"https:\/\/www.creaerte.com\/live\/ojos-de-suren-manvelyan\/\" \/>\n<meta property=\"og:locale\" content=\"es_ES\" \/>\n<meta property=\"og:type\" content=\"article\" \/>\n<meta property=\"og:title\" content=\"Ojos de Suren Manvelyan - creaerte.com\" \/>\n<meta property=\"og:description\" content=\"La macrofotograf\u00eda hace referencia a aquella en la que se fotograf\u00edan objetos\/animales\/modelos a tama\u00f1o natural, en una proporci\u00f3n de 1:1 al menos; a veces resulta muy dif\u00edcil explicar conceptos sencillos, para saber qu\u00e9 es la macrofotograf\u00eda tenemos el inmejorable ejemplo de Suren Manvelyan y sus ojos en primer\u00edsimo primer plano. Este fot\u00f3grafo armenio, originario de Yerevan, comenz\u00f3 el proyecto \u2018You...\" \/>\n<meta property=\"og:url\" content=\"https:\/\/www.creaerte.com\/live\/ojos-de-suren-manvelyan\/\" \/>\n<meta property=\"og:site_name\" content=\"creaerte.com\" \/>\n<meta property=\"article:publisher\" content=\"https:\/\/www.facebook.com\/creaerte\" \/>\n<meta property=\"article:published_time\" content=\"2011-11-08T09:25:18+00:00\" \/>\n<meta property=\"article:modified_time\" content=\"2011-11-08T09:26:04+00:00\" \/>\n<meta property=\"og:image\" content=\"https:\/\/www.creaerte.com\/live\/wp-content\/uploads\/2011\/11\/eye9.jpg\" \/>\n\t<meta property=\"og:image:width\" content=\"504\" \/>\n\t<meta property=\"og:image:height\" content=\"700\" \/>\n\t<meta property=\"og:image:type\" content=\"image\/jpeg\" \/>\n<meta name=\"author\" content=\"admin\" \/>\n<meta name=\"twitter:card\" content=\"summary_large_image\" \/>\n<meta name=\"twitter:creator\" content=\"@Creaerte\" \/>\n<meta name=\"twitter:site\" content=\"@Creaerte\" \/>\n<meta name=\"twitter:label1\" content=\"Escrito por\" \/>\n\t<meta name=\"twitter:data1\" content=\"admin\" \/>\n\t<meta name=\"twitter:label2\" content=\"Tiempo de lectura\" \/>\n\t<meta name=\"twitter:data2\" content=\"1 minuto\" \/>\n<script type=\"application\/ld+json\" class=\"yoast-schema-graph\">{\"@context\":\"https:\/\/schema.org\",\"@graph\":[{\"@type\":\"Article\",\"@id\":\"https:\/\/www.creaerte.com\/live\/ojos-de-suren-manvelyan\/#article\",\"isPartOf\":{\"@id\":\"https:\/\/www.creaerte.com\/live\/ojos-de-suren-manvelyan\/\"},\"author\":{\"name\":\"admin\",\"@id\":\"https:\/\/www.creaerte.com\/live\/#\/schema\/person\/acc9e93c6216bce2d569b1f0a99607f6\"},\"headline\":\"Ojos de Suren Manvelyan\",\"datePublished\":\"2011-11-08T09:25:18+00:00\",\"dateModified\":\"2011-11-08T09:26:04+00:00\",\"mainEntityOfPage\":{\"@id\":\"https:\/\/www.creaerte.com\/live\/ojos-de-suren-manvelyan\/\"},\"wordCount\":152,\"commentCount\":0,\"image\":{\"@id\":\"https:\/\/www.creaerte.com\/live\/ojos-de-suren-manvelyan\/#primaryimage\"},\"thumbnailUrl\":\"http:\/\/creaerte.com\/live\/wp-content\/uploads\/2011\/11\/eye9.jpg\",\"keywords\":[\"fotograf\u00eda\",\"macrofotografia\"],\"articleSection\":[\"Noticias\"],\"inLanguage\":\"es\",\"potentialAction\":[{\"@type\":\"CommentAction\",\"name\":\"Comment\",\"target\":[\"https:\/\/www.creaerte.com\/live\/ojos-de-suren-manvelyan\/#respond\"]}]},{\"@type\":\"WebPage\",\"@id\":\"https:\/\/www.creaerte.com\/live\/ojos-de-suren-manvelyan\/\",\"url\":\"https:\/\/www.creaerte.com\/live\/ojos-de-suren-manvelyan\/\",\"name\":\"Ojos de Suren Manvelyan - creaerte.com\",\"isPartOf\":{\"@id\":\"https:\/\/www.creaerte.com\/live\/#website\"},\"primaryImageOfPage\":{\"@id\":\"https:\/\/www.creaerte.com\/live\/ojos-de-suren-manvelyan\/#primaryimage\"},\"image\":{\"@id\":\"https:\/\/www.creaerte.com\/live\/ojos-de-suren-manvelyan\/#primaryimage\"},\"thumbnailUrl\":\"http:\/\/creaerte.com\/live\/wp-content\/uploads\/2011\/11\/eye9.jpg\",\"datePublished\":\"2011-11-08T09:25:18+00:00\",\"dateModified\":\"2011-11-08T09:26:04+00:00\",\"author\":{\"@id\":\"https:\/\/www.creaerte.com\/live\/#\/schema\/person\/acc9e93c6216bce2d569b1f0a99607f6\"},\"inLanguage\":\"es\",\"potentialAction\":[{\"@type\":\"ReadAction\",\"target\":[\"https:\/\/www.creaerte.com\/live\/ojos-de-suren-manvelyan\/\"]}]},{\"@type\":\"ImageObject\",\"inLanguage\":\"es\",\"@id\":\"https:\/\/www.creaerte.com\/live\/ojos-de-suren-manvelyan\/#primaryimage\",\"url\":\"http:\/\/creaerte.com\/live\/wp-content\/uploads\/2011\/11\/eye9.jpg\",\"contentUrl\":\"http:\/\/creaerte.com\/live\/wp-content\/uploads\/2011\/11\/eye9.jpg\"},{\"@type\":\"WebSite\",\"@id\":\"https:\/\/www.creaerte.com\/live\/#website\",\"url\":\"https:\/\/www.creaerte.com\/live\/\",\"name\":\"creaerte.com\",\"description\":\"Agencia de publicidad, comunicaci\u00f3n y marketing en C\u00e1ceres \u2022 Extremadura\",\"potentialAction\":[{\"@type\":\"SearchAction\",\"target\":{\"@type\":\"EntryPoint\",\"urlTemplate\":\"https:\/\/www.creaerte.com\/live\/?s={search_term_string}\"},\"query-input\":{\"@type\":\"PropertyValueSpecification\",\"valueRequired\":true,\"valueName\":\"search_term_string\"}}],\"inLanguage\":\"es\"},{\"@type\":\"Person\",\"@id\":\"https:\/\/www.creaerte.com\/live\/#\/schema\/person\/acc9e93c6216bce2d569b1f0a99607f6\",\"name\":\"admin\",\"image\":{\"@type\":\"ImageObject\",\"inLanguage\":\"es\",\"@id\":\"https:\/\/www.creaerte.com\/live\/#\/schema\/person\/image\/\",\"url\":\"https:\/\/secure.gravatar.com\/avatar\/736f9ff6dd176e443e4c9cf884b23352631c533b611f216dbc09fc84cda6e67c?s=96&d=mm&r=g\",\"contentUrl\":\"https:\/\/secure.gravatar.com\/avatar\/736f9ff6dd176e443e4c9cf884b23352631c533b611f216dbc09fc84cda6e67c?s=96&d=mm&r=g\",\"caption\":\"admin\"},\"url\":\"https:\/\/www.creaerte.com\/live\/author\/admin\/\"}]}<\/script>\n<!-- \/ Yoast SEO plugin. -->","yoast_head_json":{"title":"Ojos de Suren Manvelyan - creaerte.com","robots":{"index":"index","follow":"follow","max-snippet":"max-snippet:-1","max-image-preview":"max-image-preview:large","max-video-preview":"max-video-preview:-1"},"canonical":"https:\/\/www.creaerte.com\/live\/ojos-de-suren-manvelyan\/","og_locale":"es_ES","og_type":"article","og_title":"Ojos de Suren Manvelyan - creaerte.com","og_description":"La macrofotograf\u00eda hace referencia a aquella en la que se fotograf\u00edan objetos\/animales\/modelos a tama\u00f1o natural, en una proporci\u00f3n de 1:1 al menos; a veces resulta muy dif\u00edcil explicar conceptos sencillos, para saber qu\u00e9 es la macrofotograf\u00eda tenemos el inmejorable ejemplo de Suren Manvelyan y sus ojos en primer\u00edsimo primer plano. Este fot\u00f3grafo armenio, originario de Yerevan, comenz\u00f3 el proyecto \u2018You...","og_url":"https:\/\/www.creaerte.com\/live\/ojos-de-suren-manvelyan\/","og_site_name":"creaerte.com","article_publisher":"https:\/\/www.facebook.com\/creaerte","article_published_time":"2011-11-08T09:25:18+00:00","article_modified_time":"2011-11-08T09:26:04+00:00","og_image":[{"width":504,"height":700,"url":"https:\/\/www.creaerte.com\/live\/wp-content\/uploads\/2011\/11\/eye9.jpg","type":"image\/jpeg"}],"author":"admin","twitter_card":"summary_large_image","twitter_creator":"@Creaerte","twitter_site":"@Creaerte","twitter_misc":{"Escrito por":"admin","Tiempo de lectura":"1 minuto"},"schema":{"@context":"https:\/\/schema.org","@graph":[{"@type":"Article","@id":"https:\/\/www.creaerte.com\/live\/ojos-de-suren-manvelyan\/#article","isPartOf":{"@id":"https:\/\/www.creaerte.com\/live\/ojos-de-suren-manvelyan\/"},"author":{"name":"admin","@id":"https:\/\/www.creaerte.com\/live\/#\/schema\/person\/acc9e93c6216bce2d569b1f0a99607f6"},"headline":"Ojos de Suren Manvelyan","datePublished":"2011-11-08T09:25:18+00:00","dateModified":"2011-11-08T09:26:04+00:00","mainEntityOfPage":{"@id":"https:\/\/www.creaerte.com\/live\/ojos-de-suren-manvelyan\/"},"wordCount":152,"commentCount":0,"image":{"@id":"https:\/\/www.creaerte.com\/live\/ojos-de-suren-manvelyan\/#primaryimage"},"thumbnailUrl":"http:\/\/creaerte.com\/live\/wp-content\/uploads\/2011\/11\/eye9.jpg","keywords":["fotograf\u00eda","macrofotografia"],"articleSection":["Noticias"],"inLanguage":"es","potentialAction":[{"@type":"CommentAction","name":"Comment","target":["https:\/\/www.creaerte.com\/live\/ojos-de-suren-manvelyan\/#respond"]}]},{"@type":"WebPage","@id":"https:\/\/www.creaerte.com\/live\/ojos-de-suren-manvelyan\/","url":"https:\/\/www.creaerte.com\/live\/ojos-de-suren-manvelyan\/","name":"Ojos de Suren Manvelyan - creaerte.com","isPartOf":{"@id":"https:\/\/www.creaerte.com\/live\/#website"},"primaryImageOfPage":{"@id":"https:\/\/www.creaerte.com\/live\/ojos-de-suren-manvelyan\/#primaryimage"},"image":{"@id":"https:\/\/www.creaerte.com\/live\/ojos-de-suren-manvelyan\/#primaryimage"},"thumbnailUrl":"http:\/\/creaerte.com\/live\/wp-content\/uploads\/2011\/11\/eye9.jpg","datePublished":"2011-11-08T09:25:18+00:00","dateModified":"2011-11-08T09:26:04+00:00","author":{"@id":"https:\/\/www.creaerte.com\/live\/#\/schema\/person\/acc9e93c6216bce2d569b1f0a99607f6"},"inLanguage":"es","potentialAction":[{"@type":"ReadAction","target":["https:\/\/www.creaerte.com\/live\/ojos-de-suren-manvelyan\/"]}]},{"@type":"ImageObject","inLanguage":"es","@id":"https:\/\/www.creaerte.com\/live\/ojos-de-suren-manvelyan\/#primaryimage","url":"http:\/\/creaerte.com\/live\/wp-content\/uploads\/2011\/11\/eye9.jpg","contentUrl":"http:\/\/creaerte.com\/live\/wp-content\/uploads\/2011\/11\/eye9.jpg"},{"@type":"WebSite","@id":"https:\/\/www.creaerte.com\/live\/#website","url":"https:\/\/www.creaerte.com\/live\/","name":"creaerte.com","description":"Agencia de publicidad, comunicaci\u00f3n y marketing en C\u00e1ceres \u2022 Extremadura","potentialAction":[{"@type":"SearchAction","target":{"@type":"EntryPoint","urlTemplate":"https:\/\/www.creaerte.com\/live\/?s={search_term_string}"},"query-input":{"@type":"PropertyValueSpecification","valueRequired":true,"valueName":"search_term_string"}}],"inLanguage":"es"},{"@type":"Person","@id":"https:\/\/www.creaerte.com\/live\/#\/schema\/person\/acc9e93c6216bce2d569b1f0a99607f6","name":"admin","image":{"@type":"ImageObject","inLanguage":"es","@id":"https:\/\/www.creaerte.com\/live\/#\/schema\/person\/image\/","url":"https:\/\/secure.gravatar.com\/avatar\/736f9ff6dd176e443e4c9cf884b23352631c533b611f216dbc09fc84cda6e67c?s=96&d=mm&r=g","contentUrl":"https:\/\/secure.gravatar.com\/avatar\/736f9ff6dd176e443e4c9cf884b23352631c533b611f216dbc09fc84cda6e67c?s=96&d=mm&r=g","caption":"admin"},"url":"https:\/\/www.creaerte.com\/live\/author\/admin\/"}]}},"_links":{"self":[{"href":"https:\/\/www.creaerte.com\/live\/wp-json\/wp\/v2\/posts\/5393","targetHints":{"allow":["GET"]}}],"collection":[{"href":"https:\/\/www.creaerte.com\/live\/wp-json\/wp\/v2\/posts"}],"about":[{"href":"https:\/\/www.creaerte.com\/live\/wp-json\/wp\/v2\/types\/post"}],"author":[{"embeddable":true,"href":"https:\/\/www.creaerte.com\/live\/wp-json\/wp\/v2\/users\/1"}],"replies":[{"embeddable":true,"href":"https:\/\/www.creaerte.com\/live\/wp-json\/wp\/v2\/comments?post=5393"}],"version-history":[{"count":0,"href":"https:\/\/www.creaerte.com\/live\/wp-json\/wp\/v2\/posts\/5393\/revisions"}],"wp:attachment":[{"href":"https:\/\/www.creaerte.com\/live\/wp-json\/wp\/v2\/media?parent=5393"}],"wp:term":[{"taxonomy":"category","embeddable":true,"href":"https:\/\/www.creaerte.com\/live\/wp-json\/wp\/v2\/categories?post=5393"},{"taxonomy":"post_tag","embeddable":true,"href":"https:\/\/www.creaerte.com\/live\/wp-json\/wp\/v2\/tags?post=5393"}],"curies":[{"name":"wp","href":"https:\/\/api.w.org\/{rel}","templated":true}]}}