{"id":5838,"date":"2011-11-24T12:29:40","date_gmt":"2011-11-24T11:29:40","guid":{"rendered":"http:\/\/creaerte.com\/live\/?p=5838"},"modified":"2011-11-24T12:30:57","modified_gmt":"2011-11-24T11:30:57","slug":"carteles-con-causa","status":"publish","type":"post","link":"https:\/\/www.creaerte.com\/live\/carteles-con-causa\/","title":{"rendered":"Carteles con causa"},"content":{"rendered":"<p>Carteles con causa o la causa de los carteles, el asunto es que tambi\u00e9n la publicidad tiene conciencia, en cierto modo, la comunicaci\u00f3n publicitaria no es m\u00e1s que una forma de decir las cosas donde prima la claridad del mensaje, y aunque con temas como la protecci\u00f3n de la naturaleza, salud o prevenci\u00f3n de accidentes el tono tiene que ser precavido, lo cierto es que ofrecen posibilidades cargadas de dramatismo.<\/p>\n<p><a href=\"http:\/\/creaerte.com\/live\/wp-content\/uploads\/2011\/11\/pvm-2.jpg\"><img decoding=\"async\" class=\"aligncenter size-full wp-image-5828\" title=\"pvm (2)\" src=\"http:\/\/creaerte.com\/live\/wp-content\/uploads\/2011\/11\/pvm-2.jpg\" alt=\"pvm (2)\" width=\"600\" srcset=\"https:\/\/www.creaerte.com\/live\/wp-content\/uploads\/2011\/11\/pvm-2.jpg 660w, https:\/\/www.creaerte.com\/live\/wp-content\/uploads\/2011\/11\/pvm-2-279x384.jpg 279w\" sizes=\"(max-width: 660px) 100vw, 660px\" \/><\/a><\/p>\n<p><a href=\"http:\/\/creaerte.com\/live\/wp-content\/uploads\/2011\/11\/carteles-por-una-causa-13-w560.jpg\"><img decoding=\"async\" class=\"aligncenter size-full wp-image-5837\" title=\"carteles-por-una-causa-13-w560\" src=\"http:\/\/creaerte.com\/live\/wp-content\/uploads\/2011\/11\/carteles-por-una-causa-13-w560.jpg\" alt=\"carteles-por-una-causa-13-w560\" \/><\/a><\/p>\n<p><a href=\"http:\/\/creaerte.com\/live\/wp-content\/uploads\/2011\/11\/pvm.jpg\"><img decoding=\"async\" class=\"aligncenter size-full wp-image-5836\" title=\"pvm\" src=\"http:\/\/creaerte.com\/live\/wp-content\/uploads\/2011\/11\/pvm.jpg\" alt=\"pvm\" width=\"600\" srcset=\"https:\/\/www.creaerte.com\/live\/wp-content\/uploads\/2011\/11\/pvm.jpg 800w, https:\/\/www.creaerte.com\/live\/wp-content\/uploads\/2011\/11\/pvm-384x271.jpg 384w\" sizes=\"(max-width: 800px) 100vw, 800px\" \/><\/a><\/p>\n<p><a href=\"http:\/\/creaerte.com\/live\/wp-content\/uploads\/2011\/11\/pvm-29.jpg\"><img decoding=\"async\" class=\"aligncenter size-full wp-image-5835\" title=\"pvm (29)\" src=\"http:\/\/creaerte.com\/live\/wp-content\/uploads\/2011\/11\/pvm-29.jpg\" alt=\"pvm (29)\" width=\"600\" srcset=\"https:\/\/www.creaerte.com\/live\/wp-content\/uploads\/2011\/11\/pvm-29.jpg 660w, https:\/\/www.creaerte.com\/live\/wp-content\/uploads\/2011\/11\/pvm-29-286x384.jpg 286w\" sizes=\"(max-width: 660px) 100vw, 660px\" \/><\/a><\/p>\n<p><a href=\"http:\/\/creaerte.com\/live\/wp-content\/uploads\/2011\/11\/pvm-18.jpg\"><img decoding=\"async\" class=\"aligncenter size-full wp-image-5834\" title=\"pvm (18)\" src=\"http:\/\/creaerte.com\/live\/wp-content\/uploads\/2011\/11\/pvm-18.jpg\" alt=\"pvm (18)\" width=\"600\" srcset=\"https:\/\/www.creaerte.com\/live\/wp-content\/uploads\/2011\/11\/pvm-18.jpg 800w, https:\/\/www.creaerte.com\/live\/wp-content\/uploads\/2011\/11\/pvm-18-384x274.jpg 384w\" sizes=\"(max-width: 800px) 100vw, 800px\" \/><\/a><\/p>\n<p><a href=\"http:\/\/creaerte.com\/live\/wp-content\/uploads\/2011\/11\/pvm-14.jpg\"><img decoding=\"async\" class=\"aligncenter size-full wp-image-5833\" title=\"pvm (14)\" src=\"http:\/\/creaerte.com\/live\/wp-content\/uploads\/2011\/11\/pvm-14.jpg\" alt=\"pvm (14)\" width=\"600\" \/><\/a><\/p>\n<p><a href=\"http:\/\/creaerte.com\/live\/wp-content\/uploads\/2011\/11\/pvm-12.jpg\"><img decoding=\"async\" class=\"aligncenter size-full wp-image-5832\" title=\"pvm (12)\" src=\"http:\/\/creaerte.com\/live\/wp-content\/uploads\/2011\/11\/pvm-12.jpg\" alt=\"pvm (12)\" width=\"600\" \/><\/a><\/p>\n<p><a href=\"http:\/\/creaerte.com\/live\/wp-content\/uploads\/2011\/11\/pvm-6.jpg\"><img decoding=\"async\" class=\"aligncenter size-full wp-image-5831\" title=\"pvm (6)\" src=\"http:\/\/creaerte.com\/live\/wp-content\/uploads\/2011\/11\/pvm-6.jpg\" alt=\"pvm (6)\" width=\"600\" \/><\/a><\/p>\n<p style=\"text-align: center;\"><a href=\"http:\/\/creaerte.com\/live\/wp-content\/uploads\/2011\/11\/pvm-5.jpg\"><img decoding=\"async\" class=\"aligncenter size-full wp-image-5830\" title=\"pvm (5)\" src=\"http:\/\/creaerte.com\/live\/wp-content\/uploads\/2011\/11\/pvm-5.jpg\" alt=\"pvm (5)\" width=\"600\" srcset=\"https:\/\/www.creaerte.com\/live\/wp-content\/uploads\/2011\/11\/pvm-5.jpg 800w, https:\/\/www.creaerte.com\/live\/wp-content\/uploads\/2011\/11\/pvm-5-384x264.jpg 384w\" sizes=\"(max-width: 800px) 100vw, 800px\" \/><\/a><\/p>\n<p><a href=\"http:\/\/creaerte.com\/live\/wp-content\/uploads\/2011\/11\/pvm-4.jpg\"><img fetchpriority=\"high\" decoding=\"async\" class=\"aligncenter size-full wp-image-5829\" title=\"pvm (4)\" src=\"http:\/\/creaerte.com\/live\/wp-content\/uploads\/2011\/11\/pvm-4.jpg\" alt=\"pvm (4)\" width=\"660\" height=\"1144\" srcset=\"https:\/\/www.creaerte.com\/live\/wp-content\/uploads\/2011\/11\/pvm-4.jpg 660w, https:\/\/www.creaerte.com\/live\/wp-content\/uploads\/2011\/11\/pvm-4-222x384.jpg 222w, https:\/\/www.creaerte.com\/live\/wp-content\/uploads\/2011\/11\/pvm-4-591x1024.jpg 591w\" sizes=\"(max-width: 660px) 100vw, 660px\" \/><\/a><\/p>\n","protected":false},"excerpt":{"rendered":"<p>Carteles con causa o la causa de los carteles, el asunto es que tambi\u00e9n la publicidad tiene conciencia, en cierto modo, la comunicaci\u00f3n publicitaria no es m\u00e1s que una forma de decir las cosas donde prima la claridad del mensaje, y aunque con temas como la protecci\u00f3n de la naturaleza, salud o prevenci\u00f3n de accidentes el tono tiene que ser&#8230;<\/p>\n","protected":false},"author":1,"featured_media":0,"comment_status":"open","ping_status":"open","sticky":false,"template":"","format":"standard","meta":{"footnotes":""},"categories":[10],"tags":[246,245,6],"class_list":["post-5838","post","type-post","status-publish","format-standard","hentry","category-noticias","tag-conciencia-social","tag-ecologia","tag-publicidad","has_thumb"],"yoast_head":"<!-- This site is optimized with the Yoast SEO plugin v26.9 - https:\/\/yoast.com\/product\/yoast-seo-wordpress\/ -->\n<title>Carteles con causa - creaerte.com<\/title>\n<meta name=\"robots\" content=\"index, follow, max-snippet:-1, max-image-preview:large, max-video-preview:-1\" \/>\n<link rel=\"canonical\" href=\"https:\/\/www.creaerte.com\/live\/carteles-con-causa\/\" \/>\n<meta property=\"og:locale\" content=\"es_ES\" \/>\n<meta property=\"og:type\" content=\"article\" \/>\n<meta property=\"og:title\" content=\"Carteles con causa - creaerte.com\" \/>\n<meta property=\"og:description\" content=\"Carteles con causa o la causa de los carteles, el asunto es que tambi\u00e9n la publicidad tiene conciencia, en cierto modo, la comunicaci\u00f3n publicitaria no es m\u00e1s que una forma de decir las cosas donde prima la claridad del mensaje, y aunque con temas como la protecci\u00f3n de la naturaleza, salud o prevenci\u00f3n de accidentes el tono tiene que ser...\" \/>\n<meta property=\"og:url\" content=\"https:\/\/www.creaerte.com\/live\/carteles-con-causa\/\" \/>\n<meta property=\"og:site_name\" content=\"creaerte.com\" \/>\n<meta property=\"article:publisher\" content=\"https:\/\/www.facebook.com\/creaerte\" \/>\n<meta property=\"article:published_time\" content=\"2011-11-24T11:29:40+00:00\" \/>\n<meta property=\"article:modified_time\" content=\"2011-11-24T11:30:57+00:00\" \/>\n<meta property=\"og:image\" content=\"https:\/\/www.creaerte.com\/live\/wp-content\/uploads\/2011\/11\/pvm-2.jpg\" \/>\n\t<meta property=\"og:image:width\" content=\"660\" \/>\n\t<meta property=\"og:image:height\" content=\"910\" \/>\n\t<meta property=\"og:image:type\" content=\"image\/jpeg\" \/>\n<meta name=\"author\" content=\"admin\" \/>\n<meta name=\"twitter:card\" content=\"summary_large_image\" \/>\n<meta name=\"twitter:creator\" content=\"@Creaerte\" \/>\n<meta name=\"twitter:site\" content=\"@Creaerte\" \/>\n<meta name=\"twitter:label1\" content=\"Escrito por\" \/>\n\t<meta name=\"twitter:data1\" content=\"admin\" \/>\n<script type=\"application\/ld+json\" class=\"yoast-schema-graph\">{\"@context\":\"https:\/\/schema.org\",\"@graph\":[{\"@type\":\"Article\",\"@id\":\"https:\/\/www.creaerte.com\/live\/carteles-con-causa\/#article\",\"isPartOf\":{\"@id\":\"https:\/\/www.creaerte.com\/live\/carteles-con-causa\/\"},\"author\":{\"name\":\"admin\",\"@id\":\"https:\/\/www.creaerte.com\/live\/#\/schema\/person\/acc9e93c6216bce2d569b1f0a99607f6\"},\"headline\":\"Carteles con causa\",\"datePublished\":\"2011-11-24T11:29:40+00:00\",\"dateModified\":\"2011-11-24T11:30:57+00:00\",\"mainEntityOfPage\":{\"@id\":\"https:\/\/www.creaerte.com\/live\/carteles-con-causa\/\"},\"wordCount\":78,\"commentCount\":0,\"image\":{\"@id\":\"https:\/\/www.creaerte.com\/live\/carteles-con-causa\/#primaryimage\"},\"thumbnailUrl\":\"http:\/\/creaerte.com\/live\/wp-content\/uploads\/2011\/11\/pvm-2.jpg\",\"keywords\":[\"conciencia social\",\"ecolog\u00eda\",\"publicidad\"],\"articleSection\":[\"Noticias\"],\"inLanguage\":\"es\",\"potentialAction\":[{\"@type\":\"CommentAction\",\"name\":\"Comment\",\"target\":[\"https:\/\/www.creaerte.com\/live\/carteles-con-causa\/#respond\"]}]},{\"@type\":\"WebPage\",\"@id\":\"https:\/\/www.creaerte.com\/live\/carteles-con-causa\/\",\"url\":\"https:\/\/www.creaerte.com\/live\/carteles-con-causa\/\",\"name\":\"Carteles con causa - creaerte.com\",\"isPartOf\":{\"@id\":\"https:\/\/www.creaerte.com\/live\/#website\"},\"primaryImageOfPage\":{\"@id\":\"https:\/\/www.creaerte.com\/live\/carteles-con-causa\/#primaryimage\"},\"image\":{\"@id\":\"https:\/\/www.creaerte.com\/live\/carteles-con-causa\/#primaryimage\"},\"thumbnailUrl\":\"http:\/\/creaerte.com\/live\/wp-content\/uploads\/2011\/11\/pvm-2.jpg\",\"datePublished\":\"2011-11-24T11:29:40+00:00\",\"dateModified\":\"2011-11-24T11:30:57+00:00\",\"author\":{\"@id\":\"https:\/\/www.creaerte.com\/live\/#\/schema\/person\/acc9e93c6216bce2d569b1f0a99607f6\"},\"inLanguage\":\"es\",\"potentialAction\":[{\"@type\":\"ReadAction\",\"target\":[\"https:\/\/www.creaerte.com\/live\/carteles-con-causa\/\"]}]},{\"@type\":\"ImageObject\",\"inLanguage\":\"es\",\"@id\":\"https:\/\/www.creaerte.com\/live\/carteles-con-causa\/#primaryimage\",\"url\":\"http:\/\/creaerte.com\/live\/wp-content\/uploads\/2011\/11\/pvm-2.jpg\",\"contentUrl\":\"http:\/\/creaerte.com\/live\/wp-content\/uploads\/2011\/11\/pvm-2.jpg\"},{\"@type\":\"WebSite\",\"@id\":\"https:\/\/www.creaerte.com\/live\/#website\",\"url\":\"https:\/\/www.creaerte.com\/live\/\",\"name\":\"creaerte.com\",\"description\":\"Agencia de publicidad, comunicaci\u00f3n y marketing en C\u00e1ceres \u2022 Extremadura\",\"potentialAction\":[{\"@type\":\"SearchAction\",\"target\":{\"@type\":\"EntryPoint\",\"urlTemplate\":\"https:\/\/www.creaerte.com\/live\/?s={search_term_string}\"},\"query-input\":{\"@type\":\"PropertyValueSpecification\",\"valueRequired\":true,\"valueName\":\"search_term_string\"}}],\"inLanguage\":\"es\"},{\"@type\":\"Person\",\"@id\":\"https:\/\/www.creaerte.com\/live\/#\/schema\/person\/acc9e93c6216bce2d569b1f0a99607f6\",\"name\":\"admin\",\"image\":{\"@type\":\"ImageObject\",\"inLanguage\":\"es\",\"@id\":\"https:\/\/www.creaerte.com\/live\/#\/schema\/person\/image\/\",\"url\":\"https:\/\/secure.gravatar.com\/avatar\/736f9ff6dd176e443e4c9cf884b23352631c533b611f216dbc09fc84cda6e67c?s=96&d=mm&r=g\",\"contentUrl\":\"https:\/\/secure.gravatar.com\/avatar\/736f9ff6dd176e443e4c9cf884b23352631c533b611f216dbc09fc84cda6e67c?s=96&d=mm&r=g\",\"caption\":\"admin\"},\"url\":\"https:\/\/www.creaerte.com\/live\/author\/admin\/\"}]}<\/script>\n<!-- \/ Yoast SEO plugin. -->","yoast_head_json":{"title":"Carteles con causa - creaerte.com","robots":{"index":"index","follow":"follow","max-snippet":"max-snippet:-1","max-image-preview":"max-image-preview:large","max-video-preview":"max-video-preview:-1"},"canonical":"https:\/\/www.creaerte.com\/live\/carteles-con-causa\/","og_locale":"es_ES","og_type":"article","og_title":"Carteles con causa - creaerte.com","og_description":"Carteles con causa o la causa de los carteles, el asunto es que tambi\u00e9n la publicidad tiene conciencia, en cierto modo, la comunicaci\u00f3n publicitaria no es m\u00e1s que una forma de decir las cosas donde prima la claridad del mensaje, y aunque con temas como la protecci\u00f3n de la naturaleza, salud o prevenci\u00f3n de accidentes el tono tiene que ser...","og_url":"https:\/\/www.creaerte.com\/live\/carteles-con-causa\/","og_site_name":"creaerte.com","article_publisher":"https:\/\/www.facebook.com\/creaerte","article_published_time":"2011-11-24T11:29:40+00:00","article_modified_time":"2011-11-24T11:30:57+00:00","og_image":[{"width":660,"height":910,"url":"https:\/\/www.creaerte.com\/live\/wp-content\/uploads\/2011\/11\/pvm-2.jpg","type":"image\/jpeg"}],"author":"admin","twitter_card":"summary_large_image","twitter_creator":"@Creaerte","twitter_site":"@Creaerte","twitter_misc":{"Escrito por":"admin"},"schema":{"@context":"https:\/\/schema.org","@graph":[{"@type":"Article","@id":"https:\/\/www.creaerte.com\/live\/carteles-con-causa\/#article","isPartOf":{"@id":"https:\/\/www.creaerte.com\/live\/carteles-con-causa\/"},"author":{"name":"admin","@id":"https:\/\/www.creaerte.com\/live\/#\/schema\/person\/acc9e93c6216bce2d569b1f0a99607f6"},"headline":"Carteles con causa","datePublished":"2011-11-24T11:29:40+00:00","dateModified":"2011-11-24T11:30:57+00:00","mainEntityOfPage":{"@id":"https:\/\/www.creaerte.com\/live\/carteles-con-causa\/"},"wordCount":78,"commentCount":0,"image":{"@id":"https:\/\/www.creaerte.com\/live\/carteles-con-causa\/#primaryimage"},"thumbnailUrl":"http:\/\/creaerte.com\/live\/wp-content\/uploads\/2011\/11\/pvm-2.jpg","keywords":["conciencia social","ecolog\u00eda","publicidad"],"articleSection":["Noticias"],"inLanguage":"es","potentialAction":[{"@type":"CommentAction","name":"Comment","target":["https:\/\/www.creaerte.com\/live\/carteles-con-causa\/#respond"]}]},{"@type":"WebPage","@id":"https:\/\/www.creaerte.com\/live\/carteles-con-causa\/","url":"https:\/\/www.creaerte.com\/live\/carteles-con-causa\/","name":"Carteles con causa - creaerte.com","isPartOf":{"@id":"https:\/\/www.creaerte.com\/live\/#website"},"primaryImageOfPage":{"@id":"https:\/\/www.creaerte.com\/live\/carteles-con-causa\/#primaryimage"},"image":{"@id":"https:\/\/www.creaerte.com\/live\/carteles-con-causa\/#primaryimage"},"thumbnailUrl":"http:\/\/creaerte.com\/live\/wp-content\/uploads\/2011\/11\/pvm-2.jpg","datePublished":"2011-11-24T11:29:40+00:00","dateModified":"2011-11-24T11:30:57+00:00","author":{"@id":"https:\/\/www.creaerte.com\/live\/#\/schema\/person\/acc9e93c6216bce2d569b1f0a99607f6"},"inLanguage":"es","potentialAction":[{"@type":"ReadAction","target":["https:\/\/www.creaerte.com\/live\/carteles-con-causa\/"]}]},{"@type":"ImageObject","inLanguage":"es","@id":"https:\/\/www.creaerte.com\/live\/carteles-con-causa\/#primaryimage","url":"http:\/\/creaerte.com\/live\/wp-content\/uploads\/2011\/11\/pvm-2.jpg","contentUrl":"http:\/\/creaerte.com\/live\/wp-content\/uploads\/2011\/11\/pvm-2.jpg"},{"@type":"WebSite","@id":"https:\/\/www.creaerte.com\/live\/#website","url":"https:\/\/www.creaerte.com\/live\/","name":"creaerte.com","description":"Agencia de publicidad, comunicaci\u00f3n y marketing en C\u00e1ceres \u2022 Extremadura","potentialAction":[{"@type":"SearchAction","target":{"@type":"EntryPoint","urlTemplate":"https:\/\/www.creaerte.com\/live\/?s={search_term_string}"},"query-input":{"@type":"PropertyValueSpecification","valueRequired":true,"valueName":"search_term_string"}}],"inLanguage":"es"},{"@type":"Person","@id":"https:\/\/www.creaerte.com\/live\/#\/schema\/person\/acc9e93c6216bce2d569b1f0a99607f6","name":"admin","image":{"@type":"ImageObject","inLanguage":"es","@id":"https:\/\/www.creaerte.com\/live\/#\/schema\/person\/image\/","url":"https:\/\/secure.gravatar.com\/avatar\/736f9ff6dd176e443e4c9cf884b23352631c533b611f216dbc09fc84cda6e67c?s=96&d=mm&r=g","contentUrl":"https:\/\/secure.gravatar.com\/avatar\/736f9ff6dd176e443e4c9cf884b23352631c533b611f216dbc09fc84cda6e67c?s=96&d=mm&r=g","caption":"admin"},"url":"https:\/\/www.creaerte.com\/live\/author\/admin\/"}]}},"_links":{"self":[{"href":"https:\/\/www.creaerte.com\/live\/wp-json\/wp\/v2\/posts\/5838","targetHints":{"allow":["GET"]}}],"collection":[{"href":"https:\/\/www.creaerte.com\/live\/wp-json\/wp\/v2\/posts"}],"about":[{"href":"https:\/\/www.creaerte.com\/live\/wp-json\/wp\/v2\/types\/post"}],"author":[{"embeddable":true,"href":"https:\/\/www.creaerte.com\/live\/wp-json\/wp\/v2\/users\/1"}],"replies":[{"embeddable":true,"href":"https:\/\/www.creaerte.com\/live\/wp-json\/wp\/v2\/comments?post=5838"}],"version-history":[{"count":0,"href":"https:\/\/www.creaerte.com\/live\/wp-json\/wp\/v2\/posts\/5838\/revisions"}],"wp:attachment":[{"href":"https:\/\/www.creaerte.com\/live\/wp-json\/wp\/v2\/media?parent=5838"}],"wp:term":[{"taxonomy":"category","embeddable":true,"href":"https:\/\/www.creaerte.com\/live\/wp-json\/wp\/v2\/categories?post=5838"},{"taxonomy":"post_tag","embeddable":true,"href":"https:\/\/www.creaerte.com\/live\/wp-json\/wp\/v2\/tags?post=5838"}],"curies":[{"name":"wp","href":"https:\/\/api.w.org\/{rel}","templated":true}]}}