{"id":5923,"date":"2011-11-30T09:15:57","date_gmt":"2011-11-30T08:15:57","guid":{"rendered":"http:\/\/creaerte.com\/live\/?p=5923"},"modified":"2011-12-02T09:43:42","modified_gmt":"2011-12-02T08:43:42","slug":"frente-al-objetivo-el-nadir-cordobes","status":"publish","type":"post","link":"https:\/\/www.creaerte.com\/live\/frente-al-objetivo-el-nadir-cordobes\/","title":{"rendered":"Frente al Objetivo: El Nadir cordob\u00e9s"},"content":{"rendered":"<p>Cuando el fot\u00f3grafo se sit\u00faa por debajo del objeto fotografiado estamos ante un contrapicado, perfecto si se quiere dar al modelo un aura de superioridad o grandiosidad, es un recurso muy utilizado por sus valores expresivos, pero a la vez hay que tener cuidad, porque es un \u00e1ngulo que puede resultar poco favorecedor en los retratos.<\/p>\n<p>Continuando con la lecci\u00f3n sobre \u00e1ngulos que comenz\u00f3 la semana pasada nuestro fot\u00f3grafo Jos\u00e9 A. Caso\u00a0con el plano cenital de \u201cPicado Tierno\u201d, en esta ocasi\u00f3n nos trae un ejemplo perfecto del contrapicado extremo, cuando la c\u00e1mara apunta casi en l\u00ednea recta hacia arriba: el nadir.<\/p>\n<p>La mezquita de C\u00f3rdoba se presta como modelo, el tiro de c\u00e1mara potencia la sensaci\u00f3n de simetr\u00eda de la c\u00fapula y, aunque con este \u00e1ngulo se pierden los vol\u00famenes, gracias a la composici\u00f3n totalmente frontal se fomenta un efecto caleidosc\u00f3pico, las l\u00edneas arquitect\u00f3nicas convergen hacia el centro de la imagen, que en este caso est\u00e1 remarcado por un peque\u00f1o mural ovalado.<\/p>\n<p>El nadir es un tipo de \u00e1ngulo muy utilizado en arquitectura precisamente por la cualidades se\u00f1aladas arriba.<\/p>\n<p><a href=\"http:\/\/creaerte.com\/live\/wp-content\/uploads\/2011\/11\/contrapicado.jpg\"><img fetchpriority=\"high\" decoding=\"async\" class=\"aligncenter\" title=\"C\u00fapula en la mezquita de C\u00f3rdoba\" src=\"http:\/\/creaerte.com\/live\/wp-content\/uploads\/2011\/11\/contrapicado.jpg\" alt=\"C\u00fapula en la mezquita de C\u00f3rdoba\" width=\"610\" height=\"407\" \/><\/a><\/p>\n<p>C\u00e1mara:\u00a0<strong>Canon EOS 7D<\/strong><br \/>\nDistancia focal:\u00a0<strong>18mm<\/strong><br \/>\nObturaci\u00f3n:\u00a0<strong>1\/25 seg<\/strong><br \/>\nApertura:\u00a0<strong>f2.8<\/strong><br \/>\nISO:\u00a0<strong>100<\/strong><\/p>\n","protected":false},"excerpt":{"rendered":"<p>Cuando el fot\u00f3grafo se sit\u00faa por debajo del objeto fotografiado estamos ante un contrapicado, perfecto si se quiere dar al modelo un aura de superioridad o grandiosidad, es un recurso muy utilizado por sus valores expresivos, pero a la vez hay que tener cuidad, porque es un \u00e1ngulo que puede resultar poco favorecedor en los retratos. Continuando con la lecci\u00f3n&#8230;<\/p>\n","protected":false},"author":1,"featured_media":0,"comment_status":"open","ping_status":"open","sticky":false,"template":"","format":"standard","meta":{"footnotes":""},"categories":[224,10],"tags":[247,19,1195,256],"class_list":["post-5923","post","type-post","status-publish","format-standard","hentry","category-frente-al-objetivo","category-noticias","tag-clases","tag-fotografia","tag-frente-al-objetivo","tag-nadir","has_thumb"],"yoast_head":"<!-- This site is optimized with the Yoast SEO plugin v26.9 - https:\/\/yoast.com\/product\/yoast-seo-wordpress\/ -->\n<title>Frente al Objetivo: El Nadir cordob\u00e9s - creaerte.com<\/title>\n<meta name=\"robots\" content=\"index, follow, max-snippet:-1, max-image-preview:large, max-video-preview:-1\" \/>\n<link rel=\"canonical\" href=\"https:\/\/www.creaerte.com\/live\/frente-al-objetivo-el-nadir-cordobes\/\" \/>\n<meta property=\"og:locale\" content=\"es_ES\" \/>\n<meta property=\"og:type\" content=\"article\" \/>\n<meta property=\"og:title\" content=\"Frente al Objetivo: El Nadir cordob\u00e9s - creaerte.com\" \/>\n<meta property=\"og:description\" content=\"Cuando el fot\u00f3grafo se sit\u00faa por debajo del objeto fotografiado estamos ante un contrapicado, perfecto si se quiere dar al modelo un aura de superioridad o grandiosidad, es un recurso muy utilizado por sus valores expresivos, pero a la vez hay que tener cuidad, porque es un \u00e1ngulo que puede resultar poco favorecedor en los retratos. Continuando con la lecci\u00f3n...\" \/>\n<meta property=\"og:url\" content=\"https:\/\/www.creaerte.com\/live\/frente-al-objetivo-el-nadir-cordobes\/\" \/>\n<meta property=\"og:site_name\" content=\"creaerte.com\" \/>\n<meta property=\"article:publisher\" content=\"https:\/\/www.facebook.com\/creaerte\" \/>\n<meta property=\"article:published_time\" content=\"2011-11-30T08:15:57+00:00\" \/>\n<meta property=\"article:modified_time\" content=\"2011-12-02T08:43:42+00:00\" \/>\n<meta property=\"og:image\" content=\"http:\/\/creaerte.com\/live\/wp-content\/uploads\/2011\/11\/contrapicado.jpg\" \/>\n<meta name=\"author\" content=\"admin\" \/>\n<meta name=\"twitter:card\" content=\"summary_large_image\" \/>\n<meta name=\"twitter:creator\" content=\"@Creaerte\" \/>\n<meta name=\"twitter:site\" content=\"@Creaerte\" \/>\n<meta name=\"twitter:label1\" content=\"Escrito por\" \/>\n\t<meta name=\"twitter:data1\" content=\"admin\" \/>\n\t<meta name=\"twitter:label2\" content=\"Tiempo de lectura\" \/>\n\t<meta name=\"twitter:data2\" content=\"1 minuto\" \/>\n<script type=\"application\/ld+json\" class=\"yoast-schema-graph\">{\"@context\":\"https:\/\/schema.org\",\"@graph\":[{\"@type\":\"Article\",\"@id\":\"https:\/\/www.creaerte.com\/live\/frente-al-objetivo-el-nadir-cordobes\/#article\",\"isPartOf\":{\"@id\":\"https:\/\/www.creaerte.com\/live\/frente-al-objetivo-el-nadir-cordobes\/\"},\"author\":{\"name\":\"admin\",\"@id\":\"https:\/\/www.creaerte.com\/live\/#\/schema\/person\/acc9e93c6216bce2d569b1f0a99607f6\"},\"headline\":\"Frente al Objetivo: El Nadir cordob\u00e9s\",\"datePublished\":\"2011-11-30T08:15:57+00:00\",\"dateModified\":\"2011-12-02T08:43:42+00:00\",\"mainEntityOfPage\":{\"@id\":\"https:\/\/www.creaerte.com\/live\/frente-al-objetivo-el-nadir-cordobes\/\"},\"wordCount\":220,\"commentCount\":0,\"image\":{\"@id\":\"https:\/\/www.creaerte.com\/live\/frente-al-objetivo-el-nadir-cordobes\/#primaryimage\"},\"thumbnailUrl\":\"http:\/\/creaerte.com\/live\/wp-content\/uploads\/2011\/11\/contrapicado.jpg\",\"keywords\":[\"clases\",\"fotograf\u00eda\",\"Frente al objetivo\",\"nadir\"],\"articleSection\":[\"Frente al objetivo\",\"Noticias\"],\"inLanguage\":\"es\",\"potentialAction\":[{\"@type\":\"CommentAction\",\"name\":\"Comment\",\"target\":[\"https:\/\/www.creaerte.com\/live\/frente-al-objetivo-el-nadir-cordobes\/#respond\"]}]},{\"@type\":\"WebPage\",\"@id\":\"https:\/\/www.creaerte.com\/live\/frente-al-objetivo-el-nadir-cordobes\/\",\"url\":\"https:\/\/www.creaerte.com\/live\/frente-al-objetivo-el-nadir-cordobes\/\",\"name\":\"Frente al Objetivo: El Nadir cordob\u00e9s - creaerte.com\",\"isPartOf\":{\"@id\":\"https:\/\/www.creaerte.com\/live\/#website\"},\"primaryImageOfPage\":{\"@id\":\"https:\/\/www.creaerte.com\/live\/frente-al-objetivo-el-nadir-cordobes\/#primaryimage\"},\"image\":{\"@id\":\"https:\/\/www.creaerte.com\/live\/frente-al-objetivo-el-nadir-cordobes\/#primaryimage\"},\"thumbnailUrl\":\"http:\/\/creaerte.com\/live\/wp-content\/uploads\/2011\/11\/contrapicado.jpg\",\"datePublished\":\"2011-11-30T08:15:57+00:00\",\"dateModified\":\"2011-12-02T08:43:42+00:00\",\"author\":{\"@id\":\"https:\/\/www.creaerte.com\/live\/#\/schema\/person\/acc9e93c6216bce2d569b1f0a99607f6\"},\"inLanguage\":\"es\",\"potentialAction\":[{\"@type\":\"ReadAction\",\"target\":[\"https:\/\/www.creaerte.com\/live\/frente-al-objetivo-el-nadir-cordobes\/\"]}]},{\"@type\":\"ImageObject\",\"inLanguage\":\"es\",\"@id\":\"https:\/\/www.creaerte.com\/live\/frente-al-objetivo-el-nadir-cordobes\/#primaryimage\",\"url\":\"http:\/\/creaerte.com\/live\/wp-content\/uploads\/2011\/11\/contrapicado.jpg\",\"contentUrl\":\"http:\/\/creaerte.com\/live\/wp-content\/uploads\/2011\/11\/contrapicado.jpg\"},{\"@type\":\"WebSite\",\"@id\":\"https:\/\/www.creaerte.com\/live\/#website\",\"url\":\"https:\/\/www.creaerte.com\/live\/\",\"name\":\"creaerte.com\",\"description\":\"Agencia de publicidad, comunicaci\u00f3n y marketing en C\u00e1ceres \u2022 Extremadura\",\"potentialAction\":[{\"@type\":\"SearchAction\",\"target\":{\"@type\":\"EntryPoint\",\"urlTemplate\":\"https:\/\/www.creaerte.com\/live\/?s={search_term_string}\"},\"query-input\":{\"@type\":\"PropertyValueSpecification\",\"valueRequired\":true,\"valueName\":\"search_term_string\"}}],\"inLanguage\":\"es\"},{\"@type\":\"Person\",\"@id\":\"https:\/\/www.creaerte.com\/live\/#\/schema\/person\/acc9e93c6216bce2d569b1f0a99607f6\",\"name\":\"admin\",\"image\":{\"@type\":\"ImageObject\",\"inLanguage\":\"es\",\"@id\":\"https:\/\/www.creaerte.com\/live\/#\/schema\/person\/image\/\",\"url\":\"https:\/\/secure.gravatar.com\/avatar\/736f9ff6dd176e443e4c9cf884b23352631c533b611f216dbc09fc84cda6e67c?s=96&d=mm&r=g\",\"contentUrl\":\"https:\/\/secure.gravatar.com\/avatar\/736f9ff6dd176e443e4c9cf884b23352631c533b611f216dbc09fc84cda6e67c?s=96&d=mm&r=g\",\"caption\":\"admin\"},\"url\":\"https:\/\/www.creaerte.com\/live\/author\/admin\/\"}]}<\/script>\n<!-- \/ Yoast SEO plugin. -->","yoast_head_json":{"title":"Frente al Objetivo: El Nadir cordob\u00e9s - creaerte.com","robots":{"index":"index","follow":"follow","max-snippet":"max-snippet:-1","max-image-preview":"max-image-preview:large","max-video-preview":"max-video-preview:-1"},"canonical":"https:\/\/www.creaerte.com\/live\/frente-al-objetivo-el-nadir-cordobes\/","og_locale":"es_ES","og_type":"article","og_title":"Frente al Objetivo: El Nadir cordob\u00e9s - creaerte.com","og_description":"Cuando el fot\u00f3grafo se sit\u00faa por debajo del objeto fotografiado estamos ante un contrapicado, perfecto si se quiere dar al modelo un aura de superioridad o grandiosidad, es un recurso muy utilizado por sus valores expresivos, pero a la vez hay que tener cuidad, porque es un \u00e1ngulo que puede resultar poco favorecedor en los retratos. Continuando con la lecci\u00f3n...","og_url":"https:\/\/www.creaerte.com\/live\/frente-al-objetivo-el-nadir-cordobes\/","og_site_name":"creaerte.com","article_publisher":"https:\/\/www.facebook.com\/creaerte","article_published_time":"2011-11-30T08:15:57+00:00","article_modified_time":"2011-12-02T08:43:42+00:00","og_image":[{"url":"http:\/\/creaerte.com\/live\/wp-content\/uploads\/2011\/11\/contrapicado.jpg","type":"","width":"","height":""}],"author":"admin","twitter_card":"summary_large_image","twitter_creator":"@Creaerte","twitter_site":"@Creaerte","twitter_misc":{"Escrito por":"admin","Tiempo de lectura":"1 minuto"},"schema":{"@context":"https:\/\/schema.org","@graph":[{"@type":"Article","@id":"https:\/\/www.creaerte.com\/live\/frente-al-objetivo-el-nadir-cordobes\/#article","isPartOf":{"@id":"https:\/\/www.creaerte.com\/live\/frente-al-objetivo-el-nadir-cordobes\/"},"author":{"name":"admin","@id":"https:\/\/www.creaerte.com\/live\/#\/schema\/person\/acc9e93c6216bce2d569b1f0a99607f6"},"headline":"Frente al Objetivo: El Nadir cordob\u00e9s","datePublished":"2011-11-30T08:15:57+00:00","dateModified":"2011-12-02T08:43:42+00:00","mainEntityOfPage":{"@id":"https:\/\/www.creaerte.com\/live\/frente-al-objetivo-el-nadir-cordobes\/"},"wordCount":220,"commentCount":0,"image":{"@id":"https:\/\/www.creaerte.com\/live\/frente-al-objetivo-el-nadir-cordobes\/#primaryimage"},"thumbnailUrl":"http:\/\/creaerte.com\/live\/wp-content\/uploads\/2011\/11\/contrapicado.jpg","keywords":["clases","fotograf\u00eda","Frente al objetivo","nadir"],"articleSection":["Frente al objetivo","Noticias"],"inLanguage":"es","potentialAction":[{"@type":"CommentAction","name":"Comment","target":["https:\/\/www.creaerte.com\/live\/frente-al-objetivo-el-nadir-cordobes\/#respond"]}]},{"@type":"WebPage","@id":"https:\/\/www.creaerte.com\/live\/frente-al-objetivo-el-nadir-cordobes\/","url":"https:\/\/www.creaerte.com\/live\/frente-al-objetivo-el-nadir-cordobes\/","name":"Frente al Objetivo: El Nadir cordob\u00e9s - creaerte.com","isPartOf":{"@id":"https:\/\/www.creaerte.com\/live\/#website"},"primaryImageOfPage":{"@id":"https:\/\/www.creaerte.com\/live\/frente-al-objetivo-el-nadir-cordobes\/#primaryimage"},"image":{"@id":"https:\/\/www.creaerte.com\/live\/frente-al-objetivo-el-nadir-cordobes\/#primaryimage"},"thumbnailUrl":"http:\/\/creaerte.com\/live\/wp-content\/uploads\/2011\/11\/contrapicado.jpg","datePublished":"2011-11-30T08:15:57+00:00","dateModified":"2011-12-02T08:43:42+00:00","author":{"@id":"https:\/\/www.creaerte.com\/live\/#\/schema\/person\/acc9e93c6216bce2d569b1f0a99607f6"},"inLanguage":"es","potentialAction":[{"@type":"ReadAction","target":["https:\/\/www.creaerte.com\/live\/frente-al-objetivo-el-nadir-cordobes\/"]}]},{"@type":"ImageObject","inLanguage":"es","@id":"https:\/\/www.creaerte.com\/live\/frente-al-objetivo-el-nadir-cordobes\/#primaryimage","url":"http:\/\/creaerte.com\/live\/wp-content\/uploads\/2011\/11\/contrapicado.jpg","contentUrl":"http:\/\/creaerte.com\/live\/wp-content\/uploads\/2011\/11\/contrapicado.jpg"},{"@type":"WebSite","@id":"https:\/\/www.creaerte.com\/live\/#website","url":"https:\/\/www.creaerte.com\/live\/","name":"creaerte.com","description":"Agencia de publicidad, comunicaci\u00f3n y marketing en C\u00e1ceres \u2022 Extremadura","potentialAction":[{"@type":"SearchAction","target":{"@type":"EntryPoint","urlTemplate":"https:\/\/www.creaerte.com\/live\/?s={search_term_string}"},"query-input":{"@type":"PropertyValueSpecification","valueRequired":true,"valueName":"search_term_string"}}],"inLanguage":"es"},{"@type":"Person","@id":"https:\/\/www.creaerte.com\/live\/#\/schema\/person\/acc9e93c6216bce2d569b1f0a99607f6","name":"admin","image":{"@type":"ImageObject","inLanguage":"es","@id":"https:\/\/www.creaerte.com\/live\/#\/schema\/person\/image\/","url":"https:\/\/secure.gravatar.com\/avatar\/736f9ff6dd176e443e4c9cf884b23352631c533b611f216dbc09fc84cda6e67c?s=96&d=mm&r=g","contentUrl":"https:\/\/secure.gravatar.com\/avatar\/736f9ff6dd176e443e4c9cf884b23352631c533b611f216dbc09fc84cda6e67c?s=96&d=mm&r=g","caption":"admin"},"url":"https:\/\/www.creaerte.com\/live\/author\/admin\/"}]}},"_links":{"self":[{"href":"https:\/\/www.creaerte.com\/live\/wp-json\/wp\/v2\/posts\/5923","targetHints":{"allow":["GET"]}}],"collection":[{"href":"https:\/\/www.creaerte.com\/live\/wp-json\/wp\/v2\/posts"}],"about":[{"href":"https:\/\/www.creaerte.com\/live\/wp-json\/wp\/v2\/types\/post"}],"author":[{"embeddable":true,"href":"https:\/\/www.creaerte.com\/live\/wp-json\/wp\/v2\/users\/1"}],"replies":[{"embeddable":true,"href":"https:\/\/www.creaerte.com\/live\/wp-json\/wp\/v2\/comments?post=5923"}],"version-history":[{"count":0,"href":"https:\/\/www.creaerte.com\/live\/wp-json\/wp\/v2\/posts\/5923\/revisions"}],"wp:attachment":[{"href":"https:\/\/www.creaerte.com\/live\/wp-json\/wp\/v2\/media?parent=5923"}],"wp:term":[{"taxonomy":"category","embeddable":true,"href":"https:\/\/www.creaerte.com\/live\/wp-json\/wp\/v2\/categories?post=5923"},{"taxonomy":"post_tag","embeddable":true,"href":"https:\/\/www.creaerte.com\/live\/wp-json\/wp\/v2\/tags?post=5923"}],"curies":[{"name":"wp","href":"https:\/\/api.w.org\/{rel}","templated":true}]}}