{"id":6591,"date":"2012-02-06T09:32:59","date_gmt":"2012-02-06T08:32:59","guid":{"rendered":"http:\/\/creaerte.com\/live\/?p=6591"},"modified":"2012-02-06T09:32:59","modified_gmt":"2012-02-06T08:32:59","slug":"inauguracion-exposicion-tipicos-topicos-en-caceres","status":"publish","type":"post","link":"https:\/\/www.creaerte.com\/live\/inauguracion-exposicion-tipicos-topicos-en-caceres\/","title":{"rendered":"Inauguraci\u00f3n Exposici\u00f3n T\u00edpicos T\u00f3picos en C\u00e1ceres"},"content":{"rendered":"<p>Este viernes 10 de febrero ten\u00e9is una cita con nosotros en el Carpe Diem. Inauguramos en C\u00e1ceres nuestra colecci\u00f3n de im\u00e1genes del almanaque 2012.<\/p>\n<p>All\u00ed os esperamos a partir de las 14:30 con unas ca\u00f1itas y pinchitos.<\/p>\n<p><a href=\"http:\/\/creaerte.com\/live\/wp-content\/uploads\/2012\/02\/invitaci\u00f3n-Carpe-Diem.jpg\"><img fetchpriority=\"high\" decoding=\"async\" class=\"aligncenter size-full wp-image-6592\" title=\"invitaci\u00f3n-Carpe-Diem\" src=\"http:\/\/creaerte.com\/live\/wp-content\/uploads\/2012\/02\/invitaci\u00f3n-Carpe-Diem.jpg\" alt=\"invitaci\u00f3n-Carpe-Diem\" width=\"550\" height=\"665\" srcset=\"https:\/\/www.creaerte.com\/live\/wp-content\/uploads\/2012\/02\/invitaci\u00f3n-Carpe-Diem.jpg 550w, https:\/\/www.creaerte.com\/live\/wp-content\/uploads\/2012\/02\/invitaci\u00f3n-Carpe-Diem-318x384.jpg 318w\" sizes=\"(max-width: 550px) 100vw, 550px\" \/><\/a><\/p>\n","protected":false},"excerpt":{"rendered":"<p>Este viernes 10 de febrero ten\u00e9is una cita con nosotros en el Carpe Diem. Inauguramos en C\u00e1ceres nuestra colecci\u00f3n de im\u00e1genes del almanaque 2012. All\u00ed os esperamos a partir de las 14:30 con unas ca\u00f1itas y pinchitos.<\/p>\n","protected":false},"author":1,"featured_media":0,"comment_status":"open","ping_status":"open","sticky":false,"template":"","format":"standard","meta":{"footnotes":""},"categories":[10],"tags":[],"class_list":["post-6591","post","type-post","status-publish","format-standard","hentry","category-noticias","has_thumb"],"yoast_head":"<!-- This site is optimized with the Yoast SEO plugin v26.9 - https:\/\/yoast.com\/product\/yoast-seo-wordpress\/ -->\n<title>Inauguraci\u00f3n Exposici\u00f3n T\u00edpicos T\u00f3picos en C\u00e1ceres - creaerte.com<\/title>\n<meta name=\"robots\" content=\"index, follow, max-snippet:-1, max-image-preview:large, max-video-preview:-1\" \/>\n<link rel=\"canonical\" href=\"https:\/\/www.creaerte.com\/live\/inauguracion-exposicion-tipicos-topicos-en-caceres\/\" \/>\n<meta property=\"og:locale\" content=\"es_ES\" \/>\n<meta property=\"og:type\" content=\"article\" \/>\n<meta property=\"og:title\" content=\"Inauguraci\u00f3n Exposici\u00f3n T\u00edpicos T\u00f3picos en C\u00e1ceres - creaerte.com\" \/>\n<meta property=\"og:description\" content=\"Este viernes 10 de febrero ten\u00e9is una cita con nosotros en el Carpe Diem. Inauguramos en C\u00e1ceres nuestra colecci\u00f3n de im\u00e1genes del almanaque 2012. All\u00ed os esperamos a partir de las 14:30 con unas ca\u00f1itas y pinchitos.\" \/>\n<meta property=\"og:url\" content=\"https:\/\/www.creaerte.com\/live\/inauguracion-exposicion-tipicos-topicos-en-caceres\/\" \/>\n<meta property=\"og:site_name\" content=\"creaerte.com\" \/>\n<meta property=\"article:publisher\" content=\"https:\/\/www.facebook.com\/creaerte\" \/>\n<meta property=\"article:published_time\" content=\"2012-02-06T08:32:59+00:00\" \/>\n<meta name=\"author\" content=\"admin\" \/>\n<meta name=\"twitter:card\" content=\"summary_large_image\" \/>\n<meta name=\"twitter:creator\" content=\"@Creaerte\" \/>\n<meta name=\"twitter:site\" content=\"@Creaerte\" \/>\n<meta name=\"twitter:label1\" content=\"Escrito por\" \/>\n\t<meta name=\"twitter:data1\" content=\"admin\" \/>\n<script type=\"application\/ld+json\" class=\"yoast-schema-graph\">{\"@context\":\"https:\/\/schema.org\",\"@graph\":[{\"@type\":\"Article\",\"@id\":\"https:\/\/www.creaerte.com\/live\/inauguracion-exposicion-tipicos-topicos-en-caceres\/#article\",\"isPartOf\":{\"@id\":\"https:\/\/www.creaerte.com\/live\/inauguracion-exposicion-tipicos-topicos-en-caceres\/\"},\"author\":{\"name\":\"admin\",\"@id\":\"https:\/\/www.creaerte.com\/live\/#\/schema\/person\/acc9e93c6216bce2d569b1f0a99607f6\"},\"headline\":\"Inauguraci\u00f3n Exposici\u00f3n T\u00edpicos T\u00f3picos en C\u00e1ceres\",\"datePublished\":\"2012-02-06T08:32:59+00:00\",\"mainEntityOfPage\":{\"@id\":\"https:\/\/www.creaerte.com\/live\/inauguracion-exposicion-tipicos-topicos-en-caceres\/\"},\"wordCount\":50,\"commentCount\":0,\"articleSection\":[\"Noticias\"],\"inLanguage\":\"es\",\"potentialAction\":[{\"@type\":\"CommentAction\",\"name\":\"Comment\",\"target\":[\"https:\/\/www.creaerte.com\/live\/inauguracion-exposicion-tipicos-topicos-en-caceres\/#respond\"]}]},{\"@type\":\"WebPage\",\"@id\":\"https:\/\/www.creaerte.com\/live\/inauguracion-exposicion-tipicos-topicos-en-caceres\/\",\"url\":\"https:\/\/www.creaerte.com\/live\/inauguracion-exposicion-tipicos-topicos-en-caceres\/\",\"name\":\"Inauguraci\u00f3n Exposici\u00f3n T\u00edpicos T\u00f3picos en C\u00e1ceres - creaerte.com\",\"isPartOf\":{\"@id\":\"https:\/\/www.creaerte.com\/live\/#website\"},\"datePublished\":\"2012-02-06T08:32:59+00:00\",\"author\":{\"@id\":\"https:\/\/www.creaerte.com\/live\/#\/schema\/person\/acc9e93c6216bce2d569b1f0a99607f6\"},\"inLanguage\":\"es\",\"potentialAction\":[{\"@type\":\"ReadAction\",\"target\":[\"https:\/\/www.creaerte.com\/live\/inauguracion-exposicion-tipicos-topicos-en-caceres\/\"]}]},{\"@type\":\"WebSite\",\"@id\":\"https:\/\/www.creaerte.com\/live\/#website\",\"url\":\"https:\/\/www.creaerte.com\/live\/\",\"name\":\"creaerte.com\",\"description\":\"Agencia de publicidad, comunicaci\u00f3n y marketing en C\u00e1ceres \u2022 Extremadura\",\"potentialAction\":[{\"@type\":\"SearchAction\",\"target\":{\"@type\":\"EntryPoint\",\"urlTemplate\":\"https:\/\/www.creaerte.com\/live\/?s={search_term_string}\"},\"query-input\":{\"@type\":\"PropertyValueSpecification\",\"valueRequired\":true,\"valueName\":\"search_term_string\"}}],\"inLanguage\":\"es\"},{\"@type\":\"Person\",\"@id\":\"https:\/\/www.creaerte.com\/live\/#\/schema\/person\/acc9e93c6216bce2d569b1f0a99607f6\",\"name\":\"admin\",\"image\":{\"@type\":\"ImageObject\",\"inLanguage\":\"es\",\"@id\":\"https:\/\/www.creaerte.com\/live\/#\/schema\/person\/image\/\",\"url\":\"https:\/\/secure.gravatar.com\/avatar\/736f9ff6dd176e443e4c9cf884b23352631c533b611f216dbc09fc84cda6e67c?s=96&d=mm&r=g\",\"contentUrl\":\"https:\/\/secure.gravatar.com\/avatar\/736f9ff6dd176e443e4c9cf884b23352631c533b611f216dbc09fc84cda6e67c?s=96&d=mm&r=g\",\"caption\":\"admin\"},\"url\":\"https:\/\/www.creaerte.com\/live\/author\/admin\/\"}]}<\/script>\n<!-- \/ Yoast SEO plugin. -->","yoast_head_json":{"title":"Inauguraci\u00f3n Exposici\u00f3n T\u00edpicos T\u00f3picos en C\u00e1ceres - creaerte.com","robots":{"index":"index","follow":"follow","max-snippet":"max-snippet:-1","max-image-preview":"max-image-preview:large","max-video-preview":"max-video-preview:-1"},"canonical":"https:\/\/www.creaerte.com\/live\/inauguracion-exposicion-tipicos-topicos-en-caceres\/","og_locale":"es_ES","og_type":"article","og_title":"Inauguraci\u00f3n Exposici\u00f3n T\u00edpicos T\u00f3picos en C\u00e1ceres - creaerte.com","og_description":"Este viernes 10 de febrero ten\u00e9is una cita con nosotros en el Carpe Diem. Inauguramos en C\u00e1ceres nuestra colecci\u00f3n de im\u00e1genes del almanaque 2012. All\u00ed os esperamos a partir de las 14:30 con unas ca\u00f1itas y pinchitos.","og_url":"https:\/\/www.creaerte.com\/live\/inauguracion-exposicion-tipicos-topicos-en-caceres\/","og_site_name":"creaerte.com","article_publisher":"https:\/\/www.facebook.com\/creaerte","article_published_time":"2012-02-06T08:32:59+00:00","author":"admin","twitter_card":"summary_large_image","twitter_creator":"@Creaerte","twitter_site":"@Creaerte","twitter_misc":{"Escrito por":"admin"},"schema":{"@context":"https:\/\/schema.org","@graph":[{"@type":"Article","@id":"https:\/\/www.creaerte.com\/live\/inauguracion-exposicion-tipicos-topicos-en-caceres\/#article","isPartOf":{"@id":"https:\/\/www.creaerte.com\/live\/inauguracion-exposicion-tipicos-topicos-en-caceres\/"},"author":{"name":"admin","@id":"https:\/\/www.creaerte.com\/live\/#\/schema\/person\/acc9e93c6216bce2d569b1f0a99607f6"},"headline":"Inauguraci\u00f3n Exposici\u00f3n T\u00edpicos T\u00f3picos en C\u00e1ceres","datePublished":"2012-02-06T08:32:59+00:00","mainEntityOfPage":{"@id":"https:\/\/www.creaerte.com\/live\/inauguracion-exposicion-tipicos-topicos-en-caceres\/"},"wordCount":50,"commentCount":0,"articleSection":["Noticias"],"inLanguage":"es","potentialAction":[{"@type":"CommentAction","name":"Comment","target":["https:\/\/www.creaerte.com\/live\/inauguracion-exposicion-tipicos-topicos-en-caceres\/#respond"]}]},{"@type":"WebPage","@id":"https:\/\/www.creaerte.com\/live\/inauguracion-exposicion-tipicos-topicos-en-caceres\/","url":"https:\/\/www.creaerte.com\/live\/inauguracion-exposicion-tipicos-topicos-en-caceres\/","name":"Inauguraci\u00f3n Exposici\u00f3n T\u00edpicos T\u00f3picos en C\u00e1ceres - creaerte.com","isPartOf":{"@id":"https:\/\/www.creaerte.com\/live\/#website"},"datePublished":"2012-02-06T08:32:59+00:00","author":{"@id":"https:\/\/www.creaerte.com\/live\/#\/schema\/person\/acc9e93c6216bce2d569b1f0a99607f6"},"inLanguage":"es","potentialAction":[{"@type":"ReadAction","target":["https:\/\/www.creaerte.com\/live\/inauguracion-exposicion-tipicos-topicos-en-caceres\/"]}]},{"@type":"WebSite","@id":"https:\/\/www.creaerte.com\/live\/#website","url":"https:\/\/www.creaerte.com\/live\/","name":"creaerte.com","description":"Agencia de publicidad, comunicaci\u00f3n y marketing en C\u00e1ceres \u2022 Extremadura","potentialAction":[{"@type":"SearchAction","target":{"@type":"EntryPoint","urlTemplate":"https:\/\/www.creaerte.com\/live\/?s={search_term_string}"},"query-input":{"@type":"PropertyValueSpecification","valueRequired":true,"valueName":"search_term_string"}}],"inLanguage":"es"},{"@type":"Person","@id":"https:\/\/www.creaerte.com\/live\/#\/schema\/person\/acc9e93c6216bce2d569b1f0a99607f6","name":"admin","image":{"@type":"ImageObject","inLanguage":"es","@id":"https:\/\/www.creaerte.com\/live\/#\/schema\/person\/image\/","url":"https:\/\/secure.gravatar.com\/avatar\/736f9ff6dd176e443e4c9cf884b23352631c533b611f216dbc09fc84cda6e67c?s=96&d=mm&r=g","contentUrl":"https:\/\/secure.gravatar.com\/avatar\/736f9ff6dd176e443e4c9cf884b23352631c533b611f216dbc09fc84cda6e67c?s=96&d=mm&r=g","caption":"admin"},"url":"https:\/\/www.creaerte.com\/live\/author\/admin\/"}]}},"_links":{"self":[{"href":"https:\/\/www.creaerte.com\/live\/wp-json\/wp\/v2\/posts\/6591","targetHints":{"allow":["GET"]}}],"collection":[{"href":"https:\/\/www.creaerte.com\/live\/wp-json\/wp\/v2\/posts"}],"about":[{"href":"https:\/\/www.creaerte.com\/live\/wp-json\/wp\/v2\/types\/post"}],"author":[{"embeddable":true,"href":"https:\/\/www.creaerte.com\/live\/wp-json\/wp\/v2\/users\/1"}],"replies":[{"embeddable":true,"href":"https:\/\/www.creaerte.com\/live\/wp-json\/wp\/v2\/comments?post=6591"}],"version-history":[{"count":0,"href":"https:\/\/www.creaerte.com\/live\/wp-json\/wp\/v2\/posts\/6591\/revisions"}],"wp:attachment":[{"href":"https:\/\/www.creaerte.com\/live\/wp-json\/wp\/v2\/media?parent=6591"}],"wp:term":[{"taxonomy":"category","embeddable":true,"href":"https:\/\/www.creaerte.com\/live\/wp-json\/wp\/v2\/categories?post=6591"},{"taxonomy":"post_tag","embeddable":true,"href":"https:\/\/www.creaerte.com\/live\/wp-json\/wp\/v2\/tags?post=6591"}],"curies":[{"name":"wp","href":"https:\/\/api.w.org\/{rel}","templated":true}]}}