{"id":7553,"date":"2012-07-09T10:45:44","date_gmt":"2012-07-09T09:45:44","guid":{"rendered":"http:\/\/creaerte.com\/live\/?p=7553"},"modified":"2012-07-09T11:04:29","modified_gmt":"2012-07-09T10:04:29","slug":"detras-de-las-fotografias","status":"publish","type":"post","link":"https:\/\/www.creaerte.com\/live\/detras-de-las-fotografias\/","title":{"rendered":"Detr\u00e1s de las fotograf\u00edas"},"content":{"rendered":"<p>Hay en el mundo grandes fotograf\u00edas, muchas hist\u00f3ricas, pero no tenemos en la mente las caras de los que las hicieron, siempre han estado en la sombra, detr\u00e1s de las fotograf\u00edas. Por eso, el fot\u00f3grafo <a href=\"http:\/\/behindphotographs.com\/\" target=\"_blank\">Tim Mantoani<\/a>, pens\u00f3 que eso no pod\u00eda seguir as\u00ed y durante 5 a\u00f1os estuvo retratando a los fot\u00f3grafos m\u00e1s ilustres sujetando una de sus fotos m\u00e1s famosas, as\u00ed hasta 150 en unas Polaroid de 20&#215;24 pulgadas (50,8x61cm), las cuales cuestan 200$ cada una, ah\u00ed es nada\u2026<\/p>\n<p><iframe src=\"http:\/\/player.vimeo.com\/video\/33552981?title=0&amp;byline=0&amp;portrait=0&amp;color=ffffff\" width=\"610\" height=\"343\" frameborder=\"0\" webkitAllowFullScreen mozallowfullscreen allowFullScreen><\/iframe><\/p>\n<p style=\"text-align: center;\"><img fetchpriority=\"high\" decoding=\"async\" class=\"aligncenter size-full wp-image-7557\" style=\"border: 0px none;\" title=\"Neil-Leifer-520x765\" src=\"http:\/\/creaerte.com\/live\/wp-content\/uploads\/2012\/07\/Neil-Leifer-520x765.jpg\" alt=\"Neil-Leifer-520x765\" width=\"610\" height=\"897\" srcset=\"https:\/\/www.creaerte.com\/live\/wp-content\/uploads\/2012\/07\/Neil-Leifer-520x765.jpg 610w, https:\/\/www.creaerte.com\/live\/wp-content\/uploads\/2012\/07\/Neil-Leifer-520x765-261x384.jpg 261w\" sizes=\"(max-width: 610px) 100vw, 610px\" \/><\/p>\n<p style=\"text-align: center;\"><img decoding=\"async\" class=\"aligncenter size-full wp-image-7556\" style=\"border: 0px none;\" title=\"Mark-Seliger-520x707\" src=\"http:\/\/creaerte.com\/live\/wp-content\/uploads\/2012\/07\/Mark-Seliger-520x707.jpg\" alt=\"Mark-Seliger-520x707\" width=\"610\" height=\"829\" srcset=\"https:\/\/www.creaerte.com\/live\/wp-content\/uploads\/2012\/07\/Mark-Seliger-520x707.jpg 610w, https:\/\/www.creaerte.com\/live\/wp-content\/uploads\/2012\/07\/Mark-Seliger-520x707-283x384.jpg 283w\" sizes=\"(max-width: 610px) 100vw, 610px\" \/><\/p>\n<p style=\"text-align: center;\"><img decoding=\"async\" class=\"aligncenter size-full wp-image-7555\" style=\"border: 0px none;\" title=\"Jeff-Widener-520x751\" src=\"http:\/\/creaerte.com\/live\/wp-content\/uploads\/2012\/07\/Jeff-Widener-520x751.jpg\" alt=\"Jeff-Widener-520x751\" width=\"610\" height=\"881\" srcset=\"https:\/\/www.creaerte.com\/live\/wp-content\/uploads\/2012\/07\/Jeff-Widener-520x751.jpg 610w, https:\/\/www.creaerte.com\/live\/wp-content\/uploads\/2012\/07\/Jeff-Widener-520x751-266x384.jpg 266w\" sizes=\"(max-width: 610px) 100vw, 610px\" \/><\/p>\n<p style=\"text-align: center;\"><img loading=\"lazy\" decoding=\"async\" class=\"aligncenter size-full wp-image-7554\" style=\"border: 0px none;\" title=\"Elliot-Erwitt-520x747\" src=\"http:\/\/creaerte.com\/live\/wp-content\/uploads\/2012\/07\/Elliot-Erwitt-520x747.jpg\" alt=\"Elliot-Erwitt-520x747\" width=\"610\" height=\"876\" \/><\/p>\n","protected":false},"excerpt":{"rendered":"<p>Hay en el mundo grandes fotograf\u00edas, muchas hist\u00f3ricas, pero no tenemos en la mente las caras de los que las hicieron, siempre han estado en la sombra, detr\u00e1s de las fotograf\u00edas. Por eso, el fot\u00f3grafo Tim Mantoani, pens\u00f3 que eso no pod\u00eda seguir as\u00ed y durante 5 a\u00f1os estuvo retratando a los fot\u00f3grafos m\u00e1s ilustres sujetando una de sus fotos&#8230;<\/p>\n","protected":false},"author":1,"featured_media":0,"comment_status":"open","ping_status":"open","sticky":false,"template":"","format":"standard","meta":{"footnotes":""},"categories":[224,10],"tags":[],"class_list":["post-7553","post","type-post","status-publish","format-standard","hentry","category-frente-al-objetivo","category-noticias","has_thumb"],"yoast_head":"<!-- This site is optimized with the Yoast SEO plugin v26.9 - https:\/\/yoast.com\/product\/yoast-seo-wordpress\/ -->\n<title>Detr\u00e1s de las fotograf\u00edas - creaerte.com<\/title>\n<meta name=\"robots\" content=\"index, follow, max-snippet:-1, max-image-preview:large, max-video-preview:-1\" \/>\n<link rel=\"canonical\" href=\"https:\/\/www.creaerte.com\/live\/detras-de-las-fotografias\/\" \/>\n<meta property=\"og:locale\" content=\"es_ES\" \/>\n<meta property=\"og:type\" content=\"article\" \/>\n<meta property=\"og:title\" content=\"Detr\u00e1s de las fotograf\u00edas - creaerte.com\" \/>\n<meta property=\"og:description\" content=\"Hay en el mundo grandes fotograf\u00edas, muchas hist\u00f3ricas, pero no tenemos en la mente las caras de los que las hicieron, siempre han estado en la sombra, detr\u00e1s de las fotograf\u00edas. Por eso, el fot\u00f3grafo Tim Mantoani, pens\u00f3 que eso no pod\u00eda seguir as\u00ed y durante 5 a\u00f1os estuvo retratando a los fot\u00f3grafos m\u00e1s ilustres sujetando una de sus fotos...\" \/>\n<meta property=\"og:url\" content=\"https:\/\/www.creaerte.com\/live\/detras-de-las-fotografias\/\" \/>\n<meta property=\"og:site_name\" content=\"creaerte.com\" \/>\n<meta property=\"article:publisher\" content=\"https:\/\/www.facebook.com\/creaerte\" \/>\n<meta property=\"article:published_time\" content=\"2012-07-09T09:45:44+00:00\" \/>\n<meta property=\"article:modified_time\" content=\"2012-07-09T10:04:29+00:00\" \/>\n<meta property=\"og:image\" content=\"https:\/\/www.creaerte.com\/live\/wp-content\/uploads\/2012\/07\/Neil-Leifer-520x765.jpg\" \/>\n\t<meta property=\"og:image:width\" content=\"610\" \/>\n\t<meta property=\"og:image:height\" content=\"897\" \/>\n\t<meta property=\"og:image:type\" content=\"image\/jpeg\" \/>\n<meta name=\"author\" content=\"admin\" \/>\n<meta name=\"twitter:card\" content=\"summary_large_image\" \/>\n<meta name=\"twitter:creator\" content=\"@Creaerte\" \/>\n<meta name=\"twitter:site\" content=\"@Creaerte\" \/>\n<meta name=\"twitter:label1\" content=\"Escrito por\" \/>\n\t<meta name=\"twitter:data1\" content=\"admin\" \/>\n<script type=\"application\/ld+json\" class=\"yoast-schema-graph\">{\"@context\":\"https:\/\/schema.org\",\"@graph\":[{\"@type\":\"Article\",\"@id\":\"https:\/\/www.creaerte.com\/live\/detras-de-las-fotografias\/#article\",\"isPartOf\":{\"@id\":\"https:\/\/www.creaerte.com\/live\/detras-de-las-fotografias\/\"},\"author\":{\"name\":\"admin\",\"@id\":\"https:\/\/www.creaerte.com\/live\/#\/schema\/person\/acc9e93c6216bce2d569b1f0a99607f6\"},\"headline\":\"Detr\u00e1s de las fotograf\u00edas\",\"datePublished\":\"2012-07-09T09:45:44+00:00\",\"dateModified\":\"2012-07-09T10:04:29+00:00\",\"mainEntityOfPage\":{\"@id\":\"https:\/\/www.creaerte.com\/live\/detras-de-las-fotografias\/\"},\"wordCount\":95,\"commentCount\":0,\"image\":{\"@id\":\"https:\/\/www.creaerte.com\/live\/detras-de-las-fotografias\/#primaryimage\"},\"thumbnailUrl\":\"http:\/\/creaerte.com\/live\/wp-content\/uploads\/2012\/07\/Neil-Leifer-520x765.jpg\",\"articleSection\":[\"Frente al objetivo\",\"Noticias\"],\"inLanguage\":\"es\",\"potentialAction\":[{\"@type\":\"CommentAction\",\"name\":\"Comment\",\"target\":[\"https:\/\/www.creaerte.com\/live\/detras-de-las-fotografias\/#respond\"]}]},{\"@type\":\"WebPage\",\"@id\":\"https:\/\/www.creaerte.com\/live\/detras-de-las-fotografias\/\",\"url\":\"https:\/\/www.creaerte.com\/live\/detras-de-las-fotografias\/\",\"name\":\"Detr\u00e1s de las fotograf\u00edas - creaerte.com\",\"isPartOf\":{\"@id\":\"https:\/\/www.creaerte.com\/live\/#website\"},\"primaryImageOfPage\":{\"@id\":\"https:\/\/www.creaerte.com\/live\/detras-de-las-fotografias\/#primaryimage\"},\"image\":{\"@id\":\"https:\/\/www.creaerte.com\/live\/detras-de-las-fotografias\/#primaryimage\"},\"thumbnailUrl\":\"http:\/\/creaerte.com\/live\/wp-content\/uploads\/2012\/07\/Neil-Leifer-520x765.jpg\",\"datePublished\":\"2012-07-09T09:45:44+00:00\",\"dateModified\":\"2012-07-09T10:04:29+00:00\",\"author\":{\"@id\":\"https:\/\/www.creaerte.com\/live\/#\/schema\/person\/acc9e93c6216bce2d569b1f0a99607f6\"},\"inLanguage\":\"es\",\"potentialAction\":[{\"@type\":\"ReadAction\",\"target\":[\"https:\/\/www.creaerte.com\/live\/detras-de-las-fotografias\/\"]}]},{\"@type\":\"ImageObject\",\"inLanguage\":\"es\",\"@id\":\"https:\/\/www.creaerte.com\/live\/detras-de-las-fotografias\/#primaryimage\",\"url\":\"http:\/\/creaerte.com\/live\/wp-content\/uploads\/2012\/07\/Neil-Leifer-520x765.jpg\",\"contentUrl\":\"http:\/\/creaerte.com\/live\/wp-content\/uploads\/2012\/07\/Neil-Leifer-520x765.jpg\"},{\"@type\":\"WebSite\",\"@id\":\"https:\/\/www.creaerte.com\/live\/#website\",\"url\":\"https:\/\/www.creaerte.com\/live\/\",\"name\":\"creaerte.com\",\"description\":\"Agencia de publicidad, comunicaci\u00f3n y marketing en C\u00e1ceres \u2022 Extremadura\",\"potentialAction\":[{\"@type\":\"SearchAction\",\"target\":{\"@type\":\"EntryPoint\",\"urlTemplate\":\"https:\/\/www.creaerte.com\/live\/?s={search_term_string}\"},\"query-input\":{\"@type\":\"PropertyValueSpecification\",\"valueRequired\":true,\"valueName\":\"search_term_string\"}}],\"inLanguage\":\"es\"},{\"@type\":\"Person\",\"@id\":\"https:\/\/www.creaerte.com\/live\/#\/schema\/person\/acc9e93c6216bce2d569b1f0a99607f6\",\"name\":\"admin\",\"image\":{\"@type\":\"ImageObject\",\"inLanguage\":\"es\",\"@id\":\"https:\/\/www.creaerte.com\/live\/#\/schema\/person\/image\/\",\"url\":\"https:\/\/secure.gravatar.com\/avatar\/736f9ff6dd176e443e4c9cf884b23352631c533b611f216dbc09fc84cda6e67c?s=96&d=mm&r=g\",\"contentUrl\":\"https:\/\/secure.gravatar.com\/avatar\/736f9ff6dd176e443e4c9cf884b23352631c533b611f216dbc09fc84cda6e67c?s=96&d=mm&r=g\",\"caption\":\"admin\"},\"url\":\"https:\/\/www.creaerte.com\/live\/author\/admin\/\"}]}<\/script>\n<!-- \/ Yoast SEO plugin. -->","yoast_head_json":{"title":"Detr\u00e1s de las fotograf\u00edas - creaerte.com","robots":{"index":"index","follow":"follow","max-snippet":"max-snippet:-1","max-image-preview":"max-image-preview:large","max-video-preview":"max-video-preview:-1"},"canonical":"https:\/\/www.creaerte.com\/live\/detras-de-las-fotografias\/","og_locale":"es_ES","og_type":"article","og_title":"Detr\u00e1s de las fotograf\u00edas - creaerte.com","og_description":"Hay en el mundo grandes fotograf\u00edas, muchas hist\u00f3ricas, pero no tenemos en la mente las caras de los que las hicieron, siempre han estado en la sombra, detr\u00e1s de las fotograf\u00edas. Por eso, el fot\u00f3grafo Tim Mantoani, pens\u00f3 que eso no pod\u00eda seguir as\u00ed y durante 5 a\u00f1os estuvo retratando a los fot\u00f3grafos m\u00e1s ilustres sujetando una de sus fotos...","og_url":"https:\/\/www.creaerte.com\/live\/detras-de-las-fotografias\/","og_site_name":"creaerte.com","article_publisher":"https:\/\/www.facebook.com\/creaerte","article_published_time":"2012-07-09T09:45:44+00:00","article_modified_time":"2012-07-09T10:04:29+00:00","og_image":[{"width":610,"height":897,"url":"https:\/\/www.creaerte.com\/live\/wp-content\/uploads\/2012\/07\/Neil-Leifer-520x765.jpg","type":"image\/jpeg"}],"author":"admin","twitter_card":"summary_large_image","twitter_creator":"@Creaerte","twitter_site":"@Creaerte","twitter_misc":{"Escrito por":"admin"},"schema":{"@context":"https:\/\/schema.org","@graph":[{"@type":"Article","@id":"https:\/\/www.creaerte.com\/live\/detras-de-las-fotografias\/#article","isPartOf":{"@id":"https:\/\/www.creaerte.com\/live\/detras-de-las-fotografias\/"},"author":{"name":"admin","@id":"https:\/\/www.creaerte.com\/live\/#\/schema\/person\/acc9e93c6216bce2d569b1f0a99607f6"},"headline":"Detr\u00e1s de las fotograf\u00edas","datePublished":"2012-07-09T09:45:44+00:00","dateModified":"2012-07-09T10:04:29+00:00","mainEntityOfPage":{"@id":"https:\/\/www.creaerte.com\/live\/detras-de-las-fotografias\/"},"wordCount":95,"commentCount":0,"image":{"@id":"https:\/\/www.creaerte.com\/live\/detras-de-las-fotografias\/#primaryimage"},"thumbnailUrl":"http:\/\/creaerte.com\/live\/wp-content\/uploads\/2012\/07\/Neil-Leifer-520x765.jpg","articleSection":["Frente al objetivo","Noticias"],"inLanguage":"es","potentialAction":[{"@type":"CommentAction","name":"Comment","target":["https:\/\/www.creaerte.com\/live\/detras-de-las-fotografias\/#respond"]}]},{"@type":"WebPage","@id":"https:\/\/www.creaerte.com\/live\/detras-de-las-fotografias\/","url":"https:\/\/www.creaerte.com\/live\/detras-de-las-fotografias\/","name":"Detr\u00e1s de las fotograf\u00edas - creaerte.com","isPartOf":{"@id":"https:\/\/www.creaerte.com\/live\/#website"},"primaryImageOfPage":{"@id":"https:\/\/www.creaerte.com\/live\/detras-de-las-fotografias\/#primaryimage"},"image":{"@id":"https:\/\/www.creaerte.com\/live\/detras-de-las-fotografias\/#primaryimage"},"thumbnailUrl":"http:\/\/creaerte.com\/live\/wp-content\/uploads\/2012\/07\/Neil-Leifer-520x765.jpg","datePublished":"2012-07-09T09:45:44+00:00","dateModified":"2012-07-09T10:04:29+00:00","author":{"@id":"https:\/\/www.creaerte.com\/live\/#\/schema\/person\/acc9e93c6216bce2d569b1f0a99607f6"},"inLanguage":"es","potentialAction":[{"@type":"ReadAction","target":["https:\/\/www.creaerte.com\/live\/detras-de-las-fotografias\/"]}]},{"@type":"ImageObject","inLanguage":"es","@id":"https:\/\/www.creaerte.com\/live\/detras-de-las-fotografias\/#primaryimage","url":"http:\/\/creaerte.com\/live\/wp-content\/uploads\/2012\/07\/Neil-Leifer-520x765.jpg","contentUrl":"http:\/\/creaerte.com\/live\/wp-content\/uploads\/2012\/07\/Neil-Leifer-520x765.jpg"},{"@type":"WebSite","@id":"https:\/\/www.creaerte.com\/live\/#website","url":"https:\/\/www.creaerte.com\/live\/","name":"creaerte.com","description":"Agencia de publicidad, comunicaci\u00f3n y marketing en C\u00e1ceres \u2022 Extremadura","potentialAction":[{"@type":"SearchAction","target":{"@type":"EntryPoint","urlTemplate":"https:\/\/www.creaerte.com\/live\/?s={search_term_string}"},"query-input":{"@type":"PropertyValueSpecification","valueRequired":true,"valueName":"search_term_string"}}],"inLanguage":"es"},{"@type":"Person","@id":"https:\/\/www.creaerte.com\/live\/#\/schema\/person\/acc9e93c6216bce2d569b1f0a99607f6","name":"admin","image":{"@type":"ImageObject","inLanguage":"es","@id":"https:\/\/www.creaerte.com\/live\/#\/schema\/person\/image\/","url":"https:\/\/secure.gravatar.com\/avatar\/736f9ff6dd176e443e4c9cf884b23352631c533b611f216dbc09fc84cda6e67c?s=96&d=mm&r=g","contentUrl":"https:\/\/secure.gravatar.com\/avatar\/736f9ff6dd176e443e4c9cf884b23352631c533b611f216dbc09fc84cda6e67c?s=96&d=mm&r=g","caption":"admin"},"url":"https:\/\/www.creaerte.com\/live\/author\/admin\/"}]}},"_links":{"self":[{"href":"https:\/\/www.creaerte.com\/live\/wp-json\/wp\/v2\/posts\/7553","targetHints":{"allow":["GET"]}}],"collection":[{"href":"https:\/\/www.creaerte.com\/live\/wp-json\/wp\/v2\/posts"}],"about":[{"href":"https:\/\/www.creaerte.com\/live\/wp-json\/wp\/v2\/types\/post"}],"author":[{"embeddable":true,"href":"https:\/\/www.creaerte.com\/live\/wp-json\/wp\/v2\/users\/1"}],"replies":[{"embeddable":true,"href":"https:\/\/www.creaerte.com\/live\/wp-json\/wp\/v2\/comments?post=7553"}],"version-history":[{"count":0,"href":"https:\/\/www.creaerte.com\/live\/wp-json\/wp\/v2\/posts\/7553\/revisions"}],"wp:attachment":[{"href":"https:\/\/www.creaerte.com\/live\/wp-json\/wp\/v2\/media?parent=7553"}],"wp:term":[{"taxonomy":"category","embeddable":true,"href":"https:\/\/www.creaerte.com\/live\/wp-json\/wp\/v2\/categories?post=7553"},{"taxonomy":"post_tag","embeddable":true,"href":"https:\/\/www.creaerte.com\/live\/wp-json\/wp\/v2\/tags?post=7553"}],"curies":[{"name":"wp","href":"https:\/\/api.w.org\/{rel}","templated":true}]}}