{"id":7634,"date":"2012-07-19T08:28:36","date_gmt":"2012-07-19T07:28:36","guid":{"rendered":"http:\/\/creaerte.com\/live\/?p=7634"},"modified":"2013-01-16T10:12:51","modified_gmt":"2013-01-16T09:12:51","slug":"una-imagen-al-dia","status":"publish","type":"post","link":"https:\/\/www.creaerte.com\/live\/una-imagen-al-dia\/","title":{"rendered":"Una imagen al d\u00eda"},"content":{"rendered":"<p>Hoy proponemos algo para que todos participemos. Hemos creado la secci\u00f3n \u00abUNA IMAGEN AL D\u00cdA\u00bb donde colocaremos diariamente una foto, cuadro, composici\u00f3n, fotomontaje\u2026 lo que quer\u00e1is ver en este espacio, como v\u00e9is en la columna de la derecha.<\/p>\n<p>Para participar tan s\u00f3lo tendr\u00e9is que enviar la imagen a <a href=\"m&#x61;i&#108;&#x74;o&#58;&#x75;n&#x61;&#x66;o&#x74;o&#97;&#x6c;d&#105;&#x61;&#64;&#x63;&#x72;e&#x61;&#x65;r&#x74;e&#46;&#x63;o&#109;\">u&#x6e;a&#102;&#x6f;t&#111;&#x61;l&#x64;&#x69;a&#x40;c&#114;&#x65;a&#101;&#x72;t&#x65;&#x2e;c&#x6f;&#x6d;<\/a> junto con el nombre que quer\u00e9is que aparezca junto a ella y nuestro equipo seleccionar\u00e1 una todos los d\u00edas \u00a1Entra de vez en cuando al <a href=\"http:\/\/creaerte.com\/live\">creaerte.com\/live<\/a> para ver si tu imagen ha sido seleccionada!<\/p>\n<p style=\"text-align: center;\"><img fetchpriority=\"high\" decoding=\"async\" class=\"aligncenter size-full wp-image-7641\" style=\"border: 0px none;\" title=\"unaimagenaldia\" src=\"http:\/\/creaerte.com\/live\/wp-content\/uploads\/2012\/07\/unaimagenaldia1.jpg\" alt=\"unaimagenaldia\" width=\"610\" height=\"300\" srcset=\"https:\/\/www.creaerte.com\/live\/wp-content\/uploads\/2012\/07\/unaimagenaldia1.jpg 610w, https:\/\/www.creaerte.com\/live\/wp-content\/uploads\/2012\/07\/unaimagenaldia1-384x189.jpg 384w\" sizes=\"(max-width: 610px) 100vw, 610px\" \/><\/p>\n","protected":false},"excerpt":{"rendered":"<p>Hoy proponemos algo para que todos participemos. Hemos creado la secci\u00f3n \u00abUNA IMAGEN AL D\u00cdA\u00bb donde colocaremos diariamente una foto, cuadro, composici\u00f3n, fotomontaje\u2026 lo que quer\u00e1is ver en este espacio, como v\u00e9is en la columna de la derecha. Para participar tan s\u00f3lo tendr\u00e9is que enviar la imagen a un&#97;&#x66;&#x6f;&#x74;oal&#100;&#x69;&#x61;&#x40;cr&#101;&#97;&#x65;&#x72;&#x74;e.&#99;&#x6f;&#x6d; junto con el nombre que quer\u00e9is que aparezca junto a ella&#8230;<\/p>\n","protected":false},"author":1,"featured_media":0,"comment_status":"open","ping_status":"open","sticky":false,"template":"","format":"standard","meta":{"footnotes":""},"categories":[10,281],"tags":[],"class_list":["post-7634","post","type-post","status-publish","format-standard","hentry","category-noticias","category-una-imagen-al-dia","has_thumb"],"yoast_head":"<!-- This site is optimized with the Yoast SEO plugin v26.9 - https:\/\/yoast.com\/product\/yoast-seo-wordpress\/ -->\n<title>Una imagen al d\u00eda - creaerte.com<\/title>\n<meta name=\"robots\" content=\"index, follow, max-snippet:-1, max-image-preview:large, max-video-preview:-1\" \/>\n<link rel=\"canonical\" href=\"https:\/\/www.creaerte.com\/live\/una-imagen-al-dia\/\" \/>\n<meta property=\"og:locale\" content=\"es_ES\" \/>\n<meta property=\"og:type\" content=\"article\" \/>\n<meta property=\"og:title\" content=\"Una imagen al d\u00eda - creaerte.com\" \/>\n<meta property=\"og:description\" content=\"Hoy proponemos algo para que todos participemos. Hemos creado la secci\u00f3n \u00abUNA IMAGEN AL D\u00cdA\u00bb donde colocaremos diariamente una foto, cuadro, composici\u00f3n, fotomontaje\u2026 lo que quer\u00e1is ver en este espacio, como v\u00e9is en la columna de la derecha. Para participar tan s\u00f3lo tendr\u00e9is que enviar la imagen a &#x75;&#x6e;&#x61;&#x66;&#x6f;&#x74;&#x6f;&#x61;&#x6c;&#x64;&#x69;&#x61;&#x40;&#x63;&#114;&#101;&#097;&#101;&#114;&#116;e.com junto con el nombre que quer\u00e9is que aparezca junto a ella...\" \/>\n<meta property=\"og:url\" content=\"https:\/\/www.creaerte.com\/live\/una-imagen-al-dia\/\" \/>\n<meta property=\"og:site_name\" content=\"creaerte.com\" \/>\n<meta property=\"article:publisher\" content=\"https:\/\/www.facebook.com\/creaerte\" \/>\n<meta property=\"article:published_time\" content=\"2012-07-19T07:28:36+00:00\" \/>\n<meta property=\"article:modified_time\" content=\"2013-01-16T09:12:51+00:00\" \/>\n<meta property=\"og:image\" content=\"https:\/\/www.creaerte.com\/live\/wp-content\/uploads\/2012\/07\/unaimagenaldia1.jpg\" \/>\n\t<meta property=\"og:image:width\" content=\"610\" \/>\n\t<meta property=\"og:image:height\" content=\"300\" \/>\n\t<meta property=\"og:image:type\" content=\"image\/jpeg\" \/>\n<meta name=\"author\" content=\"admin\" \/>\n<meta name=\"twitter:card\" content=\"summary_large_image\" \/>\n<meta name=\"twitter:creator\" content=\"@Creaerte\" \/>\n<meta name=\"twitter:site\" content=\"@Creaerte\" \/>\n<meta name=\"twitter:label1\" content=\"Escrito por\" \/>\n\t<meta name=\"twitter:data1\" content=\"admin\" \/>\n<script type=\"application\/ld+json\" class=\"yoast-schema-graph\">{\"@context\":\"https:\/\/schema.org\",\"@graph\":[{\"@type\":\"Article\",\"@id\":\"https:\/\/www.creaerte.com\/live\/una-imagen-al-dia\/#article\",\"isPartOf\":{\"@id\":\"https:\/\/www.creaerte.com\/live\/una-imagen-al-dia\/\"},\"author\":{\"name\":\"admin\",\"@id\":\"https:\/\/www.creaerte.com\/live\/#\/schema\/person\/acc9e93c6216bce2d569b1f0a99607f6\"},\"headline\":\"Una imagen al d\u00eda\",\"datePublished\":\"2012-07-19T07:28:36+00:00\",\"dateModified\":\"2013-01-16T09:12:51+00:00\",\"mainEntityOfPage\":{\"@id\":\"https:\/\/www.creaerte.com\/live\/una-imagen-al-dia\/\"},\"wordCount\":101,\"commentCount\":0,\"image\":{\"@id\":\"https:\/\/www.creaerte.com\/live\/una-imagen-al-dia\/#primaryimage\"},\"thumbnailUrl\":\"http:\/\/creaerte.com\/live\/wp-content\/uploads\/2012\/07\/unaimagenaldia1.jpg\",\"articleSection\":[\"Noticias\",\"Una imagen al d\u00eda\"],\"inLanguage\":\"es\",\"potentialAction\":[{\"@type\":\"CommentAction\",\"name\":\"Comment\",\"target\":[\"https:\/\/www.creaerte.com\/live\/una-imagen-al-dia\/#respond\"]}]},{\"@type\":\"WebPage\",\"@id\":\"https:\/\/www.creaerte.com\/live\/una-imagen-al-dia\/\",\"url\":\"https:\/\/www.creaerte.com\/live\/una-imagen-al-dia\/\",\"name\":\"Una imagen al d\u00eda - creaerte.com\",\"isPartOf\":{\"@id\":\"https:\/\/www.creaerte.com\/live\/#website\"},\"primaryImageOfPage\":{\"@id\":\"https:\/\/www.creaerte.com\/live\/una-imagen-al-dia\/#primaryimage\"},\"image\":{\"@id\":\"https:\/\/www.creaerte.com\/live\/una-imagen-al-dia\/#primaryimage\"},\"thumbnailUrl\":\"http:\/\/creaerte.com\/live\/wp-content\/uploads\/2012\/07\/unaimagenaldia1.jpg\",\"datePublished\":\"2012-07-19T07:28:36+00:00\",\"dateModified\":\"2013-01-16T09:12:51+00:00\",\"author\":{\"@id\":\"https:\/\/www.creaerte.com\/live\/#\/schema\/person\/acc9e93c6216bce2d569b1f0a99607f6\"},\"inLanguage\":\"es\",\"potentialAction\":[{\"@type\":\"ReadAction\",\"target\":[\"https:\/\/www.creaerte.com\/live\/una-imagen-al-dia\/\"]}]},{\"@type\":\"ImageObject\",\"inLanguage\":\"es\",\"@id\":\"https:\/\/www.creaerte.com\/live\/una-imagen-al-dia\/#primaryimage\",\"url\":\"http:\/\/creaerte.com\/live\/wp-content\/uploads\/2012\/07\/unaimagenaldia1.jpg\",\"contentUrl\":\"http:\/\/creaerte.com\/live\/wp-content\/uploads\/2012\/07\/unaimagenaldia1.jpg\"},{\"@type\":\"WebSite\",\"@id\":\"https:\/\/www.creaerte.com\/live\/#website\",\"url\":\"https:\/\/www.creaerte.com\/live\/\",\"name\":\"creaerte.com\",\"description\":\"Agencia de publicidad, comunicaci\u00f3n y marketing en C\u00e1ceres \u2022 Extremadura\",\"potentialAction\":[{\"@type\":\"SearchAction\",\"target\":{\"@type\":\"EntryPoint\",\"urlTemplate\":\"https:\/\/www.creaerte.com\/live\/?s={search_term_string}\"},\"query-input\":{\"@type\":\"PropertyValueSpecification\",\"valueRequired\":true,\"valueName\":\"search_term_string\"}}],\"inLanguage\":\"es\"},{\"@type\":\"Person\",\"@id\":\"https:\/\/www.creaerte.com\/live\/#\/schema\/person\/acc9e93c6216bce2d569b1f0a99607f6\",\"name\":\"admin\",\"image\":{\"@type\":\"ImageObject\",\"inLanguage\":\"es\",\"@id\":\"https:\/\/www.creaerte.com\/live\/#\/schema\/person\/image\/\",\"url\":\"https:\/\/secure.gravatar.com\/avatar\/736f9ff6dd176e443e4c9cf884b23352631c533b611f216dbc09fc84cda6e67c?s=96&d=mm&r=g\",\"contentUrl\":\"https:\/\/secure.gravatar.com\/avatar\/736f9ff6dd176e443e4c9cf884b23352631c533b611f216dbc09fc84cda6e67c?s=96&d=mm&r=g\",\"caption\":\"admin\"},\"url\":\"https:\/\/www.creaerte.com\/live\/author\/admin\/\"}]}<\/script>\n<!-- \/ Yoast SEO plugin. -->","yoast_head_json":{"title":"Una imagen al d\u00eda - creaerte.com","robots":{"index":"index","follow":"follow","max-snippet":"max-snippet:-1","max-image-preview":"max-image-preview:large","max-video-preview":"max-video-preview:-1"},"canonical":"https:\/\/www.creaerte.com\/live\/una-imagen-al-dia\/","og_locale":"es_ES","og_type":"article","og_title":"Una imagen al d\u00eda - creaerte.com","og_description":"Hoy proponemos algo para que todos participemos. Hemos creado la secci\u00f3n \u00abUNA IMAGEN AL D\u00cdA\u00bb donde colocaremos diariamente una foto, cuadro, composici\u00f3n, fotomontaje\u2026 lo que quer\u00e1is ver en este espacio, como v\u00e9is en la columna de la derecha. Para participar tan s\u00f3lo tendr\u00e9is que enviar la imagen a &#x75;&#x6e;&#x61;&#x66;&#x6f;&#x74;&#x6f;&#x61;&#x6c;&#x64;&#x69;&#x61;&#x40;&#x63;&#114;&#101;&#97;&#101;&#114;&#116;e.com junto con el nombre que quer\u00e9is que aparezca junto a ella...","og_url":"https:\/\/www.creaerte.com\/live\/una-imagen-al-dia\/","og_site_name":"creaerte.com","article_publisher":"https:\/\/www.facebook.com\/creaerte","article_published_time":"2012-07-19T07:28:36+00:00","article_modified_time":"2013-01-16T09:12:51+00:00","og_image":[{"width":610,"height":300,"url":"https:\/\/www.creaerte.com\/live\/wp-content\/uploads\/2012\/07\/unaimagenaldia1.jpg","type":"image\/jpeg"}],"author":"admin","twitter_card":"summary_large_image","twitter_creator":"@Creaerte","twitter_site":"@Creaerte","twitter_misc":{"Escrito por":"admin"},"schema":{"@context":"https:\/\/schema.org","@graph":[{"@type":"Article","@id":"https:\/\/www.creaerte.com\/live\/una-imagen-al-dia\/#article","isPartOf":{"@id":"https:\/\/www.creaerte.com\/live\/una-imagen-al-dia\/"},"author":{"name":"admin","@id":"https:\/\/www.creaerte.com\/live\/#\/schema\/person\/acc9e93c6216bce2d569b1f0a99607f6"},"headline":"Una imagen al d\u00eda","datePublished":"2012-07-19T07:28:36+00:00","dateModified":"2013-01-16T09:12:51+00:00","mainEntityOfPage":{"@id":"https:\/\/www.creaerte.com\/live\/una-imagen-al-dia\/"},"wordCount":101,"commentCount":0,"image":{"@id":"https:\/\/www.creaerte.com\/live\/una-imagen-al-dia\/#primaryimage"},"thumbnailUrl":"http:\/\/creaerte.com\/live\/wp-content\/uploads\/2012\/07\/unaimagenaldia1.jpg","articleSection":["Noticias","Una imagen al d\u00eda"],"inLanguage":"es","potentialAction":[{"@type":"CommentAction","name":"Comment","target":["https:\/\/www.creaerte.com\/live\/una-imagen-al-dia\/#respond"]}]},{"@type":"WebPage","@id":"https:\/\/www.creaerte.com\/live\/una-imagen-al-dia\/","url":"https:\/\/www.creaerte.com\/live\/una-imagen-al-dia\/","name":"Una imagen al d\u00eda - creaerte.com","isPartOf":{"@id":"https:\/\/www.creaerte.com\/live\/#website"},"primaryImageOfPage":{"@id":"https:\/\/www.creaerte.com\/live\/una-imagen-al-dia\/#primaryimage"},"image":{"@id":"https:\/\/www.creaerte.com\/live\/una-imagen-al-dia\/#primaryimage"},"thumbnailUrl":"http:\/\/creaerte.com\/live\/wp-content\/uploads\/2012\/07\/unaimagenaldia1.jpg","datePublished":"2012-07-19T07:28:36+00:00","dateModified":"2013-01-16T09:12:51+00:00","author":{"@id":"https:\/\/www.creaerte.com\/live\/#\/schema\/person\/acc9e93c6216bce2d569b1f0a99607f6"},"inLanguage":"es","potentialAction":[{"@type":"ReadAction","target":["https:\/\/www.creaerte.com\/live\/una-imagen-al-dia\/"]}]},{"@type":"ImageObject","inLanguage":"es","@id":"https:\/\/www.creaerte.com\/live\/una-imagen-al-dia\/#primaryimage","url":"http:\/\/creaerte.com\/live\/wp-content\/uploads\/2012\/07\/unaimagenaldia1.jpg","contentUrl":"http:\/\/creaerte.com\/live\/wp-content\/uploads\/2012\/07\/unaimagenaldia1.jpg"},{"@type":"WebSite","@id":"https:\/\/www.creaerte.com\/live\/#website","url":"https:\/\/www.creaerte.com\/live\/","name":"creaerte.com","description":"Agencia de publicidad, comunicaci\u00f3n y marketing en C\u00e1ceres \u2022 Extremadura","potentialAction":[{"@type":"SearchAction","target":{"@type":"EntryPoint","urlTemplate":"https:\/\/www.creaerte.com\/live\/?s={search_term_string}"},"query-input":{"@type":"PropertyValueSpecification","valueRequired":true,"valueName":"search_term_string"}}],"inLanguage":"es"},{"@type":"Person","@id":"https:\/\/www.creaerte.com\/live\/#\/schema\/person\/acc9e93c6216bce2d569b1f0a99607f6","name":"admin","image":{"@type":"ImageObject","inLanguage":"es","@id":"https:\/\/www.creaerte.com\/live\/#\/schema\/person\/image\/","url":"https:\/\/secure.gravatar.com\/avatar\/736f9ff6dd176e443e4c9cf884b23352631c533b611f216dbc09fc84cda6e67c?s=96&d=mm&r=g","contentUrl":"https:\/\/secure.gravatar.com\/avatar\/736f9ff6dd176e443e4c9cf884b23352631c533b611f216dbc09fc84cda6e67c?s=96&d=mm&r=g","caption":"admin"},"url":"https:\/\/www.creaerte.com\/live\/author\/admin\/"}]}},"_links":{"self":[{"href":"https:\/\/www.creaerte.com\/live\/wp-json\/wp\/v2\/posts\/7634","targetHints":{"allow":["GET"]}}],"collection":[{"href":"https:\/\/www.creaerte.com\/live\/wp-json\/wp\/v2\/posts"}],"about":[{"href":"https:\/\/www.creaerte.com\/live\/wp-json\/wp\/v2\/types\/post"}],"author":[{"embeddable":true,"href":"https:\/\/www.creaerte.com\/live\/wp-json\/wp\/v2\/users\/1"}],"replies":[{"embeddable":true,"href":"https:\/\/www.creaerte.com\/live\/wp-json\/wp\/v2\/comments?post=7634"}],"version-history":[{"count":0,"href":"https:\/\/www.creaerte.com\/live\/wp-json\/wp\/v2\/posts\/7634\/revisions"}],"wp:attachment":[{"href":"https:\/\/www.creaerte.com\/live\/wp-json\/wp\/v2\/media?parent=7634"}],"wp:term":[{"taxonomy":"category","embeddable":true,"href":"https:\/\/www.creaerte.com\/live\/wp-json\/wp\/v2\/categories?post=7634"},{"taxonomy":"post_tag","embeddable":true,"href":"https:\/\/www.creaerte.com\/live\/wp-json\/wp\/v2\/tags?post=7634"}],"curies":[{"name":"wp","href":"https:\/\/api.w.org\/{rel}","templated":true}]}}