{"id":7791,"date":"2012-08-07T07:27:33","date_gmt":"2012-08-07T06:27:33","guid":{"rendered":"http:\/\/creaerte.com\/live\/?p=7791"},"modified":"2012-08-07T07:46:21","modified_gmt":"2012-08-07T06:46:21","slug":"una-imagen-al-dia-%e2%80%a2-7-de-agosto","status":"publish","type":"post","link":"https:\/\/www.creaerte.com\/live\/una-imagen-al-dia-%e2%80%a2-7-de-agosto\/","title":{"rendered":"Una imagen al d\u00eda \u2022 7 de agosto"},"content":{"rendered":"<p>Gracias Cristina por la foto! No sabemos por qu\u00e9 pero el reflejo nos recuerda al plano de la pel\u00edcula <em>Lo que el viento se llev\u00f3<\/em> cuando Escarlata O&#8217;hara grita aquello de <em>\u2013\u00a1Pongo a Dios por testigo que jam\u00e1s volver\u00e9 a pasar hambre!\u2013<\/em>.<\/p>\n<p><img decoding=\"async\" class=\"aligncenter size-full wp-image-7792\" title=\"_MG_9213b\" src=\"http:\/\/creaerte.com\/live\/wp-content\/uploads\/2012\/08\/MG_9213b.jpg\" alt=\"_MG_9213b\" \/><\/p>\n<p>Si quieres ver tus im\u00e1genes, ya sean fotos, cuadros o dibujos en este blog, env\u00edanoslas a <a href=\"ma&#105;&#x6c;&#x74;o:u&#110;&#x61;&#x66;oto&#97;&#x6c;&#x64;ia&#64;&#x63;&#x72;&#x65;ae&#114;&#x74;&#x65;&#x2e;co&#109;\">una&#102;&#111;&#x74;&#x6f;&#x61;&#x6c;&#x64;ia&#64;&#99;&#114;&#x65;&#x61;&#x65;&#x72;&#x74;e.c&#111;&#109;<\/a> y te las publicaremos!<\/p>\n","protected":false},"excerpt":{"rendered":"<p>Gracias Cristina por la foto! No sabemos por qu\u00e9 pero el reflejo nos recuerda al plano de la pel\u00edcula Lo que el viento se llev\u00f3 cuando Escarlata O&#8217;hara grita aquello de \u2013\u00a1Pongo a Dios por testigo que jam\u00e1s volver\u00e9 a pasar hambre!\u2013. Si quieres ver tus im\u00e1genes, ya sean fotos, cuadros o dibujos en este blog, env\u00edanoslas a &#x75;&#x6e;&#x61;&#x66;&#111;toal&#x64;&#x69;&#x61;&#x40;&#99;reae&#x72;&#x74;&#x65;&#x2e;&#99;om y&#8230;<\/p>\n","protected":false},"author":1,"featured_media":0,"comment_status":"open","ping_status":"open","sticky":false,"template":"","format":"standard","meta":{"footnotes":""},"categories":[10,281],"tags":[291,19,292],"class_list":["post-7791","post","type-post","status-publish","format-standard","hentry","category-noticias","category-una-imagen-al-dia","tag-espejo","tag-fotografia","tag-reflejo","has_thumb"],"yoast_head":"<!-- This site is optimized with the Yoast SEO plugin v26.9 - https:\/\/yoast.com\/product\/yoast-seo-wordpress\/ -->\n<title>Una imagen al d\u00eda \u2022 7 de agosto - creaerte.com<\/title>\n<meta name=\"robots\" content=\"index, follow, max-snippet:-1, max-image-preview:large, max-video-preview:-1\" \/>\n<link rel=\"canonical\" href=\"https:\/\/www.creaerte.com\/live\/una-imagen-al-dia-\u2022-7-de-agosto\/\" \/>\n<meta property=\"og:locale\" content=\"es_ES\" \/>\n<meta property=\"og:type\" content=\"article\" \/>\n<meta property=\"og:title\" content=\"Una imagen al d\u00eda \u2022 7 de agosto - creaerte.com\" \/>\n<meta property=\"og:description\" content=\"Gracias Cristina por la foto! No sabemos por qu\u00e9 pero el reflejo nos recuerda al plano de la pel\u00edcula Lo que el viento se llev\u00f3 cuando Escarlata O&#8217;hara grita aquello de \u2013\u00a1Pongo a Dios por testigo que jam\u00e1s volver\u00e9 a pasar hambre!\u2013. Si quieres ver tus im\u00e1genes, ya sean fotos, cuadros o dibujos en este blog, env\u00edanoslas a unaf&#111;&#116;&#x6f;&#x61;&#x6c;&#x64;&#x69;a&#064;cr&#101;&#097;&#x65;&#x72;&#x74;&#x65;&#x2e;com y...\" \/>\n<meta property=\"og:url\" content=\"https:\/\/www.creaerte.com\/live\/una-imagen-al-dia-\u2022-7-de-agosto\/\" \/>\n<meta property=\"og:site_name\" content=\"creaerte.com\" \/>\n<meta property=\"article:publisher\" content=\"https:\/\/www.facebook.com\/creaerte\" \/>\n<meta property=\"article:published_time\" content=\"2012-08-07T06:27:33+00:00\" \/>\n<meta property=\"article:modified_time\" content=\"2012-08-07T06:46:21+00:00\" \/>\n<meta property=\"og:image\" content=\"https:\/\/www.creaerte.com\/live\/wp-content\/uploads\/2012\/08\/MG_9213b.jpg\" \/>\n\t<meta property=\"og:image:width\" content=\"1\" \/>\n\t<meta property=\"og:image:height\" content=\"1\" \/>\n\t<meta property=\"og:image:type\" content=\"image\/jpeg\" \/>\n<meta name=\"author\" content=\"admin\" \/>\n<meta name=\"twitter:card\" content=\"summary_large_image\" \/>\n<meta name=\"twitter:creator\" content=\"@Creaerte\" \/>\n<meta name=\"twitter:site\" content=\"@Creaerte\" \/>\n<meta name=\"twitter:label1\" content=\"Escrito por\" \/>\n\t<meta name=\"twitter:data1\" content=\"admin\" \/>\n<script type=\"application\/ld+json\" class=\"yoast-schema-graph\">{\"@context\":\"https:\/\/schema.org\",\"@graph\":[{\"@type\":\"Article\",\"@id\":\"https:\/\/www.creaerte.com\/live\/una-imagen-al-dia-%e2%80%a2-7-de-agosto\/#article\",\"isPartOf\":{\"@id\":\"https:\/\/www.creaerte.com\/live\/una-imagen-al-dia-%e2%80%a2-7-de-agosto\/\"},\"author\":{\"name\":\"admin\",\"@id\":\"https:\/\/www.creaerte.com\/live\/#\/schema\/person\/acc9e93c6216bce2d569b1f0a99607f6\"},\"headline\":\"Una imagen al d\u00eda \u2022 7 de agosto\",\"datePublished\":\"2012-08-07T06:27:33+00:00\",\"dateModified\":\"2012-08-07T06:46:21+00:00\",\"mainEntityOfPage\":{\"@id\":\"https:\/\/www.creaerte.com\/live\/una-imagen-al-dia-%e2%80%a2-7-de-agosto\/\"},\"wordCount\":76,\"commentCount\":0,\"image\":{\"@id\":\"https:\/\/www.creaerte.com\/live\/una-imagen-al-dia-%e2%80%a2-7-de-agosto\/#primaryimage\"},\"thumbnailUrl\":\"http:\/\/creaerte.com\/live\/wp-content\/uploads\/2012\/08\/MG_9213b.jpg\",\"keywords\":[\"espejo\",\"fotograf\u00eda\",\"reflejo\"],\"articleSection\":[\"Noticias\",\"Una imagen al d\u00eda\"],\"inLanguage\":\"es\",\"potentialAction\":[{\"@type\":\"CommentAction\",\"name\":\"Comment\",\"target\":[\"https:\/\/www.creaerte.com\/live\/una-imagen-al-dia-%e2%80%a2-7-de-agosto\/#respond\"]}]},{\"@type\":\"WebPage\",\"@id\":\"https:\/\/www.creaerte.com\/live\/una-imagen-al-dia-%e2%80%a2-7-de-agosto\/\",\"url\":\"https:\/\/www.creaerte.com\/live\/una-imagen-al-dia-%e2%80%a2-7-de-agosto\/\",\"name\":\"Una imagen al d\u00eda \u2022 7 de agosto - creaerte.com\",\"isPartOf\":{\"@id\":\"https:\/\/www.creaerte.com\/live\/#website\"},\"primaryImageOfPage\":{\"@id\":\"https:\/\/www.creaerte.com\/live\/una-imagen-al-dia-%e2%80%a2-7-de-agosto\/#primaryimage\"},\"image\":{\"@id\":\"https:\/\/www.creaerte.com\/live\/una-imagen-al-dia-%e2%80%a2-7-de-agosto\/#primaryimage\"},\"thumbnailUrl\":\"http:\/\/creaerte.com\/live\/wp-content\/uploads\/2012\/08\/MG_9213b.jpg\",\"datePublished\":\"2012-08-07T06:27:33+00:00\",\"dateModified\":\"2012-08-07T06:46:21+00:00\",\"author\":{\"@id\":\"https:\/\/www.creaerte.com\/live\/#\/schema\/person\/acc9e93c6216bce2d569b1f0a99607f6\"},\"inLanguage\":\"es\",\"potentialAction\":[{\"@type\":\"ReadAction\",\"target\":[\"https:\/\/www.creaerte.com\/live\/una-imagen-al-dia-%e2%80%a2-7-de-agosto\/\"]}]},{\"@type\":\"ImageObject\",\"inLanguage\":\"es\",\"@id\":\"https:\/\/www.creaerte.com\/live\/una-imagen-al-dia-%e2%80%a2-7-de-agosto\/#primaryimage\",\"url\":\"http:\/\/creaerte.com\/live\/wp-content\/uploads\/2012\/08\/MG_9213b.jpg\",\"contentUrl\":\"http:\/\/creaerte.com\/live\/wp-content\/uploads\/2012\/08\/MG_9213b.jpg\"},{\"@type\":\"WebSite\",\"@id\":\"https:\/\/www.creaerte.com\/live\/#website\",\"url\":\"https:\/\/www.creaerte.com\/live\/\",\"name\":\"creaerte.com\",\"description\":\"Agencia de publicidad, comunicaci\u00f3n y marketing en C\u00e1ceres \u2022 Extremadura\",\"potentialAction\":[{\"@type\":\"SearchAction\",\"target\":{\"@type\":\"EntryPoint\",\"urlTemplate\":\"https:\/\/www.creaerte.com\/live\/?s={search_term_string}\"},\"query-input\":{\"@type\":\"PropertyValueSpecification\",\"valueRequired\":true,\"valueName\":\"search_term_string\"}}],\"inLanguage\":\"es\"},{\"@type\":\"Person\",\"@id\":\"https:\/\/www.creaerte.com\/live\/#\/schema\/person\/acc9e93c6216bce2d569b1f0a99607f6\",\"name\":\"admin\",\"image\":{\"@type\":\"ImageObject\",\"inLanguage\":\"es\",\"@id\":\"https:\/\/www.creaerte.com\/live\/#\/schema\/person\/image\/\",\"url\":\"https:\/\/secure.gravatar.com\/avatar\/736f9ff6dd176e443e4c9cf884b23352631c533b611f216dbc09fc84cda6e67c?s=96&d=mm&r=g\",\"contentUrl\":\"https:\/\/secure.gravatar.com\/avatar\/736f9ff6dd176e443e4c9cf884b23352631c533b611f216dbc09fc84cda6e67c?s=96&d=mm&r=g\",\"caption\":\"admin\"},\"url\":\"https:\/\/www.creaerte.com\/live\/author\/admin\/\"}]}<\/script>\n<!-- \/ Yoast SEO plugin. -->","yoast_head_json":{"title":"Una imagen al d\u00eda \u2022 7 de agosto - creaerte.com","robots":{"index":"index","follow":"follow","max-snippet":"max-snippet:-1","max-image-preview":"max-image-preview:large","max-video-preview":"max-video-preview:-1"},"canonical":"https:\/\/www.creaerte.com\/live\/una-imagen-al-dia-\u2022-7-de-agosto\/","og_locale":"es_ES","og_type":"article","og_title":"Una imagen al d\u00eda \u2022 7 de agosto - creaerte.com","og_description":"Gracias Cristina por la foto! No sabemos por qu\u00e9 pero el reflejo nos recuerda al plano de la pel\u00edcula Lo que el viento se llev\u00f3 cuando Escarlata O&#8217;hara grita aquello de \u2013\u00a1Pongo a Dios por testigo que jam\u00e1s volver\u00e9 a pasar hambre!\u2013. Si quieres ver tus im\u00e1genes, ya sean fotos, cuadros o dibujos en este blog, env\u00edanoslas a unaf&#111;&#116;&#x6f;&#x61;&#x6c;&#x64;&#x69;a&#64;cr&#101;&#97;&#x65;&#x72;&#x74;&#x65;&#x2e;com y...","og_url":"https:\/\/www.creaerte.com\/live\/una-imagen-al-dia-\u2022-7-de-agosto\/","og_site_name":"creaerte.com","article_publisher":"https:\/\/www.facebook.com\/creaerte","article_published_time":"2012-08-07T06:27:33+00:00","article_modified_time":"2012-08-07T06:46:21+00:00","og_image":[{"url":"https:\/\/www.creaerte.com\/live\/wp-content\/uploads\/2012\/08\/MG_9213b.jpg","width":1,"height":1,"type":"image\/jpeg"}],"author":"admin","twitter_card":"summary_large_image","twitter_creator":"@Creaerte","twitter_site":"@Creaerte","twitter_misc":{"Escrito por":"admin"},"schema":{"@context":"https:\/\/schema.org","@graph":[{"@type":"Article","@id":"https:\/\/www.creaerte.com\/live\/una-imagen-al-dia-%e2%80%a2-7-de-agosto\/#article","isPartOf":{"@id":"https:\/\/www.creaerte.com\/live\/una-imagen-al-dia-%e2%80%a2-7-de-agosto\/"},"author":{"name":"admin","@id":"https:\/\/www.creaerte.com\/live\/#\/schema\/person\/acc9e93c6216bce2d569b1f0a99607f6"},"headline":"Una imagen al d\u00eda \u2022 7 de agosto","datePublished":"2012-08-07T06:27:33+00:00","dateModified":"2012-08-07T06:46:21+00:00","mainEntityOfPage":{"@id":"https:\/\/www.creaerte.com\/live\/una-imagen-al-dia-%e2%80%a2-7-de-agosto\/"},"wordCount":76,"commentCount":0,"image":{"@id":"https:\/\/www.creaerte.com\/live\/una-imagen-al-dia-%e2%80%a2-7-de-agosto\/#primaryimage"},"thumbnailUrl":"http:\/\/creaerte.com\/live\/wp-content\/uploads\/2012\/08\/MG_9213b.jpg","keywords":["espejo","fotograf\u00eda","reflejo"],"articleSection":["Noticias","Una imagen al d\u00eda"],"inLanguage":"es","potentialAction":[{"@type":"CommentAction","name":"Comment","target":["https:\/\/www.creaerte.com\/live\/una-imagen-al-dia-%e2%80%a2-7-de-agosto\/#respond"]}]},{"@type":"WebPage","@id":"https:\/\/www.creaerte.com\/live\/una-imagen-al-dia-%e2%80%a2-7-de-agosto\/","url":"https:\/\/www.creaerte.com\/live\/una-imagen-al-dia-%e2%80%a2-7-de-agosto\/","name":"Una imagen al d\u00eda \u2022 7 de agosto - creaerte.com","isPartOf":{"@id":"https:\/\/www.creaerte.com\/live\/#website"},"primaryImageOfPage":{"@id":"https:\/\/www.creaerte.com\/live\/una-imagen-al-dia-%e2%80%a2-7-de-agosto\/#primaryimage"},"image":{"@id":"https:\/\/www.creaerte.com\/live\/una-imagen-al-dia-%e2%80%a2-7-de-agosto\/#primaryimage"},"thumbnailUrl":"http:\/\/creaerte.com\/live\/wp-content\/uploads\/2012\/08\/MG_9213b.jpg","datePublished":"2012-08-07T06:27:33+00:00","dateModified":"2012-08-07T06:46:21+00:00","author":{"@id":"https:\/\/www.creaerte.com\/live\/#\/schema\/person\/acc9e93c6216bce2d569b1f0a99607f6"},"inLanguage":"es","potentialAction":[{"@type":"ReadAction","target":["https:\/\/www.creaerte.com\/live\/una-imagen-al-dia-%e2%80%a2-7-de-agosto\/"]}]},{"@type":"ImageObject","inLanguage":"es","@id":"https:\/\/www.creaerte.com\/live\/una-imagen-al-dia-%e2%80%a2-7-de-agosto\/#primaryimage","url":"http:\/\/creaerte.com\/live\/wp-content\/uploads\/2012\/08\/MG_9213b.jpg","contentUrl":"http:\/\/creaerte.com\/live\/wp-content\/uploads\/2012\/08\/MG_9213b.jpg"},{"@type":"WebSite","@id":"https:\/\/www.creaerte.com\/live\/#website","url":"https:\/\/www.creaerte.com\/live\/","name":"creaerte.com","description":"Agencia de publicidad, comunicaci\u00f3n y marketing en C\u00e1ceres \u2022 Extremadura","potentialAction":[{"@type":"SearchAction","target":{"@type":"EntryPoint","urlTemplate":"https:\/\/www.creaerte.com\/live\/?s={search_term_string}"},"query-input":{"@type":"PropertyValueSpecification","valueRequired":true,"valueName":"search_term_string"}}],"inLanguage":"es"},{"@type":"Person","@id":"https:\/\/www.creaerte.com\/live\/#\/schema\/person\/acc9e93c6216bce2d569b1f0a99607f6","name":"admin","image":{"@type":"ImageObject","inLanguage":"es","@id":"https:\/\/www.creaerte.com\/live\/#\/schema\/person\/image\/","url":"https:\/\/secure.gravatar.com\/avatar\/736f9ff6dd176e443e4c9cf884b23352631c533b611f216dbc09fc84cda6e67c?s=96&d=mm&r=g","contentUrl":"https:\/\/secure.gravatar.com\/avatar\/736f9ff6dd176e443e4c9cf884b23352631c533b611f216dbc09fc84cda6e67c?s=96&d=mm&r=g","caption":"admin"},"url":"https:\/\/www.creaerte.com\/live\/author\/admin\/"}]}},"_links":{"self":[{"href":"https:\/\/www.creaerte.com\/live\/wp-json\/wp\/v2\/posts\/7791","targetHints":{"allow":["GET"]}}],"collection":[{"href":"https:\/\/www.creaerte.com\/live\/wp-json\/wp\/v2\/posts"}],"about":[{"href":"https:\/\/www.creaerte.com\/live\/wp-json\/wp\/v2\/types\/post"}],"author":[{"embeddable":true,"href":"https:\/\/www.creaerte.com\/live\/wp-json\/wp\/v2\/users\/1"}],"replies":[{"embeddable":true,"href":"https:\/\/www.creaerte.com\/live\/wp-json\/wp\/v2\/comments?post=7791"}],"version-history":[{"count":0,"href":"https:\/\/www.creaerte.com\/live\/wp-json\/wp\/v2\/posts\/7791\/revisions"}],"wp:attachment":[{"href":"https:\/\/www.creaerte.com\/live\/wp-json\/wp\/v2\/media?parent=7791"}],"wp:term":[{"taxonomy":"category","embeddable":true,"href":"https:\/\/www.creaerte.com\/live\/wp-json\/wp\/v2\/categories?post=7791"},{"taxonomy":"post_tag","embeddable":true,"href":"https:\/\/www.creaerte.com\/live\/wp-json\/wp\/v2\/tags?post=7791"}],"curies":[{"name":"wp","href":"https:\/\/api.w.org\/{rel}","templated":true}]}}