{"id":8593,"date":"2012-10-22T08:47:23","date_gmt":"2012-10-22T07:47:23","guid":{"rendered":"http:\/\/creaerte.com\/live\/?p=8593"},"modified":"2013-07-03T13:53:38","modified_gmt":"2013-07-03T12:53:38","slug":"arte-con-la-madera-de-jose-manuel-garcia-sanchez","status":"publish","type":"post","link":"https:\/\/www.creaerte.com\/live\/arte-con-la-madera-de-jose-manuel-garcia-sanchez\/","title":{"rendered":"Arte con la madera de Jos\u00e9 Manuel Garc\u00eda S\u00e1nchez"},"content":{"rendered":"<p>Hoy tenemos el placer de mostraros el trabajo en madera de un esculto y pintor extreme\u00f1o, concretamente de Trujillo. <a title=\"wen de Jos\u00e9 Manuel Garc\u00eda S\u00e1nchez\" href=\"http:\/\/hacerkarte.blogspot.com.es\" target=\"_blank\">Jos\u00e9 Manuel Garc\u00eda S\u00e1nchez<\/a>, alias <em>Jomi<\/em> es este artista y tiene muchas obras en distintas disciplinas y estilos. Encontramos desde esculturas, \u00f3leos u obras planas en madera como la que mostramos en esta entrada. Nos ha llamado la atenci\u00f3n el juego de l\u00edneas y tonos del propio material para crear estos mundos est\u00e1ticos.<\/p>\n<p>Os dejamos una muestra, pod\u00e9is encontrar mucho m\u00e1s en su <a title=\"Blog de Jos\u00e9 Manuel Garc\u00eda S\u00e1nchez\" href=\"http:\/\/hacerkarte.blogspot.com.es\" target=\"_blank\">blog<\/a>.<\/p>\n<p><img fetchpriority=\"high\" decoding=\"async\" class=\"aligncenter size-full wp-image-8591\" title=\"Libro_bajorrelieve_30_5_x_41_cm\" src=\"http:\/\/creaerte.com\/live\/wp-content\/uploads\/2012\/10\/Libro_bajorrelieve_30_5_x_41_cm.jpg\" alt=\"Libro_bajorrelieve_30_5_x_41_cm\" width=\"610\" height=\"438\" srcset=\"https:\/\/www.creaerte.com\/live\/wp-content\/uploads\/2012\/10\/Libro_bajorrelieve_30_5_x_41_cm.jpg 610w, https:\/\/www.creaerte.com\/live\/wp-content\/uploads\/2012\/10\/Libro_bajorrelieve_30_5_x_41_cm-384x276.jpg 384w, https:\/\/www.creaerte.com\/live\/wp-content\/uploads\/2012\/10\/Libro_bajorrelieve_30_5_x_41_cm-250x180.jpg 250w\" sizes=\"(max-width: 610px) 100vw, 610px\" \/><\/p>\n<p><img decoding=\"async\" class=\"aligncenter size-full wp-image-8590\" title=\"Huella-I-mixta-30-x-33-cm\" src=\"http:\/\/creaerte.com\/live\/wp-content\/uploads\/2012\/10\/Huella-I-mixta-30-x-33-cm.jpg\" alt=\"Huella-I-mixta-30-x-33-cm\" width=\"610\" height=\"514\" srcset=\"https:\/\/www.creaerte.com\/live\/wp-content\/uploads\/2012\/10\/Huella-I-mixta-30-x-33-cm.jpg 610w, https:\/\/www.creaerte.com\/live\/wp-content\/uploads\/2012\/10\/Huella-I-mixta-30-x-33-cm-384x324.jpg 384w\" sizes=\"(max-width: 610px) 100vw, 610px\" \/><\/p>\n<p><img decoding=\"async\" class=\"aligncenter size-full wp-image-8592\" title=\"Muro-mixta-83-x-61-cm\" src=\"http:\/\/creaerte.com\/live\/wp-content\/uploads\/2012\/10\/Muro-mixta-83-x-61-cm.jpg\" alt=\"Muro-mixta-83-x-61-cm\" \/><\/p>\n","protected":false},"excerpt":{"rendered":"<p>Hoy tenemos el placer de mostraros el trabajo en madera de un esculto y pintor extreme\u00f1o, concretamente de Trujillo. Jos\u00e9 Manuel Garc\u00eda S\u00e1nchez, alias Jomi es este artista y tiene muchas obras en distintas disciplinas y estilos. Encontramos desde esculturas, \u00f3leos u obras planas en madera como la que mostramos en esta entrada. Nos ha llamado la atenci\u00f3n el juego&#8230;<\/p>\n","protected":false},"author":1,"featured_media":0,"comment_status":"open","ping_status":"open","sticky":false,"template":"","format":"standard","meta":{"footnotes":""},"categories":[10],"tags":[33,75],"class_list":["post-8593","post","type-post","status-publish","format-standard","hentry","category-noticias","tag-arte","tag-escultura","has_thumb"],"yoast_head":"<!-- This site is optimized with the Yoast SEO plugin v26.9 - https:\/\/yoast.com\/product\/yoast-seo-wordpress\/ -->\n<title>Arte con la madera de Jos\u00e9 Manuel Garc\u00eda S\u00e1nchez - creaerte.com<\/title>\n<meta name=\"robots\" content=\"index, follow, max-snippet:-1, max-image-preview:large, max-video-preview:-1\" \/>\n<link rel=\"canonical\" href=\"https:\/\/www.creaerte.com\/live\/arte-con-la-madera-de-jose-manuel-garcia-sanchez\/\" \/>\n<meta property=\"og:locale\" content=\"es_ES\" \/>\n<meta property=\"og:type\" content=\"article\" \/>\n<meta property=\"og:title\" content=\"Arte con la madera de Jos\u00e9 Manuel Garc\u00eda S\u00e1nchez - creaerte.com\" \/>\n<meta property=\"og:description\" content=\"Hoy tenemos el placer de mostraros el trabajo en madera de un esculto y pintor extreme\u00f1o, concretamente de Trujillo. Jos\u00e9 Manuel Garc\u00eda S\u00e1nchez, alias Jomi es este artista y tiene muchas obras en distintas disciplinas y estilos. Encontramos desde esculturas, \u00f3leos u obras planas en madera como la que mostramos en esta entrada. Nos ha llamado la atenci\u00f3n el juego...\" \/>\n<meta property=\"og:url\" content=\"https:\/\/www.creaerte.com\/live\/arte-con-la-madera-de-jose-manuel-garcia-sanchez\/\" \/>\n<meta property=\"og:site_name\" content=\"creaerte.com\" \/>\n<meta property=\"article:publisher\" content=\"https:\/\/www.facebook.com\/creaerte\" \/>\n<meta property=\"article:published_time\" content=\"2012-10-22T07:47:23+00:00\" \/>\n<meta property=\"article:modified_time\" content=\"2013-07-03T12:53:38+00:00\" \/>\n<meta property=\"og:image\" content=\"http:\/\/creaerte.com\/live\/wp-content\/uploads\/2012\/10\/Libro_bajorrelieve_30_5_x_41_cm.jpg\" \/>\n<meta name=\"author\" content=\"admin\" \/>\n<meta name=\"twitter:card\" content=\"summary_large_image\" \/>\n<meta name=\"twitter:creator\" content=\"@Creaerte\" \/>\n<meta name=\"twitter:site\" content=\"@Creaerte\" \/>\n<meta name=\"twitter:label1\" content=\"Escrito por\" \/>\n\t<meta name=\"twitter:data1\" content=\"admin\" \/>\n<script type=\"application\/ld+json\" class=\"yoast-schema-graph\">{\"@context\":\"https:\/\/schema.org\",\"@graph\":[{\"@type\":\"Article\",\"@id\":\"https:\/\/www.creaerte.com\/live\/arte-con-la-madera-de-jose-manuel-garcia-sanchez\/#article\",\"isPartOf\":{\"@id\":\"https:\/\/www.creaerte.com\/live\/arte-con-la-madera-de-jose-manuel-garcia-sanchez\/\"},\"author\":{\"name\":\"admin\",\"@id\":\"https:\/\/www.creaerte.com\/live\/#\/schema\/person\/acc9e93c6216bce2d569b1f0a99607f6\"},\"headline\":\"Arte con la madera de Jos\u00e9 Manuel Garc\u00eda S\u00e1nchez\",\"datePublished\":\"2012-10-22T07:47:23+00:00\",\"dateModified\":\"2013-07-03T12:53:38+00:00\",\"mainEntityOfPage\":{\"@id\":\"https:\/\/www.creaerte.com\/live\/arte-con-la-madera-de-jose-manuel-garcia-sanchez\/\"},\"wordCount\":102,\"commentCount\":0,\"image\":{\"@id\":\"https:\/\/www.creaerte.com\/live\/arte-con-la-madera-de-jose-manuel-garcia-sanchez\/#primaryimage\"},\"thumbnailUrl\":\"http:\/\/creaerte.com\/live\/wp-content\/uploads\/2012\/10\/Libro_bajorrelieve_30_5_x_41_cm.jpg\",\"keywords\":[\"arte\",\"escultura\"],\"articleSection\":[\"Noticias\"],\"inLanguage\":\"es\",\"potentialAction\":[{\"@type\":\"CommentAction\",\"name\":\"Comment\",\"target\":[\"https:\/\/www.creaerte.com\/live\/arte-con-la-madera-de-jose-manuel-garcia-sanchez\/#respond\"]}]},{\"@type\":\"WebPage\",\"@id\":\"https:\/\/www.creaerte.com\/live\/arte-con-la-madera-de-jose-manuel-garcia-sanchez\/\",\"url\":\"https:\/\/www.creaerte.com\/live\/arte-con-la-madera-de-jose-manuel-garcia-sanchez\/\",\"name\":\"Arte con la madera de Jos\u00e9 Manuel Garc\u00eda S\u00e1nchez - creaerte.com\",\"isPartOf\":{\"@id\":\"https:\/\/www.creaerte.com\/live\/#website\"},\"primaryImageOfPage\":{\"@id\":\"https:\/\/www.creaerte.com\/live\/arte-con-la-madera-de-jose-manuel-garcia-sanchez\/#primaryimage\"},\"image\":{\"@id\":\"https:\/\/www.creaerte.com\/live\/arte-con-la-madera-de-jose-manuel-garcia-sanchez\/#primaryimage\"},\"thumbnailUrl\":\"http:\/\/creaerte.com\/live\/wp-content\/uploads\/2012\/10\/Libro_bajorrelieve_30_5_x_41_cm.jpg\",\"datePublished\":\"2012-10-22T07:47:23+00:00\",\"dateModified\":\"2013-07-03T12:53:38+00:00\",\"author\":{\"@id\":\"https:\/\/www.creaerte.com\/live\/#\/schema\/person\/acc9e93c6216bce2d569b1f0a99607f6\"},\"inLanguage\":\"es\",\"potentialAction\":[{\"@type\":\"ReadAction\",\"target\":[\"https:\/\/www.creaerte.com\/live\/arte-con-la-madera-de-jose-manuel-garcia-sanchez\/\"]}]},{\"@type\":\"ImageObject\",\"inLanguage\":\"es\",\"@id\":\"https:\/\/www.creaerte.com\/live\/arte-con-la-madera-de-jose-manuel-garcia-sanchez\/#primaryimage\",\"url\":\"http:\/\/creaerte.com\/live\/wp-content\/uploads\/2012\/10\/Libro_bajorrelieve_30_5_x_41_cm.jpg\",\"contentUrl\":\"http:\/\/creaerte.com\/live\/wp-content\/uploads\/2012\/10\/Libro_bajorrelieve_30_5_x_41_cm.jpg\"},{\"@type\":\"WebSite\",\"@id\":\"https:\/\/www.creaerte.com\/live\/#website\",\"url\":\"https:\/\/www.creaerte.com\/live\/\",\"name\":\"creaerte.com\",\"description\":\"Agencia de publicidad, comunicaci\u00f3n y marketing en C\u00e1ceres \u2022 Extremadura\",\"potentialAction\":[{\"@type\":\"SearchAction\",\"target\":{\"@type\":\"EntryPoint\",\"urlTemplate\":\"https:\/\/www.creaerte.com\/live\/?s={search_term_string}\"},\"query-input\":{\"@type\":\"PropertyValueSpecification\",\"valueRequired\":true,\"valueName\":\"search_term_string\"}}],\"inLanguage\":\"es\"},{\"@type\":\"Person\",\"@id\":\"https:\/\/www.creaerte.com\/live\/#\/schema\/person\/acc9e93c6216bce2d569b1f0a99607f6\",\"name\":\"admin\",\"image\":{\"@type\":\"ImageObject\",\"inLanguage\":\"es\",\"@id\":\"https:\/\/www.creaerte.com\/live\/#\/schema\/person\/image\/\",\"url\":\"https:\/\/secure.gravatar.com\/avatar\/736f9ff6dd176e443e4c9cf884b23352631c533b611f216dbc09fc84cda6e67c?s=96&d=mm&r=g\",\"contentUrl\":\"https:\/\/secure.gravatar.com\/avatar\/736f9ff6dd176e443e4c9cf884b23352631c533b611f216dbc09fc84cda6e67c?s=96&d=mm&r=g\",\"caption\":\"admin\"},\"url\":\"https:\/\/www.creaerte.com\/live\/author\/admin\/\"}]}<\/script>\n<!-- \/ Yoast SEO plugin. -->","yoast_head_json":{"title":"Arte con la madera de Jos\u00e9 Manuel Garc\u00eda S\u00e1nchez - creaerte.com","robots":{"index":"index","follow":"follow","max-snippet":"max-snippet:-1","max-image-preview":"max-image-preview:large","max-video-preview":"max-video-preview:-1"},"canonical":"https:\/\/www.creaerte.com\/live\/arte-con-la-madera-de-jose-manuel-garcia-sanchez\/","og_locale":"es_ES","og_type":"article","og_title":"Arte con la madera de Jos\u00e9 Manuel Garc\u00eda S\u00e1nchez - creaerte.com","og_description":"Hoy tenemos el placer de mostraros el trabajo en madera de un esculto y pintor extreme\u00f1o, concretamente de Trujillo. Jos\u00e9 Manuel Garc\u00eda S\u00e1nchez, alias Jomi es este artista y tiene muchas obras en distintas disciplinas y estilos. Encontramos desde esculturas, \u00f3leos u obras planas en madera como la que mostramos en esta entrada. Nos ha llamado la atenci\u00f3n el juego...","og_url":"https:\/\/www.creaerte.com\/live\/arte-con-la-madera-de-jose-manuel-garcia-sanchez\/","og_site_name":"creaerte.com","article_publisher":"https:\/\/www.facebook.com\/creaerte","article_published_time":"2012-10-22T07:47:23+00:00","article_modified_time":"2013-07-03T12:53:38+00:00","og_image":[{"url":"http:\/\/creaerte.com\/live\/wp-content\/uploads\/2012\/10\/Libro_bajorrelieve_30_5_x_41_cm.jpg","type":"","width":"","height":""}],"author":"admin","twitter_card":"summary_large_image","twitter_creator":"@Creaerte","twitter_site":"@Creaerte","twitter_misc":{"Escrito por":"admin"},"schema":{"@context":"https:\/\/schema.org","@graph":[{"@type":"Article","@id":"https:\/\/www.creaerte.com\/live\/arte-con-la-madera-de-jose-manuel-garcia-sanchez\/#article","isPartOf":{"@id":"https:\/\/www.creaerte.com\/live\/arte-con-la-madera-de-jose-manuel-garcia-sanchez\/"},"author":{"name":"admin","@id":"https:\/\/www.creaerte.com\/live\/#\/schema\/person\/acc9e93c6216bce2d569b1f0a99607f6"},"headline":"Arte con la madera de Jos\u00e9 Manuel Garc\u00eda S\u00e1nchez","datePublished":"2012-10-22T07:47:23+00:00","dateModified":"2013-07-03T12:53:38+00:00","mainEntityOfPage":{"@id":"https:\/\/www.creaerte.com\/live\/arte-con-la-madera-de-jose-manuel-garcia-sanchez\/"},"wordCount":102,"commentCount":0,"image":{"@id":"https:\/\/www.creaerte.com\/live\/arte-con-la-madera-de-jose-manuel-garcia-sanchez\/#primaryimage"},"thumbnailUrl":"http:\/\/creaerte.com\/live\/wp-content\/uploads\/2012\/10\/Libro_bajorrelieve_30_5_x_41_cm.jpg","keywords":["arte","escultura"],"articleSection":["Noticias"],"inLanguage":"es","potentialAction":[{"@type":"CommentAction","name":"Comment","target":["https:\/\/www.creaerte.com\/live\/arte-con-la-madera-de-jose-manuel-garcia-sanchez\/#respond"]}]},{"@type":"WebPage","@id":"https:\/\/www.creaerte.com\/live\/arte-con-la-madera-de-jose-manuel-garcia-sanchez\/","url":"https:\/\/www.creaerte.com\/live\/arte-con-la-madera-de-jose-manuel-garcia-sanchez\/","name":"Arte con la madera de Jos\u00e9 Manuel Garc\u00eda S\u00e1nchez - creaerte.com","isPartOf":{"@id":"https:\/\/www.creaerte.com\/live\/#website"},"primaryImageOfPage":{"@id":"https:\/\/www.creaerte.com\/live\/arte-con-la-madera-de-jose-manuel-garcia-sanchez\/#primaryimage"},"image":{"@id":"https:\/\/www.creaerte.com\/live\/arte-con-la-madera-de-jose-manuel-garcia-sanchez\/#primaryimage"},"thumbnailUrl":"http:\/\/creaerte.com\/live\/wp-content\/uploads\/2012\/10\/Libro_bajorrelieve_30_5_x_41_cm.jpg","datePublished":"2012-10-22T07:47:23+00:00","dateModified":"2013-07-03T12:53:38+00:00","author":{"@id":"https:\/\/www.creaerte.com\/live\/#\/schema\/person\/acc9e93c6216bce2d569b1f0a99607f6"},"inLanguage":"es","potentialAction":[{"@type":"ReadAction","target":["https:\/\/www.creaerte.com\/live\/arte-con-la-madera-de-jose-manuel-garcia-sanchez\/"]}]},{"@type":"ImageObject","inLanguage":"es","@id":"https:\/\/www.creaerte.com\/live\/arte-con-la-madera-de-jose-manuel-garcia-sanchez\/#primaryimage","url":"http:\/\/creaerte.com\/live\/wp-content\/uploads\/2012\/10\/Libro_bajorrelieve_30_5_x_41_cm.jpg","contentUrl":"http:\/\/creaerte.com\/live\/wp-content\/uploads\/2012\/10\/Libro_bajorrelieve_30_5_x_41_cm.jpg"},{"@type":"WebSite","@id":"https:\/\/www.creaerte.com\/live\/#website","url":"https:\/\/www.creaerte.com\/live\/","name":"creaerte.com","description":"Agencia de publicidad, comunicaci\u00f3n y marketing en C\u00e1ceres \u2022 Extremadura","potentialAction":[{"@type":"SearchAction","target":{"@type":"EntryPoint","urlTemplate":"https:\/\/www.creaerte.com\/live\/?s={search_term_string}"},"query-input":{"@type":"PropertyValueSpecification","valueRequired":true,"valueName":"search_term_string"}}],"inLanguage":"es"},{"@type":"Person","@id":"https:\/\/www.creaerte.com\/live\/#\/schema\/person\/acc9e93c6216bce2d569b1f0a99607f6","name":"admin","image":{"@type":"ImageObject","inLanguage":"es","@id":"https:\/\/www.creaerte.com\/live\/#\/schema\/person\/image\/","url":"https:\/\/secure.gravatar.com\/avatar\/736f9ff6dd176e443e4c9cf884b23352631c533b611f216dbc09fc84cda6e67c?s=96&d=mm&r=g","contentUrl":"https:\/\/secure.gravatar.com\/avatar\/736f9ff6dd176e443e4c9cf884b23352631c533b611f216dbc09fc84cda6e67c?s=96&d=mm&r=g","caption":"admin"},"url":"https:\/\/www.creaerte.com\/live\/author\/admin\/"}]}},"_links":{"self":[{"href":"https:\/\/www.creaerte.com\/live\/wp-json\/wp\/v2\/posts\/8593","targetHints":{"allow":["GET"]}}],"collection":[{"href":"https:\/\/www.creaerte.com\/live\/wp-json\/wp\/v2\/posts"}],"about":[{"href":"https:\/\/www.creaerte.com\/live\/wp-json\/wp\/v2\/types\/post"}],"author":[{"embeddable":true,"href":"https:\/\/www.creaerte.com\/live\/wp-json\/wp\/v2\/users\/1"}],"replies":[{"embeddable":true,"href":"https:\/\/www.creaerte.com\/live\/wp-json\/wp\/v2\/comments?post=8593"}],"version-history":[{"count":0,"href":"https:\/\/www.creaerte.com\/live\/wp-json\/wp\/v2\/posts\/8593\/revisions"}],"wp:attachment":[{"href":"https:\/\/www.creaerte.com\/live\/wp-json\/wp\/v2\/media?parent=8593"}],"wp:term":[{"taxonomy":"category","embeddable":true,"href":"https:\/\/www.creaerte.com\/live\/wp-json\/wp\/v2\/categories?post=8593"},{"taxonomy":"post_tag","embeddable":true,"href":"https:\/\/www.creaerte.com\/live\/wp-json\/wp\/v2\/tags?post=8593"}],"curies":[{"name":"wp","href":"https:\/\/api.w.org\/{rel}","templated":true}]}}