{"id":9546,"date":"2013-01-10T11:40:36","date_gmt":"2013-01-10T10:40:36","guid":{"rendered":"http:\/\/creaerte.com\/live\/?p=9546"},"modified":"2013-01-17T10:33:06","modified_gmt":"2013-01-17T09:33:06","slug":"publicidad-moda-2","status":"publish","type":"post","link":"https:\/\/www.creaerte.com\/live\/publicidad-moda-2\/","title":{"rendered":"Los a\u00f1os 80 de Jean Paul Gaultier"},"content":{"rendered":"<p>El trabajo del dise\u00f1ador m\u00e1s controvertido, <a href=\"http:\/\/www.jeanpaulgaultier.com\/brand\/fr\/ss13cw\/collection-printemps-ete-2013\" target=\"_blank\">Jean Paul Gaultier<\/a>,\u00a0propone a grandes de la m\u00fasica de los 80 como Madonna, Grace Jones, Boy George y  David Bowie en su nueva campa\u00f1a Primavera-Verano 2013, de la mano de  <a href=\"http:\/\/www.sebastiankim.com\/\" target=\"_blank\">Sebastian Kim<\/a>. Seg\u00fan el dise\u00f1ador franc\u00e9s, en el estilo ochentero se  mezclaba todo y el color aparec\u00eda sin miedo, creando estampados donde la  androginia y el sexo caracterizaban el momento. !lo mejor est\u00e1 por  llegar!.<\/p>\n<p><a href=\"http:\/\/creaerte.com\/live\/wp-content\/uploads\/2013\/01\/jean-paul-gaultier-verano-2013.jpg\"><img decoding=\"async\" class=\"aligncenter size-full wp-image-9547\" title=\"jean-paul-gaultier-verano-2013\" src=\"http:\/\/creaerte.com\/live\/wp-content\/uploads\/2013\/01\/jean-paul-gaultier-verano-2013.jpg\" alt=\"jean-paul-gaultier-verano-2013\" \/><\/a><\/p>\n","protected":false},"excerpt":{"rendered":"<p>El trabajo del dise\u00f1ador m\u00e1s controvertido, Jean Paul Gaultier,\u00a0propone a grandes de la m\u00fasica de los 80 como Madonna, Grace Jones, Boy George y David Bowie en su nueva campa\u00f1a Primavera-Verano 2013, de la mano de Sebastian Kim. Seg\u00fan el dise\u00f1ador franc\u00e9s, en el estilo ochentero se mezclaba todo y el color aparec\u00eda sin miedo, creando estampados donde la androginia&#8230;<\/p>\n","protected":false},"author":1,"featured_media":0,"comment_status":"open","ping_status":"open","sticky":false,"template":"","format":"standard","meta":{"footnotes":""},"categories":[10],"tags":[19,127,1187,6,1188],"class_list":["post-9546","post","type-post","status-publish","format-standard","hentry","category-noticias","tag-fotografia","tag-marca","tag-marketing","tag-publicidad","tag-publicidad-y-moda","has_thumb"],"yoast_head":"<!-- This site is optimized with the Yoast SEO plugin v26.9 - https:\/\/yoast.com\/product\/yoast-seo-wordpress\/ -->\n<title>Los a\u00f1os 80 de Jean Paul Gaultier - creaerte.com<\/title>\n<meta name=\"robots\" content=\"index, follow, max-snippet:-1, max-image-preview:large, max-video-preview:-1\" \/>\n<link rel=\"canonical\" href=\"https:\/\/www.creaerte.com\/live\/publicidad-moda-2\/\" \/>\n<meta property=\"og:locale\" content=\"es_ES\" \/>\n<meta property=\"og:type\" content=\"article\" \/>\n<meta property=\"og:title\" content=\"Los a\u00f1os 80 de Jean Paul Gaultier - creaerte.com\" \/>\n<meta property=\"og:description\" content=\"El trabajo del dise\u00f1ador m\u00e1s controvertido, Jean Paul Gaultier,\u00a0propone a grandes de la m\u00fasica de los 80 como Madonna, Grace Jones, Boy George y David Bowie en su nueva campa\u00f1a Primavera-Verano 2013, de la mano de Sebastian Kim. Seg\u00fan el dise\u00f1ador franc\u00e9s, en el estilo ochentero se mezclaba todo y el color aparec\u00eda sin miedo, creando estampados donde la androginia...\" \/>\n<meta property=\"og:url\" content=\"https:\/\/www.creaerte.com\/live\/publicidad-moda-2\/\" \/>\n<meta property=\"og:site_name\" content=\"creaerte.com\" \/>\n<meta property=\"article:publisher\" content=\"https:\/\/www.facebook.com\/creaerte\" \/>\n<meta property=\"article:published_time\" content=\"2013-01-10T10:40:36+00:00\" \/>\n<meta property=\"article:modified_time\" content=\"2013-01-17T09:33:06+00:00\" \/>\n<meta property=\"og:image\" content=\"http:\/\/creaerte.com\/live\/wp-content\/uploads\/2013\/01\/jean-paul-gaultier-verano-2013.jpg\" \/>\n<meta name=\"author\" content=\"admin\" \/>\n<meta name=\"twitter:card\" content=\"summary_large_image\" \/>\n<meta name=\"twitter:creator\" content=\"@Creaerte\" \/>\n<meta name=\"twitter:site\" content=\"@Creaerte\" \/>\n<meta name=\"twitter:label1\" content=\"Escrito por\" \/>\n\t<meta name=\"twitter:data1\" content=\"admin\" \/>\n<script type=\"application\/ld+json\" class=\"yoast-schema-graph\">{\"@context\":\"https:\/\/schema.org\",\"@graph\":[{\"@type\":\"Article\",\"@id\":\"https:\/\/www.creaerte.com\/live\/publicidad-moda-2\/#article\",\"isPartOf\":{\"@id\":\"https:\/\/www.creaerte.com\/live\/publicidad-moda-2\/\"},\"author\":{\"name\":\"admin\",\"@id\":\"https:\/\/www.creaerte.com\/live\/#\/schema\/person\/acc9e93c6216bce2d569b1f0a99607f6\"},\"headline\":\"Los a\u00f1os 80 de Jean Paul Gaultier\",\"datePublished\":\"2013-01-10T10:40:36+00:00\",\"dateModified\":\"2013-01-17T09:33:06+00:00\",\"mainEntityOfPage\":{\"@id\":\"https:\/\/www.creaerte.com\/live\/publicidad-moda-2\/\"},\"wordCount\":85,\"commentCount\":0,\"image\":{\"@id\":\"https:\/\/www.creaerte.com\/live\/publicidad-moda-2\/#primaryimage\"},\"thumbnailUrl\":\"http:\/\/creaerte.com\/live\/wp-content\/uploads\/2013\/01\/jean-paul-gaultier-verano-2013.jpg\",\"keywords\":[\"fotograf\u00eda\",\"marca\",\"marketing\",\"publicidad\",\"Publicidad y moda\"],\"articleSection\":[\"Noticias\"],\"inLanguage\":\"es\",\"potentialAction\":[{\"@type\":\"CommentAction\",\"name\":\"Comment\",\"target\":[\"https:\/\/www.creaerte.com\/live\/publicidad-moda-2\/#respond\"]}]},{\"@type\":\"WebPage\",\"@id\":\"https:\/\/www.creaerte.com\/live\/publicidad-moda-2\/\",\"url\":\"https:\/\/www.creaerte.com\/live\/publicidad-moda-2\/\",\"name\":\"Los a\u00f1os 80 de Jean Paul Gaultier - creaerte.com\",\"isPartOf\":{\"@id\":\"https:\/\/www.creaerte.com\/live\/#website\"},\"primaryImageOfPage\":{\"@id\":\"https:\/\/www.creaerte.com\/live\/publicidad-moda-2\/#primaryimage\"},\"image\":{\"@id\":\"https:\/\/www.creaerte.com\/live\/publicidad-moda-2\/#primaryimage\"},\"thumbnailUrl\":\"http:\/\/creaerte.com\/live\/wp-content\/uploads\/2013\/01\/jean-paul-gaultier-verano-2013.jpg\",\"datePublished\":\"2013-01-10T10:40:36+00:00\",\"dateModified\":\"2013-01-17T09:33:06+00:00\",\"author\":{\"@id\":\"https:\/\/www.creaerte.com\/live\/#\/schema\/person\/acc9e93c6216bce2d569b1f0a99607f6\"},\"inLanguage\":\"es\",\"potentialAction\":[{\"@type\":\"ReadAction\",\"target\":[\"https:\/\/www.creaerte.com\/live\/publicidad-moda-2\/\"]}]},{\"@type\":\"ImageObject\",\"inLanguage\":\"es\",\"@id\":\"https:\/\/www.creaerte.com\/live\/publicidad-moda-2\/#primaryimage\",\"url\":\"http:\/\/creaerte.com\/live\/wp-content\/uploads\/2013\/01\/jean-paul-gaultier-verano-2013.jpg\",\"contentUrl\":\"http:\/\/creaerte.com\/live\/wp-content\/uploads\/2013\/01\/jean-paul-gaultier-verano-2013.jpg\"},{\"@type\":\"WebSite\",\"@id\":\"https:\/\/www.creaerte.com\/live\/#website\",\"url\":\"https:\/\/www.creaerte.com\/live\/\",\"name\":\"creaerte.com\",\"description\":\"Agencia de publicidad, comunicaci\u00f3n y marketing en C\u00e1ceres \u2022 Extremadura\",\"potentialAction\":[{\"@type\":\"SearchAction\",\"target\":{\"@type\":\"EntryPoint\",\"urlTemplate\":\"https:\/\/www.creaerte.com\/live\/?s={search_term_string}\"},\"query-input\":{\"@type\":\"PropertyValueSpecification\",\"valueRequired\":true,\"valueName\":\"search_term_string\"}}],\"inLanguage\":\"es\"},{\"@type\":\"Person\",\"@id\":\"https:\/\/www.creaerte.com\/live\/#\/schema\/person\/acc9e93c6216bce2d569b1f0a99607f6\",\"name\":\"admin\",\"image\":{\"@type\":\"ImageObject\",\"inLanguage\":\"es\",\"@id\":\"https:\/\/www.creaerte.com\/live\/#\/schema\/person\/image\/\",\"url\":\"https:\/\/secure.gravatar.com\/avatar\/736f9ff6dd176e443e4c9cf884b23352631c533b611f216dbc09fc84cda6e67c?s=96&d=mm&r=g\",\"contentUrl\":\"https:\/\/secure.gravatar.com\/avatar\/736f9ff6dd176e443e4c9cf884b23352631c533b611f216dbc09fc84cda6e67c?s=96&d=mm&r=g\",\"caption\":\"admin\"},\"url\":\"https:\/\/www.creaerte.com\/live\/author\/admin\/\"}]}<\/script>\n<!-- \/ Yoast SEO plugin. -->","yoast_head_json":{"title":"Los a\u00f1os 80 de Jean Paul Gaultier - creaerte.com","robots":{"index":"index","follow":"follow","max-snippet":"max-snippet:-1","max-image-preview":"max-image-preview:large","max-video-preview":"max-video-preview:-1"},"canonical":"https:\/\/www.creaerte.com\/live\/publicidad-moda-2\/","og_locale":"es_ES","og_type":"article","og_title":"Los a\u00f1os 80 de Jean Paul Gaultier - creaerte.com","og_description":"El trabajo del dise\u00f1ador m\u00e1s controvertido, Jean Paul Gaultier,\u00a0propone a grandes de la m\u00fasica de los 80 como Madonna, Grace Jones, Boy George y David Bowie en su nueva campa\u00f1a Primavera-Verano 2013, de la mano de Sebastian Kim. Seg\u00fan el dise\u00f1ador franc\u00e9s, en el estilo ochentero se mezclaba todo y el color aparec\u00eda sin miedo, creando estampados donde la androginia...","og_url":"https:\/\/www.creaerte.com\/live\/publicidad-moda-2\/","og_site_name":"creaerte.com","article_publisher":"https:\/\/www.facebook.com\/creaerte","article_published_time":"2013-01-10T10:40:36+00:00","article_modified_time":"2013-01-17T09:33:06+00:00","og_image":[{"url":"http:\/\/creaerte.com\/live\/wp-content\/uploads\/2013\/01\/jean-paul-gaultier-verano-2013.jpg","type":"","width":"","height":""}],"author":"admin","twitter_card":"summary_large_image","twitter_creator":"@Creaerte","twitter_site":"@Creaerte","twitter_misc":{"Escrito por":"admin"},"schema":{"@context":"https:\/\/schema.org","@graph":[{"@type":"Article","@id":"https:\/\/www.creaerte.com\/live\/publicidad-moda-2\/#article","isPartOf":{"@id":"https:\/\/www.creaerte.com\/live\/publicidad-moda-2\/"},"author":{"name":"admin","@id":"https:\/\/www.creaerte.com\/live\/#\/schema\/person\/acc9e93c6216bce2d569b1f0a99607f6"},"headline":"Los a\u00f1os 80 de Jean Paul Gaultier","datePublished":"2013-01-10T10:40:36+00:00","dateModified":"2013-01-17T09:33:06+00:00","mainEntityOfPage":{"@id":"https:\/\/www.creaerte.com\/live\/publicidad-moda-2\/"},"wordCount":85,"commentCount":0,"image":{"@id":"https:\/\/www.creaerte.com\/live\/publicidad-moda-2\/#primaryimage"},"thumbnailUrl":"http:\/\/creaerte.com\/live\/wp-content\/uploads\/2013\/01\/jean-paul-gaultier-verano-2013.jpg","keywords":["fotograf\u00eda","marca","marketing","publicidad","Publicidad y moda"],"articleSection":["Noticias"],"inLanguage":"es","potentialAction":[{"@type":"CommentAction","name":"Comment","target":["https:\/\/www.creaerte.com\/live\/publicidad-moda-2\/#respond"]}]},{"@type":"WebPage","@id":"https:\/\/www.creaerte.com\/live\/publicidad-moda-2\/","url":"https:\/\/www.creaerte.com\/live\/publicidad-moda-2\/","name":"Los a\u00f1os 80 de Jean Paul Gaultier - creaerte.com","isPartOf":{"@id":"https:\/\/www.creaerte.com\/live\/#website"},"primaryImageOfPage":{"@id":"https:\/\/www.creaerte.com\/live\/publicidad-moda-2\/#primaryimage"},"image":{"@id":"https:\/\/www.creaerte.com\/live\/publicidad-moda-2\/#primaryimage"},"thumbnailUrl":"http:\/\/creaerte.com\/live\/wp-content\/uploads\/2013\/01\/jean-paul-gaultier-verano-2013.jpg","datePublished":"2013-01-10T10:40:36+00:00","dateModified":"2013-01-17T09:33:06+00:00","author":{"@id":"https:\/\/www.creaerte.com\/live\/#\/schema\/person\/acc9e93c6216bce2d569b1f0a99607f6"},"inLanguage":"es","potentialAction":[{"@type":"ReadAction","target":["https:\/\/www.creaerte.com\/live\/publicidad-moda-2\/"]}]},{"@type":"ImageObject","inLanguage":"es","@id":"https:\/\/www.creaerte.com\/live\/publicidad-moda-2\/#primaryimage","url":"http:\/\/creaerte.com\/live\/wp-content\/uploads\/2013\/01\/jean-paul-gaultier-verano-2013.jpg","contentUrl":"http:\/\/creaerte.com\/live\/wp-content\/uploads\/2013\/01\/jean-paul-gaultier-verano-2013.jpg"},{"@type":"WebSite","@id":"https:\/\/www.creaerte.com\/live\/#website","url":"https:\/\/www.creaerte.com\/live\/","name":"creaerte.com","description":"Agencia de publicidad, comunicaci\u00f3n y marketing en C\u00e1ceres \u2022 Extremadura","potentialAction":[{"@type":"SearchAction","target":{"@type":"EntryPoint","urlTemplate":"https:\/\/www.creaerte.com\/live\/?s={search_term_string}"},"query-input":{"@type":"PropertyValueSpecification","valueRequired":true,"valueName":"search_term_string"}}],"inLanguage":"es"},{"@type":"Person","@id":"https:\/\/www.creaerte.com\/live\/#\/schema\/person\/acc9e93c6216bce2d569b1f0a99607f6","name":"admin","image":{"@type":"ImageObject","inLanguage":"es","@id":"https:\/\/www.creaerte.com\/live\/#\/schema\/person\/image\/","url":"https:\/\/secure.gravatar.com\/avatar\/736f9ff6dd176e443e4c9cf884b23352631c533b611f216dbc09fc84cda6e67c?s=96&d=mm&r=g","contentUrl":"https:\/\/secure.gravatar.com\/avatar\/736f9ff6dd176e443e4c9cf884b23352631c533b611f216dbc09fc84cda6e67c?s=96&d=mm&r=g","caption":"admin"},"url":"https:\/\/www.creaerte.com\/live\/author\/admin\/"}]}},"_links":{"self":[{"href":"https:\/\/www.creaerte.com\/live\/wp-json\/wp\/v2\/posts\/9546","targetHints":{"allow":["GET"]}}],"collection":[{"href":"https:\/\/www.creaerte.com\/live\/wp-json\/wp\/v2\/posts"}],"about":[{"href":"https:\/\/www.creaerte.com\/live\/wp-json\/wp\/v2\/types\/post"}],"author":[{"embeddable":true,"href":"https:\/\/www.creaerte.com\/live\/wp-json\/wp\/v2\/users\/1"}],"replies":[{"embeddable":true,"href":"https:\/\/www.creaerte.com\/live\/wp-json\/wp\/v2\/comments?post=9546"}],"version-history":[{"count":0,"href":"https:\/\/www.creaerte.com\/live\/wp-json\/wp\/v2\/posts\/9546\/revisions"}],"wp:attachment":[{"href":"https:\/\/www.creaerte.com\/live\/wp-json\/wp\/v2\/media?parent=9546"}],"wp:term":[{"taxonomy":"category","embeddable":true,"href":"https:\/\/www.creaerte.com\/live\/wp-json\/wp\/v2\/categories?post=9546"},{"taxonomy":"post_tag","embeddable":true,"href":"https:\/\/www.creaerte.com\/live\/wp-json\/wp\/v2\/tags?post=9546"}],"curies":[{"name":"wp","href":"https:\/\/api.w.org\/{rel}","templated":true}]}}