{"id":970,"date":"2010-08-10T11:39:08","date_gmt":"2010-08-10T10:39:08","guid":{"rendered":"http:\/\/creaerte.com\/live\/?p=970"},"modified":"2010-08-12T08:16:28","modified_gmt":"2010-08-12T07:16:28","slug":"in-fraganti-con-david-sanchez","status":"publish","type":"post","link":"https:\/\/www.creaerte.com\/live\/in-fraganti-con-david-sanchez\/","title":{"rendered":"IN FRAGANTI con David S\u00e1nchez, responsable de comunicaci\u00f3n de CENATIC"},"content":{"rendered":"<p><img fetchpriority=\"high\" decoding=\"async\" class=\"alignnone\" src=\"\/live\/wp-content\/uploads\/2010\/08\/plantilla-infraganti.jpg\" alt=\"\" width=\"609\" height=\"235\" \/><\/p>\n<p>Como es agosto, hace calor y necesitamos algo\u00a0 fresquito en nuestras vidas, \u00a1inauguramos nueva secci\u00f3n!: <strong>\u00abIN FRAGANTI ! &#8211; 25 preguntas de<em> pall\u00ed <\/em>a gente de <em>paqu\u00ed<\/em><\/strong>\u00bb tratar\u00e1 de pillar a algunos ilustres de la regi\u00f3n (y allende) para someterlos a este cuestionario pu\u00f1etero y fresco, muy fresco.<\/p>\n<p>David es Director de Comunicaci\u00f3n de Cenatic. En el titular he puesto \u00abresponsable\u00bb en lugar de \u00abdirector\u00bb. Ha sido aposta, y ha sido porque m\u00e1s que dirigir, se ha responsabilizado de un \u00e1rea que le va como anillo al dedo. El tipo vive su curro y eso s\u00f3lo puede ser bueno. La Fundaci\u00f3n CENATIC, instalada en un tope moderno edificio en Almendralejo,\u00a0 tiene como misi\u00f3n el fomento y la difusi\u00f3n de las  tecnolog\u00edas de la informaci\u00f3n y la comunicaci\u00f3n de fuentes abiertas en  todos los \u00e1mbitos de la sociedad: lideran proyectos, asesoran, forman, capacitan, certifican y en definitva, promocionan el uso de <em>open software<\/em> en empresas e instituciones. Para todo lo dem\u00e1s, <a href=\"http:\/\/www.cenatic.es\/\">pasen y vean<\/a>.<\/p>\n<p>David S\u00e1nchez, var\u00f3n, casado, ex-bater\u00eda de rock, director de difusi\u00f3n y comunicaci\u00f3n de CENATIC y amiguete, se pone al aparato:<\/p>\n<p><span><strong>\u2022 Contesta a esta entrevista sin tapujos. Por cierto, \u00bfsabes lo       que es un tapujo?<\/strong><br \/>\nPor supuesto<\/span><\/p>\n<p><span><strong>\u2022 Sin mirar, \u00bfqu\u00e9       hora es?<\/strong><br \/>\n\u00bflas once?<\/span><\/p>\n<p><strong> \u2022 Ahora mira, \u00bfqu\u00e9 hora es?<\/strong><br \/>\njo, las 10:38, no iba mal encaminado<br \/>\n<span><br \/>\n<strong> \u2022 De no haber nacido en esta \u00e9poca, \u00bfen qu\u00e9 otra te hubiera       gustado nacer?<\/strong><br \/>\nSiendo de M\u00e9rida, l\u00f3gico que me hubiera gustado nacer en Roma, pero como m\u00ednimo liberto&#8230; la esclavitud no es para m\u00ed.<\/span><\/p>\n<p><strong> \u2022 De peque\u00f1o, tendr\u00edas un apodo&#8230;<\/strong><br \/>\nS\u00ed, pilingui&#8230;\u00a0 es un poco  raro para un chico, pero mira&#8230; di\u00f3 nombre a una de las comparsas de  carnaval m\u00e1s conocidas de mi pueblo.<\/p>\n<p><strong> \u2022 \u00bfAlguna vez se te ha aparecido la virgen?<\/strong><br \/>\nups&#8230; ahhh&#8230; te  refieres a una situaci\u00f3n en que algo me ha salvado de algo malvado o  perverso?, jejejeje&#8230; supongo que s\u00ed, pero el cerebro es muy listo y  acaba record\u00e1ndolo siempre como que fue fruto del esfuerzo, de saber  estar en el sitio adecuado, y cosas as\u00ed&#8230;<\/p>\n<p><strong> \u2022 \u00bf\u00daltima pel\u00edcula pirata que has visto?<\/strong><br \/>\nLa verdad es que no  tengo internet en casa, as\u00ed que no me bajo pelis.\u00a0 Prefiero alquilarlas,  y as\u00ed al menos salgo de casa al videoclub&#8230;<\/p>\n<p><strong> \u2022 \u00bfCu\u00e1nto tiempo aguantas corriendo?<\/strong><br \/>\njejeje.., depende de lo fiero que  sea el perro.\u00a0 No suelo correr, tengo algo de sobrepeso y prefiero largas  caminatas por las Hurdes.\u00a0 Mejor el trekking que el footing, ejjeje&#8230;<\/p>\n<p><strong> \u2022 Recomi\u00e9ndanos un libro para quedarte dormido.<\/strong><br \/>\n\u00abLa insoportable levedad del ser\u00bb, una novela filos\u00f3fica de Milan  Kundera, un escritor checo que vendi\u00f3 mucho en el C\u00edrculo de Lectores,  pero de cuyo libro no llegue a pasar nunca del t\u00edtulo.<\/p>\n<p><strong> Hablemos de publicidad: <\/strong><br \/>\n<strong> \u2022 \u00bfEres de los que se sube el folleto del hipermercado a casa?<\/strong><br \/>\nS\u00ed,  pero prefiero pillarlo en el camino que va del buz\u00f3n al coche.\u00a0 Lo  empiezo por detr\u00e1s, arranco las hojas que me interesan para revisarlo  con m\u00e1s tiempo y luego nunca lo hago.\u00a0 Prefiero comprar en internet; soy  un forofo de los productos de segunda mano.<\/p>\n<p><strong> \u2022 Tu eslogan publicitario favorito es&#8230;<\/strong><br \/>\n\u00abLa potencia sin control no sirve de nada\u00bb, creo que era de Pirelli.<\/p>\n<p><strong> \u2022 Tu anuncio de TV m\u00e1s odiado es&#8230;<\/strong><br \/>\nAhora mismo no recuerdo ninguno&#8230; ser\u00e1 que no he llegado al punto de odiar ninguno?<\/p>\n<p><strong><span>\u2022 Imagina que ganas       un mill\u00f3n de euros. \u00bfEn qu\u00e9 tienda de esta ciudad te los       gastar\u00edas?<\/span><\/strong><br \/>\n<span>Sirve Atrio como tienda?, jejejeje&#8230;<\/span><\/p>\n<p><strong> \u2022 \u00bfSabes lo que es un microsite?<\/strong><br \/>\nS\u00ed, me toca levantar muchos.\u00a0 Uno por proyecto en CENATIC.<br \/>\n<span><br \/>\n<strong> Cambiemos de tema&#8230;<\/strong><br \/>\n<strong>\u2022 \u00bfQu\u00e9 es lo m\u00e1s extra\u00f1o que has visto nunca?<\/strong><br \/>\nMe sorprende la  naturalidad con que vemos cosas extra\u00f1as, y las asumimos como normales.\u00a0  Esta es una reflexi\u00f3n profunda y seria.\u00a0 Estamos perdiendo la capacidad  de sorpresa, y la verdad es que lo lamento mucho; la echo de menos&#8230;<\/span><\/p>\n<p><span><strong>\u2022 \u00bfCuanto tiempo       tardas en arreglarte para salir?<\/strong><br \/>\n<\/span><span>10 minutos.\u00a0 Si voy con mi mujer a alg\u00fan sitio suelo tardar m\u00e1s&#8230; incluso m\u00e1s que ella.<\/span><\/p>\n<p><strong> \u2022 \u00bfCuando compraste el piso, te dieron la canica esa que se le cae       a todo el mundo a las dos de la ma\u00f1ana?<\/strong><br \/>\nEn mi casa no. Tardaron  como 3 a\u00f1os en comprarle la canica al ni\u00f1o, y luego se convirti\u00f3 en  percusionista de flamenco.\u00a0 Lo soport\u00e9 serenamente porque a mis vecinos  les pas\u00f3 algo parecido conmigo cuando era m\u00e1s joven.<\/p>\n<p><strong> \u2022 \u00bfCu\u00e1l es el momento m\u00e1s fastidioso del d\u00eda?<\/strong><br \/>\nPara mi la ducha;  no por alergia al agua, sino por ser el momento en que ya no hay vuelta  atr\u00e1s.\u00a0 Volver a la cama en ese momento implicar\u00eda demasiados  inconvenientes.<\/p>\n<p><strong> \u2022 Cuando hablas por el m\u00f3vil, \u00bfte levantas y te pones a andar en       c\u00edrculos?<\/strong><br \/>\nS\u00ed, parece que me conoces bien.\u00a0 Ando en c\u00edrculos, hago  equilibrios sobre una pierna, me rasco la cabeza&#8230; y todo este  repertorio acompa\u00f1a a las llamadas de tel\u00e9fono entre las 8 y las 20  horas, casi de manera ininterrumpida.<\/p>\n<p><strong>\u2022 Para pasear por C\u00e1novas, \u00bfpor qu\u00e9 lado, el del Coliseum, el       otro, o por el centro?<\/strong><br \/>\nPor donde me pille, pero si hay casetas con libros, siempre llego tarde.<\/p>\n<p><strong> \u2022 Escribe lo que te sugiera esta palabra: fantasma<\/strong><br \/>\nPersona que dice m\u00e1s de lo que hace, y hace menos de lo que podr\u00edamos considerar m\u00ednimo.<\/p>\n<p><strong> \u2022 \u00bfPor qu\u00e9 vas a la nevera cada cuarto de hora si siempre hay lo       mismo?<\/strong><br \/>\nPara refrescarme un poco.<\/p>\n<p><strong> \u2022 \u00bfCu\u00e1l de tus amigos vive m\u00e1s lejos?<\/strong><br \/>\njejeje&#8230; el que vive en mi barrio.\u00a0 Pensaba que al mudarse nos  ver\u00edamos m\u00e1s, pero la lejan\u00eda no es cuesti\u00f3n de kil\u00f3metros.<\/p>\n<p><strong>\u2022 \u00bfD\u00f3nde te ves dentro de diez a\u00f1os? <\/strong><br \/>\nUfff&#8230; no lo s\u00e9, pero seguramente seguir\u00e9 en Extremadura.\u00a0 Tengo  un cierto compromiso con mi regi\u00f3n que vivo como una oportunidad.<\/p>\n<p><strong> \u2022\u00a0 Si no fueras lo que eres, \u00bfqu\u00e9 otra cosa querr\u00edas ser?<\/strong><br \/>\nSiempre me quedar\u00e1 la duda de qu\u00e9 habr\u00eda pasado con mi grupo de  m\u00fasica Vanagloria, si no lo hubiera dejado.\u00a0 Me hubiera encantado  jubilarme en un escenario, y no me refiero al backstage bussines.<\/p>\n","protected":false},"excerpt":{"rendered":"<p>Como es agosto, hace calor y necesitamos algo\u00a0 fresquito en nuestras vidas, \u00a1inauguramos nueva secci\u00f3n!: \u00abIN FRAGANTI ! &#8211; 25 preguntas de pall\u00ed a gente de paqu\u00ed\u00bb tratar\u00e1 de pillar a algunos ilustres de la regi\u00f3n (y allende) para someterlos a este cuestionario pu\u00f1etero y fresco, muy fresco. David es Director de Comunicaci\u00f3n de Cenatic. En el titular he puesto&#8230;<\/p>\n","protected":false},"author":1,"featured_media":0,"comment_status":"open","ping_status":"open","sticky":false,"template":"","format":"standard","meta":{"footnotes":""},"categories":[21,10],"tags":[],"class_list":["post-970","post","type-post","status-publish","format-standard","hentry","category-in-fraganti","category-noticias","has_thumb"],"yoast_head":"<!-- This site is optimized with the Yoast SEO plugin v26.9 - https:\/\/yoast.com\/product\/yoast-seo-wordpress\/ -->\n<title>IN FRAGANTI con David S\u00e1nchez, responsable de comunicaci\u00f3n de CENATIC - creaerte.com<\/title>\n<meta name=\"robots\" content=\"index, follow, max-snippet:-1, max-image-preview:large, max-video-preview:-1\" \/>\n<link rel=\"canonical\" href=\"https:\/\/www.creaerte.com\/live\/in-fraganti-con-david-sanchez\/\" \/>\n<meta property=\"og:locale\" content=\"es_ES\" \/>\n<meta property=\"og:type\" content=\"article\" \/>\n<meta property=\"og:title\" content=\"IN FRAGANTI con David S\u00e1nchez, responsable de comunicaci\u00f3n de CENATIC - creaerte.com\" \/>\n<meta property=\"og:description\" content=\"Como es agosto, hace calor y necesitamos algo\u00a0 fresquito en nuestras vidas, \u00a1inauguramos nueva secci\u00f3n!: \u00abIN FRAGANTI ! &#8211; 25 preguntas de pall\u00ed a gente de paqu\u00ed\u00bb tratar\u00e1 de pillar a algunos ilustres de la regi\u00f3n (y allende) para someterlos a este cuestionario pu\u00f1etero y fresco, muy fresco. David es Director de Comunicaci\u00f3n de Cenatic. En el titular he puesto...\" \/>\n<meta property=\"og:url\" content=\"https:\/\/www.creaerte.com\/live\/in-fraganti-con-david-sanchez\/\" \/>\n<meta property=\"og:site_name\" content=\"creaerte.com\" \/>\n<meta property=\"article:publisher\" content=\"https:\/\/www.facebook.com\/creaerte\" \/>\n<meta property=\"article:published_time\" content=\"2010-08-10T10:39:08+00:00\" \/>\n<meta property=\"article:modified_time\" content=\"2010-08-12T07:16:28+00:00\" \/>\n<meta name=\"author\" content=\"admin\" \/>\n<meta name=\"twitter:card\" content=\"summary_large_image\" \/>\n<meta name=\"twitter:creator\" content=\"@Creaerte\" \/>\n<meta name=\"twitter:site\" content=\"@Creaerte\" \/>\n<meta name=\"twitter:label1\" content=\"Escrito por\" \/>\n\t<meta name=\"twitter:data1\" content=\"admin\" \/>\n\t<meta name=\"twitter:label2\" content=\"Tiempo de lectura\" \/>\n\t<meta name=\"twitter:data2\" content=\"5 minutos\" \/>\n<script type=\"application\/ld+json\" class=\"yoast-schema-graph\">{\"@context\":\"https:\/\/schema.org\",\"@graph\":[{\"@type\":\"Article\",\"@id\":\"https:\/\/www.creaerte.com\/live\/in-fraganti-con-david-sanchez\/#article\",\"isPartOf\":{\"@id\":\"https:\/\/www.creaerte.com\/live\/in-fraganti-con-david-sanchez\/\"},\"author\":{\"name\":\"admin\",\"@id\":\"https:\/\/www.creaerte.com\/live\/#\/schema\/person\/acc9e93c6216bce2d569b1f0a99607f6\"},\"headline\":\"IN FRAGANTI con David S\u00e1nchez, responsable de comunicaci\u00f3n de CENATIC\",\"datePublished\":\"2010-08-10T10:39:08+00:00\",\"dateModified\":\"2010-08-12T07:16:28+00:00\",\"mainEntityOfPage\":{\"@id\":\"https:\/\/www.creaerte.com\/live\/in-fraganti-con-david-sanchez\/\"},\"wordCount\":1066,\"commentCount\":4,\"articleSection\":[\"IN FRAGANTI\",\"Noticias\"],\"inLanguage\":\"es\",\"potentialAction\":[{\"@type\":\"CommentAction\",\"name\":\"Comment\",\"target\":[\"https:\/\/www.creaerte.com\/live\/in-fraganti-con-david-sanchez\/#respond\"]}]},{\"@type\":\"WebPage\",\"@id\":\"https:\/\/www.creaerte.com\/live\/in-fraganti-con-david-sanchez\/\",\"url\":\"https:\/\/www.creaerte.com\/live\/in-fraganti-con-david-sanchez\/\",\"name\":\"IN FRAGANTI con David S\u00e1nchez, responsable de comunicaci\u00f3n de CENATIC - creaerte.com\",\"isPartOf\":{\"@id\":\"https:\/\/www.creaerte.com\/live\/#website\"},\"datePublished\":\"2010-08-10T10:39:08+00:00\",\"dateModified\":\"2010-08-12T07:16:28+00:00\",\"author\":{\"@id\":\"https:\/\/www.creaerte.com\/live\/#\/schema\/person\/acc9e93c6216bce2d569b1f0a99607f6\"},\"inLanguage\":\"es\",\"potentialAction\":[{\"@type\":\"ReadAction\",\"target\":[\"https:\/\/www.creaerte.com\/live\/in-fraganti-con-david-sanchez\/\"]}]},{\"@type\":\"WebSite\",\"@id\":\"https:\/\/www.creaerte.com\/live\/#website\",\"url\":\"https:\/\/www.creaerte.com\/live\/\",\"name\":\"creaerte.com\",\"description\":\"Agencia de publicidad, comunicaci\u00f3n y marketing en C\u00e1ceres \u2022 Extremadura\",\"potentialAction\":[{\"@type\":\"SearchAction\",\"target\":{\"@type\":\"EntryPoint\",\"urlTemplate\":\"https:\/\/www.creaerte.com\/live\/?s={search_term_string}\"},\"query-input\":{\"@type\":\"PropertyValueSpecification\",\"valueRequired\":true,\"valueName\":\"search_term_string\"}}],\"inLanguage\":\"es\"},{\"@type\":\"Person\",\"@id\":\"https:\/\/www.creaerte.com\/live\/#\/schema\/person\/acc9e93c6216bce2d569b1f0a99607f6\",\"name\":\"admin\",\"image\":{\"@type\":\"ImageObject\",\"inLanguage\":\"es\",\"@id\":\"https:\/\/www.creaerte.com\/live\/#\/schema\/person\/image\/\",\"url\":\"https:\/\/secure.gravatar.com\/avatar\/736f9ff6dd176e443e4c9cf884b23352631c533b611f216dbc09fc84cda6e67c?s=96&d=mm&r=g\",\"contentUrl\":\"https:\/\/secure.gravatar.com\/avatar\/736f9ff6dd176e443e4c9cf884b23352631c533b611f216dbc09fc84cda6e67c?s=96&d=mm&r=g\",\"caption\":\"admin\"},\"url\":\"https:\/\/www.creaerte.com\/live\/author\/admin\/\"}]}<\/script>\n<!-- \/ Yoast SEO plugin. -->","yoast_head_json":{"title":"IN FRAGANTI con David S\u00e1nchez, responsable de comunicaci\u00f3n de CENATIC - creaerte.com","robots":{"index":"index","follow":"follow","max-snippet":"max-snippet:-1","max-image-preview":"max-image-preview:large","max-video-preview":"max-video-preview:-1"},"canonical":"https:\/\/www.creaerte.com\/live\/in-fraganti-con-david-sanchez\/","og_locale":"es_ES","og_type":"article","og_title":"IN FRAGANTI con David S\u00e1nchez, responsable de comunicaci\u00f3n de CENATIC - creaerte.com","og_description":"Como es agosto, hace calor y necesitamos algo\u00a0 fresquito en nuestras vidas, \u00a1inauguramos nueva secci\u00f3n!: \u00abIN FRAGANTI ! &#8211; 25 preguntas de pall\u00ed a gente de paqu\u00ed\u00bb tratar\u00e1 de pillar a algunos ilustres de la regi\u00f3n (y allende) para someterlos a este cuestionario pu\u00f1etero y fresco, muy fresco. David es Director de Comunicaci\u00f3n de Cenatic. En el titular he puesto...","og_url":"https:\/\/www.creaerte.com\/live\/in-fraganti-con-david-sanchez\/","og_site_name":"creaerte.com","article_publisher":"https:\/\/www.facebook.com\/creaerte","article_published_time":"2010-08-10T10:39:08+00:00","article_modified_time":"2010-08-12T07:16:28+00:00","author":"admin","twitter_card":"summary_large_image","twitter_creator":"@Creaerte","twitter_site":"@Creaerte","twitter_misc":{"Escrito por":"admin","Tiempo de lectura":"5 minutos"},"schema":{"@context":"https:\/\/schema.org","@graph":[{"@type":"Article","@id":"https:\/\/www.creaerte.com\/live\/in-fraganti-con-david-sanchez\/#article","isPartOf":{"@id":"https:\/\/www.creaerte.com\/live\/in-fraganti-con-david-sanchez\/"},"author":{"name":"admin","@id":"https:\/\/www.creaerte.com\/live\/#\/schema\/person\/acc9e93c6216bce2d569b1f0a99607f6"},"headline":"IN FRAGANTI con David S\u00e1nchez, responsable de comunicaci\u00f3n de CENATIC","datePublished":"2010-08-10T10:39:08+00:00","dateModified":"2010-08-12T07:16:28+00:00","mainEntityOfPage":{"@id":"https:\/\/www.creaerte.com\/live\/in-fraganti-con-david-sanchez\/"},"wordCount":1066,"commentCount":4,"articleSection":["IN FRAGANTI","Noticias"],"inLanguage":"es","potentialAction":[{"@type":"CommentAction","name":"Comment","target":["https:\/\/www.creaerte.com\/live\/in-fraganti-con-david-sanchez\/#respond"]}]},{"@type":"WebPage","@id":"https:\/\/www.creaerte.com\/live\/in-fraganti-con-david-sanchez\/","url":"https:\/\/www.creaerte.com\/live\/in-fraganti-con-david-sanchez\/","name":"IN FRAGANTI con David S\u00e1nchez, responsable de comunicaci\u00f3n de CENATIC - creaerte.com","isPartOf":{"@id":"https:\/\/www.creaerte.com\/live\/#website"},"datePublished":"2010-08-10T10:39:08+00:00","dateModified":"2010-08-12T07:16:28+00:00","author":{"@id":"https:\/\/www.creaerte.com\/live\/#\/schema\/person\/acc9e93c6216bce2d569b1f0a99607f6"},"inLanguage":"es","potentialAction":[{"@type":"ReadAction","target":["https:\/\/www.creaerte.com\/live\/in-fraganti-con-david-sanchez\/"]}]},{"@type":"WebSite","@id":"https:\/\/www.creaerte.com\/live\/#website","url":"https:\/\/www.creaerte.com\/live\/","name":"creaerte.com","description":"Agencia de publicidad, comunicaci\u00f3n y marketing en C\u00e1ceres \u2022 Extremadura","potentialAction":[{"@type":"SearchAction","target":{"@type":"EntryPoint","urlTemplate":"https:\/\/www.creaerte.com\/live\/?s={search_term_string}"},"query-input":{"@type":"PropertyValueSpecification","valueRequired":true,"valueName":"search_term_string"}}],"inLanguage":"es"},{"@type":"Person","@id":"https:\/\/www.creaerte.com\/live\/#\/schema\/person\/acc9e93c6216bce2d569b1f0a99607f6","name":"admin","image":{"@type":"ImageObject","inLanguage":"es","@id":"https:\/\/www.creaerte.com\/live\/#\/schema\/person\/image\/","url":"https:\/\/secure.gravatar.com\/avatar\/736f9ff6dd176e443e4c9cf884b23352631c533b611f216dbc09fc84cda6e67c?s=96&d=mm&r=g","contentUrl":"https:\/\/secure.gravatar.com\/avatar\/736f9ff6dd176e443e4c9cf884b23352631c533b611f216dbc09fc84cda6e67c?s=96&d=mm&r=g","caption":"admin"},"url":"https:\/\/www.creaerte.com\/live\/author\/admin\/"}]}},"_links":{"self":[{"href":"https:\/\/www.creaerte.com\/live\/wp-json\/wp\/v2\/posts\/970","targetHints":{"allow":["GET"]}}],"collection":[{"href":"https:\/\/www.creaerte.com\/live\/wp-json\/wp\/v2\/posts"}],"about":[{"href":"https:\/\/www.creaerte.com\/live\/wp-json\/wp\/v2\/types\/post"}],"author":[{"embeddable":true,"href":"https:\/\/www.creaerte.com\/live\/wp-json\/wp\/v2\/users\/1"}],"replies":[{"embeddable":true,"href":"https:\/\/www.creaerte.com\/live\/wp-json\/wp\/v2\/comments?post=970"}],"version-history":[{"count":0,"href":"https:\/\/www.creaerte.com\/live\/wp-json\/wp\/v2\/posts\/970\/revisions"}],"wp:attachment":[{"href":"https:\/\/www.creaerte.com\/live\/wp-json\/wp\/v2\/media?parent=970"}],"wp:term":[{"taxonomy":"category","embeddable":true,"href":"https:\/\/www.creaerte.com\/live\/wp-json\/wp\/v2\/categories?post=970"},{"taxonomy":"post_tag","embeddable":true,"href":"https:\/\/www.creaerte.com\/live\/wp-json\/wp\/v2\/tags?post=970"}],"curies":[{"name":"wp","href":"https:\/\/api.w.org\/{rel}","templated":true}]}}