{"id":9931,"date":"2013-02-18T10:42:17","date_gmt":"2013-02-18T09:42:17","guid":{"rendered":"http:\/\/creaerte.com\/live\/?p=9931"},"modified":"2013-02-18T10:42:17","modified_gmt":"2013-02-18T09:42:17","slug":"una-imagen-al-dia-%e2%80%a2-18-de-febrero","status":"publish","type":"post","link":"https:\/\/www.creaerte.com\/live\/una-imagen-al-dia-%e2%80%a2-18-de-febrero\/","title":{"rendered":"Una imagen al d\u00eda \u2022 18 de febrero"},"content":{"rendered":"<p>Gracias a Judith por permitirnos empezar la semana con tanta fuerza. Un bonito y sensual retrato en el que la gran protagonista es la mirada.<\/p>\n<p>Casi podemos, adem\u00e1s, escuchar el sonido hipn\u00f3tico del fuego que hay al fondo.<\/p>\n<p><a href=\"http:\/\/creaerte.com\/live\/wp-content\/uploads\/2013\/02\/261218_343842879058651_1976187521_n.jpg\"><img fetchpriority=\"high\" decoding=\"async\" class=\"aligncenter size-full wp-image-9932\" title=\"261218_343842879058651_1976187521_n\" src=\"http:\/\/creaerte.com\/live\/wp-content\/uploads\/2013\/02\/261218_343842879058651_1976187521_n.jpg\" alt=\"261218_343842879058651_1976187521_n\" width=\"610\" height=\"404\" srcset=\"https:\/\/www.creaerte.com\/live\/wp-content\/uploads\/2013\/02\/261218_343842879058651_1976187521_n.jpg 610w, https:\/\/www.creaerte.com\/live\/wp-content\/uploads\/2013\/02\/261218_343842879058651_1976187521_n-300x198.jpg 300w\" sizes=\"(max-width: 610px) 100vw, 610px\" \/><\/a><\/p>\n<p>Si quieres ver tus im\u00e1genes, ya sean fotos, cuadros o dibujos en este blog, env\u00edanoslas a\u00a0<a href=\"&#109;a&#x69;l&#x74;o&#x3a;u&#x6e;&#97;&#x66;&#111;t&#x6f;a&#x6c;d&#x69;a&#x40;c&#x72;&#101;&#x61;&#101;r&#x74;e&#x2e;c&#x6f;m\">&#x75;n&#x61;f&#x6f;&#116;&#x6f;&#x61;l&#x64;i&#x61;&#64;&#x63;&#114;e&#x61;e&#x72;&#116;&#x65;&#46;c&#x6f;m<\/a> y te las publicaremos!<\/p>\n","protected":false},"excerpt":{"rendered":"<p>Gracias a Judith por permitirnos empezar la semana con tanta fuerza. Un bonito y sensual retrato en el que la gran protagonista es la mirada. Casi podemos, adem\u00e1s, escuchar el sonido hipn\u00f3tico del fuego que hay al fondo. Si quieres ver tus im\u00e1genes, ya sean fotos, cuadros o dibujos en este blog, env\u00edanoslas a\u00a0unafotoaldia&#64;creaerte.com y te las publicaremos!<\/p>\n","protected":false},"author":1,"featured_media":0,"comment_status":"open","ping_status":"open","sticky":false,"template":"","format":"standard","meta":{"footnotes":""},"categories":[10,281],"tags":[82,19],"class_list":["post-9931","post","type-post","status-publish","format-standard","hentry","category-noticias","category-una-imagen-al-dia","tag-creatividad","tag-fotografia","has_thumb"],"yoast_head":"<!-- This site is optimized with the Yoast SEO plugin v26.9 - https:\/\/yoast.com\/product\/yoast-seo-wordpress\/ -->\n<title>Una imagen al d\u00eda \u2022 18 de febrero - creaerte.com<\/title>\n<meta name=\"robots\" content=\"index, follow, max-snippet:-1, max-image-preview:large, max-video-preview:-1\" \/>\n<link rel=\"canonical\" href=\"https:\/\/www.creaerte.com\/live\/una-imagen-al-dia-\u2022-18-de-febrero\/\" \/>\n<meta property=\"og:locale\" content=\"es_ES\" \/>\n<meta property=\"og:type\" content=\"article\" \/>\n<meta property=\"og:title\" content=\"Una imagen al d\u00eda \u2022 18 de febrero - creaerte.com\" \/>\n<meta property=\"og:description\" content=\"Gracias a Judith por permitirnos empezar la semana con tanta fuerza. Un bonito y sensual retrato en el que la gran protagonista es la mirada. Casi podemos, adem\u00e1s, escuchar el sonido hipn\u00f3tico del fuego que hay al fondo. Si quieres ver tus im\u00e1genes, ya sean fotos, cuadros o dibujos en este blog, env\u00edanoslas a\u00a0unafotoaldia&#064;&#099;&#114;&#101;&#097;&#101;&#x72;&#x74;&#x65;&#x2e;&#x63;&#x6f;&#x6d; y te las publicaremos!\" \/>\n<meta property=\"og:url\" content=\"https:\/\/www.creaerte.com\/live\/una-imagen-al-dia-\u2022-18-de-febrero\/\" \/>\n<meta property=\"og:site_name\" content=\"creaerte.com\" \/>\n<meta property=\"article:publisher\" content=\"https:\/\/www.facebook.com\/creaerte\" \/>\n<meta property=\"article:published_time\" content=\"2013-02-18T09:42:17+00:00\" \/>\n<meta property=\"og:image\" content=\"http:\/\/creaerte.com\/live\/wp-content\/uploads\/2013\/02\/261218_343842879058651_1976187521_n.jpg\" \/>\n<meta name=\"author\" content=\"admin\" \/>\n<meta name=\"twitter:card\" content=\"summary_large_image\" \/>\n<meta name=\"twitter:creator\" content=\"@Creaerte\" \/>\n<meta name=\"twitter:site\" content=\"@Creaerte\" \/>\n<meta name=\"twitter:label1\" content=\"Escrito por\" \/>\n\t<meta name=\"twitter:data1\" content=\"admin\" \/>\n<script type=\"application\/ld+json\" class=\"yoast-schema-graph\">{\"@context\":\"https:\/\/schema.org\",\"@graph\":[{\"@type\":\"Article\",\"@id\":\"https:\/\/www.creaerte.com\/live\/una-imagen-al-dia-%e2%80%a2-18-de-febrero\/#article\",\"isPartOf\":{\"@id\":\"https:\/\/www.creaerte.com\/live\/una-imagen-al-dia-%e2%80%a2-18-de-febrero\/\"},\"author\":{\"name\":\"admin\",\"@id\":\"https:\/\/www.creaerte.com\/live\/#\/schema\/person\/acc9e93c6216bce2d569b1f0a99607f6\"},\"headline\":\"Una imagen al d\u00eda \u2022 18 de febrero\",\"datePublished\":\"2013-02-18T09:42:17+00:00\",\"mainEntityOfPage\":{\"@id\":\"https:\/\/www.creaerte.com\/live\/una-imagen-al-dia-%e2%80%a2-18-de-febrero\/\"},\"wordCount\":72,\"commentCount\":0,\"image\":{\"@id\":\"https:\/\/www.creaerte.com\/live\/una-imagen-al-dia-%e2%80%a2-18-de-febrero\/#primaryimage\"},\"thumbnailUrl\":\"http:\/\/creaerte.com\/live\/wp-content\/uploads\/2013\/02\/261218_343842879058651_1976187521_n.jpg\",\"keywords\":[\"creatividad\",\"fotograf\u00eda\"],\"articleSection\":[\"Noticias\",\"Una imagen al d\u00eda\"],\"inLanguage\":\"es\",\"potentialAction\":[{\"@type\":\"CommentAction\",\"name\":\"Comment\",\"target\":[\"https:\/\/www.creaerte.com\/live\/una-imagen-al-dia-%e2%80%a2-18-de-febrero\/#respond\"]}]},{\"@type\":\"WebPage\",\"@id\":\"https:\/\/www.creaerte.com\/live\/una-imagen-al-dia-%e2%80%a2-18-de-febrero\/\",\"url\":\"https:\/\/www.creaerte.com\/live\/una-imagen-al-dia-%e2%80%a2-18-de-febrero\/\",\"name\":\"Una imagen al d\u00eda \u2022 18 de febrero - creaerte.com\",\"isPartOf\":{\"@id\":\"https:\/\/www.creaerte.com\/live\/#website\"},\"primaryImageOfPage\":{\"@id\":\"https:\/\/www.creaerte.com\/live\/una-imagen-al-dia-%e2%80%a2-18-de-febrero\/#primaryimage\"},\"image\":{\"@id\":\"https:\/\/www.creaerte.com\/live\/una-imagen-al-dia-%e2%80%a2-18-de-febrero\/#primaryimage\"},\"thumbnailUrl\":\"http:\/\/creaerte.com\/live\/wp-content\/uploads\/2013\/02\/261218_343842879058651_1976187521_n.jpg\",\"datePublished\":\"2013-02-18T09:42:17+00:00\",\"author\":{\"@id\":\"https:\/\/www.creaerte.com\/live\/#\/schema\/person\/acc9e93c6216bce2d569b1f0a99607f6\"},\"inLanguage\":\"es\",\"potentialAction\":[{\"@type\":\"ReadAction\",\"target\":[\"https:\/\/www.creaerte.com\/live\/una-imagen-al-dia-%e2%80%a2-18-de-febrero\/\"]}]},{\"@type\":\"ImageObject\",\"inLanguage\":\"es\",\"@id\":\"https:\/\/www.creaerte.com\/live\/una-imagen-al-dia-%e2%80%a2-18-de-febrero\/#primaryimage\",\"url\":\"http:\/\/creaerte.com\/live\/wp-content\/uploads\/2013\/02\/261218_343842879058651_1976187521_n.jpg\",\"contentUrl\":\"http:\/\/creaerte.com\/live\/wp-content\/uploads\/2013\/02\/261218_343842879058651_1976187521_n.jpg\"},{\"@type\":\"WebSite\",\"@id\":\"https:\/\/www.creaerte.com\/live\/#website\",\"url\":\"https:\/\/www.creaerte.com\/live\/\",\"name\":\"creaerte.com\",\"description\":\"Agencia de publicidad, comunicaci\u00f3n y marketing en C\u00e1ceres \u2022 Extremadura\",\"potentialAction\":[{\"@type\":\"SearchAction\",\"target\":{\"@type\":\"EntryPoint\",\"urlTemplate\":\"https:\/\/www.creaerte.com\/live\/?s={search_term_string}\"},\"query-input\":{\"@type\":\"PropertyValueSpecification\",\"valueRequired\":true,\"valueName\":\"search_term_string\"}}],\"inLanguage\":\"es\"},{\"@type\":\"Person\",\"@id\":\"https:\/\/www.creaerte.com\/live\/#\/schema\/person\/acc9e93c6216bce2d569b1f0a99607f6\",\"name\":\"admin\",\"image\":{\"@type\":\"ImageObject\",\"inLanguage\":\"es\",\"@id\":\"https:\/\/www.creaerte.com\/live\/#\/schema\/person\/image\/\",\"url\":\"https:\/\/secure.gravatar.com\/avatar\/736f9ff6dd176e443e4c9cf884b23352631c533b611f216dbc09fc84cda6e67c?s=96&d=mm&r=g\",\"contentUrl\":\"https:\/\/secure.gravatar.com\/avatar\/736f9ff6dd176e443e4c9cf884b23352631c533b611f216dbc09fc84cda6e67c?s=96&d=mm&r=g\",\"caption\":\"admin\"},\"url\":\"https:\/\/www.creaerte.com\/live\/author\/admin\/\"}]}<\/script>\n<!-- \/ Yoast SEO plugin. -->","yoast_head_json":{"title":"Una imagen al d\u00eda \u2022 18 de febrero - creaerte.com","robots":{"index":"index","follow":"follow","max-snippet":"max-snippet:-1","max-image-preview":"max-image-preview:large","max-video-preview":"max-video-preview:-1"},"canonical":"https:\/\/www.creaerte.com\/live\/una-imagen-al-dia-\u2022-18-de-febrero\/","og_locale":"es_ES","og_type":"article","og_title":"Una imagen al d\u00eda \u2022 18 de febrero - creaerte.com","og_description":"Gracias a Judith por permitirnos empezar la semana con tanta fuerza. Un bonito y sensual retrato en el que la gran protagonista es la mirada. Casi podemos, adem\u00e1s, escuchar el sonido hipn\u00f3tico del fuego que hay al fondo. Si quieres ver tus im\u00e1genes, ya sean fotos, cuadros o dibujos en este blog, env\u00edanoslas a\u00a0unafotoaldia&#64;&#99;&#114;&#101;&#97;&#101;&#x72;&#x74;&#x65;&#x2e;&#x63;&#x6f;&#x6d; y te las publicaremos!","og_url":"https:\/\/www.creaerte.com\/live\/una-imagen-al-dia-\u2022-18-de-febrero\/","og_site_name":"creaerte.com","article_publisher":"https:\/\/www.facebook.com\/creaerte","article_published_time":"2013-02-18T09:42:17+00:00","og_image":[{"url":"http:\/\/creaerte.com\/live\/wp-content\/uploads\/2013\/02\/261218_343842879058651_1976187521_n.jpg","type":"","width":"","height":""}],"author":"admin","twitter_card":"summary_large_image","twitter_creator":"@Creaerte","twitter_site":"@Creaerte","twitter_misc":{"Escrito por":"admin"},"schema":{"@context":"https:\/\/schema.org","@graph":[{"@type":"Article","@id":"https:\/\/www.creaerte.com\/live\/una-imagen-al-dia-%e2%80%a2-18-de-febrero\/#article","isPartOf":{"@id":"https:\/\/www.creaerte.com\/live\/una-imagen-al-dia-%e2%80%a2-18-de-febrero\/"},"author":{"name":"admin","@id":"https:\/\/www.creaerte.com\/live\/#\/schema\/person\/acc9e93c6216bce2d569b1f0a99607f6"},"headline":"Una imagen al d\u00eda \u2022 18 de febrero","datePublished":"2013-02-18T09:42:17+00:00","mainEntityOfPage":{"@id":"https:\/\/www.creaerte.com\/live\/una-imagen-al-dia-%e2%80%a2-18-de-febrero\/"},"wordCount":72,"commentCount":0,"image":{"@id":"https:\/\/www.creaerte.com\/live\/una-imagen-al-dia-%e2%80%a2-18-de-febrero\/#primaryimage"},"thumbnailUrl":"http:\/\/creaerte.com\/live\/wp-content\/uploads\/2013\/02\/261218_343842879058651_1976187521_n.jpg","keywords":["creatividad","fotograf\u00eda"],"articleSection":["Noticias","Una imagen al d\u00eda"],"inLanguage":"es","potentialAction":[{"@type":"CommentAction","name":"Comment","target":["https:\/\/www.creaerte.com\/live\/una-imagen-al-dia-%e2%80%a2-18-de-febrero\/#respond"]}]},{"@type":"WebPage","@id":"https:\/\/www.creaerte.com\/live\/una-imagen-al-dia-%e2%80%a2-18-de-febrero\/","url":"https:\/\/www.creaerte.com\/live\/una-imagen-al-dia-%e2%80%a2-18-de-febrero\/","name":"Una imagen al d\u00eda \u2022 18 de febrero - creaerte.com","isPartOf":{"@id":"https:\/\/www.creaerte.com\/live\/#website"},"primaryImageOfPage":{"@id":"https:\/\/www.creaerte.com\/live\/una-imagen-al-dia-%e2%80%a2-18-de-febrero\/#primaryimage"},"image":{"@id":"https:\/\/www.creaerte.com\/live\/una-imagen-al-dia-%e2%80%a2-18-de-febrero\/#primaryimage"},"thumbnailUrl":"http:\/\/creaerte.com\/live\/wp-content\/uploads\/2013\/02\/261218_343842879058651_1976187521_n.jpg","datePublished":"2013-02-18T09:42:17+00:00","author":{"@id":"https:\/\/www.creaerte.com\/live\/#\/schema\/person\/acc9e93c6216bce2d569b1f0a99607f6"},"inLanguage":"es","potentialAction":[{"@type":"ReadAction","target":["https:\/\/www.creaerte.com\/live\/una-imagen-al-dia-%e2%80%a2-18-de-febrero\/"]}]},{"@type":"ImageObject","inLanguage":"es","@id":"https:\/\/www.creaerte.com\/live\/una-imagen-al-dia-%e2%80%a2-18-de-febrero\/#primaryimage","url":"http:\/\/creaerte.com\/live\/wp-content\/uploads\/2013\/02\/261218_343842879058651_1976187521_n.jpg","contentUrl":"http:\/\/creaerte.com\/live\/wp-content\/uploads\/2013\/02\/261218_343842879058651_1976187521_n.jpg"},{"@type":"WebSite","@id":"https:\/\/www.creaerte.com\/live\/#website","url":"https:\/\/www.creaerte.com\/live\/","name":"creaerte.com","description":"Agencia de publicidad, comunicaci\u00f3n y marketing en C\u00e1ceres \u2022 Extremadura","potentialAction":[{"@type":"SearchAction","target":{"@type":"EntryPoint","urlTemplate":"https:\/\/www.creaerte.com\/live\/?s={search_term_string}"},"query-input":{"@type":"PropertyValueSpecification","valueRequired":true,"valueName":"search_term_string"}}],"inLanguage":"es"},{"@type":"Person","@id":"https:\/\/www.creaerte.com\/live\/#\/schema\/person\/acc9e93c6216bce2d569b1f0a99607f6","name":"admin","image":{"@type":"ImageObject","inLanguage":"es","@id":"https:\/\/www.creaerte.com\/live\/#\/schema\/person\/image\/","url":"https:\/\/secure.gravatar.com\/avatar\/736f9ff6dd176e443e4c9cf884b23352631c533b611f216dbc09fc84cda6e67c?s=96&d=mm&r=g","contentUrl":"https:\/\/secure.gravatar.com\/avatar\/736f9ff6dd176e443e4c9cf884b23352631c533b611f216dbc09fc84cda6e67c?s=96&d=mm&r=g","caption":"admin"},"url":"https:\/\/www.creaerte.com\/live\/author\/admin\/"}]}},"_links":{"self":[{"href":"https:\/\/www.creaerte.com\/live\/wp-json\/wp\/v2\/posts\/9931","targetHints":{"allow":["GET"]}}],"collection":[{"href":"https:\/\/www.creaerte.com\/live\/wp-json\/wp\/v2\/posts"}],"about":[{"href":"https:\/\/www.creaerte.com\/live\/wp-json\/wp\/v2\/types\/post"}],"author":[{"embeddable":true,"href":"https:\/\/www.creaerte.com\/live\/wp-json\/wp\/v2\/users\/1"}],"replies":[{"embeddable":true,"href":"https:\/\/www.creaerte.com\/live\/wp-json\/wp\/v2\/comments?post=9931"}],"version-history":[{"count":0,"href":"https:\/\/www.creaerte.com\/live\/wp-json\/wp\/v2\/posts\/9931\/revisions"}],"wp:attachment":[{"href":"https:\/\/www.creaerte.com\/live\/wp-json\/wp\/v2\/media?parent=9931"}],"wp:term":[{"taxonomy":"category","embeddable":true,"href":"https:\/\/www.creaerte.com\/live\/wp-json\/wp\/v2\/categories?post=9931"},{"taxonomy":"post_tag","embeddable":true,"href":"https:\/\/www.creaerte.com\/live\/wp-json\/wp\/v2\/tags?post=9931"}],"curies":[{"name":"wp","href":"https:\/\/api.w.org\/{rel}","templated":true}]}}