{"id":9953,"date":"2013-02-19T10:34:53","date_gmt":"2013-02-19T09:34:53","guid":{"rendered":"http:\/\/creaerte.com\/live\/?p=9953"},"modified":"2013-02-19T10:40:54","modified_gmt":"2013-02-19T09:40:54","slug":"una-imagen-al-dia-%e2%80%a2-19-de-febrero","status":"publish","type":"post","link":"https:\/\/www.creaerte.com\/live\/una-imagen-al-dia-%e2%80%a2-19-de-febrero\/","title":{"rendered":"Una imagen al d\u00eda \u2022 19 de febrero"},"content":{"rendered":"<p style=\"margin-left: 0.2cm; margin-bottom: 0cm;\" align=\"JUSTIFY\"><span style=\"font-family: 'Arial Unicode MS', sans-serif; font-size: xx-small;\"><br \/>\n<\/span><\/p>\n<p style=\"margin-left: 0.2cm; margin-bottom: 0cm;\" align=\"JUSTIFY\"><span style=\"font-family: 'Arial Unicode MS', sans-serif;\"><span style=\"font-size: small;\">Lo primero que hemos sentido al toparnos con esta imagen, ha sido la duda de si es realmente una fotograf\u00eda o si est\u00e1 generada infogr\u00e1ficamente. Hace unos a\u00f1os este planteamiento hubiera sido inimaginable, pero lo digital nos envuelve hasta tal punto que lo que tiempo atr\u00e1s hubi\u00e9semos dado por hecho como real, ahora puede sorprendernos como virtual.<\/span><\/span><\/p>\n<p style=\"margin-left: 0.2cm; margin-bottom: 0cm;\" align=\"JUSTIFY\"><span style=\"font-family: 'Arial Unicode MS', sans-serif;\"><span style=\"font-size: small;\">Much\u00edsimas gracias a Jos\u00e9 por esta nueva imagen. \u00bfQu\u00e9 opin\u00e1is vosotros, foto o infograf\u00eda?.<\/span><\/span><\/p>\n<p style=\"margin-left: 0.2cm; margin-bottom: 0cm;\" align=\"JUSTIFY\"><span style=\"font-family: 'Arial Unicode MS', sans-serif; font-size: xx-small;\"><br \/>\n<\/span><\/p>\n<p style=\"margin-left: 0.2cm; margin-bottom: 0cm;\" align=\"JUSTIFY\"><span style=\"font-family: 'Arial Unicode MS', sans-serif; font-size: xx-small;\"><a href=\"http:\/\/creaerte.com\/live\/wp-content\/uploads\/2012\/11\/MG_3851.jpg\"><img fetchpriority=\"high\" decoding=\"async\" class=\"aligncenter size-full wp-image-9960\" title=\"_MG_3851\" src=\"http:\/\/creaerte.com\/live\/wp-content\/uploads\/2012\/11\/MG_3851.jpg\" alt=\"_MG_3851\" width=\"610\" height=\"371\" srcset=\"https:\/\/www.creaerte.com\/live\/wp-content\/uploads\/2012\/11\/MG_3851.jpg 610w, https:\/\/www.creaerte.com\/live\/wp-content\/uploads\/2012\/11\/MG_3851-384x234.jpg 384w\" sizes=\"(max-width: 610px) 100vw, 610px\" \/><\/a><br \/>\n<\/span><\/p>\n<p>Si quieres ver tus im\u00e1genes, ya sean fotos, cuadros o dibujos en este blog, env\u00edanoslas a\u00a0<a href=\"mailt&#111;&#58;&#x75;&#x6e;&#x61;&#x66;&#x6f;&#x74;&#x6f;aldia&#64;&#99;&#114;&#x65;&#x61;&#x65;&#x72;&#x74;&#x65;.com\">&#x75;n&#x61;f&#x6f;t&#x6f;&#97;l&#x64;i&#x61;&#64;&#x63;&#114;&#x65;&#97;e&#x72;t&#x65;.&#x63;&#111;&#x6d;<\/a> y te las publicaremos!<\/p>\n","protected":false},"excerpt":{"rendered":"<p>Lo primero que hemos sentido al toparnos con esta imagen, ha sido la duda de si es realmente una fotograf\u00eda o si est\u00e1 generada infogr\u00e1ficamente. Hace unos a\u00f1os este planteamiento hubiera sido inimaginable, pero lo digital nos envuelve hasta tal punto que lo que tiempo atr\u00e1s hubi\u00e9semos dado por hecho como real, ahora puede sorprendernos como virtual. Much\u00edsimas gracias a&#8230;<\/p>\n","protected":false},"author":1,"featured_media":0,"comment_status":"open","ping_status":"open","sticky":false,"template":"","format":"standard","meta":{"footnotes":""},"categories":[10,281],"tags":[82,19,18],"class_list":["post-9953","post","type-post","status-publish","format-standard","hentry","category-noticias","category-una-imagen-al-dia","tag-creatividad","tag-fotografia","tag-internet","has_thumb"],"yoast_head":"<!-- This site is optimized with the Yoast SEO plugin v26.9 - https:\/\/yoast.com\/product\/yoast-seo-wordpress\/ -->\n<title>Una imagen al d\u00eda \u2022 19 de febrero - creaerte.com<\/title>\n<meta name=\"robots\" content=\"index, follow, max-snippet:-1, max-image-preview:large, max-video-preview:-1\" \/>\n<link rel=\"canonical\" href=\"https:\/\/www.creaerte.com\/live\/una-imagen-al-dia-\u2022-19-de-febrero\/\" \/>\n<meta property=\"og:locale\" content=\"es_ES\" \/>\n<meta property=\"og:type\" content=\"article\" \/>\n<meta property=\"og:title\" content=\"Una imagen al d\u00eda \u2022 19 de febrero - creaerte.com\" \/>\n<meta property=\"og:description\" content=\"Lo primero que hemos sentido al toparnos con esta imagen, ha sido la duda de si es realmente una fotograf\u00eda o si est\u00e1 generada infogr\u00e1ficamente. Hace unos a\u00f1os este planteamiento hubiera sido inimaginable, pero lo digital nos envuelve hasta tal punto que lo que tiempo atr\u00e1s hubi\u00e9semos dado por hecho como real, ahora puede sorprendernos como virtual. Much\u00edsimas gracias a...\" \/>\n<meta property=\"og:url\" content=\"https:\/\/www.creaerte.com\/live\/una-imagen-al-dia-\u2022-19-de-febrero\/\" \/>\n<meta property=\"og:site_name\" content=\"creaerte.com\" \/>\n<meta property=\"article:publisher\" content=\"https:\/\/www.facebook.com\/creaerte\" \/>\n<meta property=\"article:published_time\" content=\"2013-02-19T09:34:53+00:00\" \/>\n<meta property=\"article:modified_time\" content=\"2013-02-19T09:40:54+00:00\" \/>\n<meta property=\"og:image\" content=\"http:\/\/creaerte.com\/live\/wp-content\/uploads\/2012\/11\/MG_3851.jpg\" \/>\n<meta name=\"author\" content=\"admin\" \/>\n<meta name=\"twitter:card\" content=\"summary_large_image\" \/>\n<meta name=\"twitter:creator\" content=\"@Creaerte\" \/>\n<meta name=\"twitter:site\" content=\"@Creaerte\" \/>\n<meta name=\"twitter:label1\" content=\"Escrito por\" \/>\n\t<meta name=\"twitter:data1\" content=\"admin\" \/>\n\t<meta name=\"twitter:label2\" content=\"Tiempo de lectura\" \/>\n\t<meta name=\"twitter:data2\" content=\"1 minuto\" \/>\n<script type=\"application\/ld+json\" class=\"yoast-schema-graph\">{\"@context\":\"https:\/\/schema.org\",\"@graph\":[{\"@type\":\"Article\",\"@id\":\"https:\/\/www.creaerte.com\/live\/una-imagen-al-dia-%e2%80%a2-19-de-febrero\/#article\",\"isPartOf\":{\"@id\":\"https:\/\/www.creaerte.com\/live\/una-imagen-al-dia-%e2%80%a2-19-de-febrero\/\"},\"author\":{\"name\":\"admin\",\"@id\":\"https:\/\/www.creaerte.com\/live\/#\/schema\/person\/acc9e93c6216bce2d569b1f0a99607f6\"},\"headline\":\"Una imagen al d\u00eda \u2022 19 de febrero\",\"datePublished\":\"2013-02-19T09:34:53+00:00\",\"dateModified\":\"2013-02-19T09:40:54+00:00\",\"mainEntityOfPage\":{\"@id\":\"https:\/\/www.creaerte.com\/live\/una-imagen-al-dia-%e2%80%a2-19-de-febrero\/\"},\"wordCount\":111,\"commentCount\":0,\"image\":{\"@id\":\"https:\/\/www.creaerte.com\/live\/una-imagen-al-dia-%e2%80%a2-19-de-febrero\/#primaryimage\"},\"thumbnailUrl\":\"http:\/\/creaerte.com\/live\/wp-content\/uploads\/2012\/11\/MG_3851.jpg\",\"keywords\":[\"creatividad\",\"fotograf\u00eda\",\"internet\"],\"articleSection\":[\"Noticias\",\"Una imagen al d\u00eda\"],\"inLanguage\":\"es\",\"potentialAction\":[{\"@type\":\"CommentAction\",\"name\":\"Comment\",\"target\":[\"https:\/\/www.creaerte.com\/live\/una-imagen-al-dia-%e2%80%a2-19-de-febrero\/#respond\"]}]},{\"@type\":\"WebPage\",\"@id\":\"https:\/\/www.creaerte.com\/live\/una-imagen-al-dia-%e2%80%a2-19-de-febrero\/\",\"url\":\"https:\/\/www.creaerte.com\/live\/una-imagen-al-dia-%e2%80%a2-19-de-febrero\/\",\"name\":\"Una imagen al d\u00eda \u2022 19 de febrero - creaerte.com\",\"isPartOf\":{\"@id\":\"https:\/\/www.creaerte.com\/live\/#website\"},\"primaryImageOfPage\":{\"@id\":\"https:\/\/www.creaerte.com\/live\/una-imagen-al-dia-%e2%80%a2-19-de-febrero\/#primaryimage\"},\"image\":{\"@id\":\"https:\/\/www.creaerte.com\/live\/una-imagen-al-dia-%e2%80%a2-19-de-febrero\/#primaryimage\"},\"thumbnailUrl\":\"http:\/\/creaerte.com\/live\/wp-content\/uploads\/2012\/11\/MG_3851.jpg\",\"datePublished\":\"2013-02-19T09:34:53+00:00\",\"dateModified\":\"2013-02-19T09:40:54+00:00\",\"author\":{\"@id\":\"https:\/\/www.creaerte.com\/live\/#\/schema\/person\/acc9e93c6216bce2d569b1f0a99607f6\"},\"inLanguage\":\"es\",\"potentialAction\":[{\"@type\":\"ReadAction\",\"target\":[\"https:\/\/www.creaerte.com\/live\/una-imagen-al-dia-%e2%80%a2-19-de-febrero\/\"]}]},{\"@type\":\"ImageObject\",\"inLanguage\":\"es\",\"@id\":\"https:\/\/www.creaerte.com\/live\/una-imagen-al-dia-%e2%80%a2-19-de-febrero\/#primaryimage\",\"url\":\"http:\/\/creaerte.com\/live\/wp-content\/uploads\/2012\/11\/MG_3851.jpg\",\"contentUrl\":\"http:\/\/creaerte.com\/live\/wp-content\/uploads\/2012\/11\/MG_3851.jpg\"},{\"@type\":\"WebSite\",\"@id\":\"https:\/\/www.creaerte.com\/live\/#website\",\"url\":\"https:\/\/www.creaerte.com\/live\/\",\"name\":\"creaerte.com\",\"description\":\"Agencia de publicidad, comunicaci\u00f3n y marketing en C\u00e1ceres \u2022 Extremadura\",\"potentialAction\":[{\"@type\":\"SearchAction\",\"target\":{\"@type\":\"EntryPoint\",\"urlTemplate\":\"https:\/\/www.creaerte.com\/live\/?s={search_term_string}\"},\"query-input\":{\"@type\":\"PropertyValueSpecification\",\"valueRequired\":true,\"valueName\":\"search_term_string\"}}],\"inLanguage\":\"es\"},{\"@type\":\"Person\",\"@id\":\"https:\/\/www.creaerte.com\/live\/#\/schema\/person\/acc9e93c6216bce2d569b1f0a99607f6\",\"name\":\"admin\",\"image\":{\"@type\":\"ImageObject\",\"inLanguage\":\"es\",\"@id\":\"https:\/\/www.creaerte.com\/live\/#\/schema\/person\/image\/\",\"url\":\"https:\/\/secure.gravatar.com\/avatar\/736f9ff6dd176e443e4c9cf884b23352631c533b611f216dbc09fc84cda6e67c?s=96&d=mm&r=g\",\"contentUrl\":\"https:\/\/secure.gravatar.com\/avatar\/736f9ff6dd176e443e4c9cf884b23352631c533b611f216dbc09fc84cda6e67c?s=96&d=mm&r=g\",\"caption\":\"admin\"},\"url\":\"https:\/\/www.creaerte.com\/live\/author\/admin\/\"}]}<\/script>\n<!-- \/ Yoast SEO plugin. -->","yoast_head_json":{"title":"Una imagen al d\u00eda \u2022 19 de febrero - creaerte.com","robots":{"index":"index","follow":"follow","max-snippet":"max-snippet:-1","max-image-preview":"max-image-preview:large","max-video-preview":"max-video-preview:-1"},"canonical":"https:\/\/www.creaerte.com\/live\/una-imagen-al-dia-\u2022-19-de-febrero\/","og_locale":"es_ES","og_type":"article","og_title":"Una imagen al d\u00eda \u2022 19 de febrero - creaerte.com","og_description":"Lo primero que hemos sentido al toparnos con esta imagen, ha sido la duda de si es realmente una fotograf\u00eda o si est\u00e1 generada infogr\u00e1ficamente. Hace unos a\u00f1os este planteamiento hubiera sido inimaginable, pero lo digital nos envuelve hasta tal punto que lo que tiempo atr\u00e1s hubi\u00e9semos dado por hecho como real, ahora puede sorprendernos como virtual. Much\u00edsimas gracias a...","og_url":"https:\/\/www.creaerte.com\/live\/una-imagen-al-dia-\u2022-19-de-febrero\/","og_site_name":"creaerte.com","article_publisher":"https:\/\/www.facebook.com\/creaerte","article_published_time":"2013-02-19T09:34:53+00:00","article_modified_time":"2013-02-19T09:40:54+00:00","og_image":[{"url":"http:\/\/creaerte.com\/live\/wp-content\/uploads\/2012\/11\/MG_3851.jpg","type":"","width":"","height":""}],"author":"admin","twitter_card":"summary_large_image","twitter_creator":"@Creaerte","twitter_site":"@Creaerte","twitter_misc":{"Escrito por":"admin","Tiempo de lectura":"1 minuto"},"schema":{"@context":"https:\/\/schema.org","@graph":[{"@type":"Article","@id":"https:\/\/www.creaerte.com\/live\/una-imagen-al-dia-%e2%80%a2-19-de-febrero\/#article","isPartOf":{"@id":"https:\/\/www.creaerte.com\/live\/una-imagen-al-dia-%e2%80%a2-19-de-febrero\/"},"author":{"name":"admin","@id":"https:\/\/www.creaerte.com\/live\/#\/schema\/person\/acc9e93c6216bce2d569b1f0a99607f6"},"headline":"Una imagen al d\u00eda \u2022 19 de febrero","datePublished":"2013-02-19T09:34:53+00:00","dateModified":"2013-02-19T09:40:54+00:00","mainEntityOfPage":{"@id":"https:\/\/www.creaerte.com\/live\/una-imagen-al-dia-%e2%80%a2-19-de-febrero\/"},"wordCount":111,"commentCount":0,"image":{"@id":"https:\/\/www.creaerte.com\/live\/una-imagen-al-dia-%e2%80%a2-19-de-febrero\/#primaryimage"},"thumbnailUrl":"http:\/\/creaerte.com\/live\/wp-content\/uploads\/2012\/11\/MG_3851.jpg","keywords":["creatividad","fotograf\u00eda","internet"],"articleSection":["Noticias","Una imagen al d\u00eda"],"inLanguage":"es","potentialAction":[{"@type":"CommentAction","name":"Comment","target":["https:\/\/www.creaerte.com\/live\/una-imagen-al-dia-%e2%80%a2-19-de-febrero\/#respond"]}]},{"@type":"WebPage","@id":"https:\/\/www.creaerte.com\/live\/una-imagen-al-dia-%e2%80%a2-19-de-febrero\/","url":"https:\/\/www.creaerte.com\/live\/una-imagen-al-dia-%e2%80%a2-19-de-febrero\/","name":"Una imagen al d\u00eda \u2022 19 de febrero - creaerte.com","isPartOf":{"@id":"https:\/\/www.creaerte.com\/live\/#website"},"primaryImageOfPage":{"@id":"https:\/\/www.creaerte.com\/live\/una-imagen-al-dia-%e2%80%a2-19-de-febrero\/#primaryimage"},"image":{"@id":"https:\/\/www.creaerte.com\/live\/una-imagen-al-dia-%e2%80%a2-19-de-febrero\/#primaryimage"},"thumbnailUrl":"http:\/\/creaerte.com\/live\/wp-content\/uploads\/2012\/11\/MG_3851.jpg","datePublished":"2013-02-19T09:34:53+00:00","dateModified":"2013-02-19T09:40:54+00:00","author":{"@id":"https:\/\/www.creaerte.com\/live\/#\/schema\/person\/acc9e93c6216bce2d569b1f0a99607f6"},"inLanguage":"es","potentialAction":[{"@type":"ReadAction","target":["https:\/\/www.creaerte.com\/live\/una-imagen-al-dia-%e2%80%a2-19-de-febrero\/"]}]},{"@type":"ImageObject","inLanguage":"es","@id":"https:\/\/www.creaerte.com\/live\/una-imagen-al-dia-%e2%80%a2-19-de-febrero\/#primaryimage","url":"http:\/\/creaerte.com\/live\/wp-content\/uploads\/2012\/11\/MG_3851.jpg","contentUrl":"http:\/\/creaerte.com\/live\/wp-content\/uploads\/2012\/11\/MG_3851.jpg"},{"@type":"WebSite","@id":"https:\/\/www.creaerte.com\/live\/#website","url":"https:\/\/www.creaerte.com\/live\/","name":"creaerte.com","description":"Agencia de publicidad, comunicaci\u00f3n y marketing en C\u00e1ceres \u2022 Extremadura","potentialAction":[{"@type":"SearchAction","target":{"@type":"EntryPoint","urlTemplate":"https:\/\/www.creaerte.com\/live\/?s={search_term_string}"},"query-input":{"@type":"PropertyValueSpecification","valueRequired":true,"valueName":"search_term_string"}}],"inLanguage":"es"},{"@type":"Person","@id":"https:\/\/www.creaerte.com\/live\/#\/schema\/person\/acc9e93c6216bce2d569b1f0a99607f6","name":"admin","image":{"@type":"ImageObject","inLanguage":"es","@id":"https:\/\/www.creaerte.com\/live\/#\/schema\/person\/image\/","url":"https:\/\/secure.gravatar.com\/avatar\/736f9ff6dd176e443e4c9cf884b23352631c533b611f216dbc09fc84cda6e67c?s=96&d=mm&r=g","contentUrl":"https:\/\/secure.gravatar.com\/avatar\/736f9ff6dd176e443e4c9cf884b23352631c533b611f216dbc09fc84cda6e67c?s=96&d=mm&r=g","caption":"admin"},"url":"https:\/\/www.creaerte.com\/live\/author\/admin\/"}]}},"_links":{"self":[{"href":"https:\/\/www.creaerte.com\/live\/wp-json\/wp\/v2\/posts\/9953","targetHints":{"allow":["GET"]}}],"collection":[{"href":"https:\/\/www.creaerte.com\/live\/wp-json\/wp\/v2\/posts"}],"about":[{"href":"https:\/\/www.creaerte.com\/live\/wp-json\/wp\/v2\/types\/post"}],"author":[{"embeddable":true,"href":"https:\/\/www.creaerte.com\/live\/wp-json\/wp\/v2\/users\/1"}],"replies":[{"embeddable":true,"href":"https:\/\/www.creaerte.com\/live\/wp-json\/wp\/v2\/comments?post=9953"}],"version-history":[{"count":0,"href":"https:\/\/www.creaerte.com\/live\/wp-json\/wp\/v2\/posts\/9953\/revisions"}],"wp:attachment":[{"href":"https:\/\/www.creaerte.com\/live\/wp-json\/wp\/v2\/media?parent=9953"}],"wp:term":[{"taxonomy":"category","embeddable":true,"href":"https:\/\/www.creaerte.com\/live\/wp-json\/wp\/v2\/categories?post=9953"},{"taxonomy":"post_tag","embeddable":true,"href":"https:\/\/www.creaerte.com\/live\/wp-json\/wp\/v2\/tags?post=9953"}],"curies":[{"name":"wp","href":"https:\/\/api.w.org\/{rel}","templated":true}]}}