{"id":9996,"date":"2013-02-21T11:41:03","date_gmt":"2013-02-21T10:41:03","guid":{"rendered":"http:\/\/creaerte.com\/live\/?p=9996"},"modified":"2013-02-21T11:41:30","modified_gmt":"2013-02-21T10:41:30","slug":"publicidad-mercedes-benz-fashion-week-madrid","status":"publish","type":"post","link":"https:\/\/www.creaerte.com\/live\/publicidad-mercedes-benz-fashion-week-madrid\/","title":{"rendered":"Publicidad Mercedes Benz Fashion Week Madrid"},"content":{"rendered":"<p>Ma\u00f1ana termina la semana espa\u00f1ola de la moda por antonomasia: <a href=\"http:\/\/www.mercedesbenzfashionweekmadrid.com\/\" target=\"_blank\">MBFWM<\/a> (Mercedes-Benz  Fashion Week Madrid). En <a href=\"http:\/\/creaerte.com\/\" target=\"_blank\">CREAERTE.COM<\/a> hemos enviado a Judith y queremos compartir nuestra maravillosa experiencia con vosotros. Adem\u00e1s de deleitarnos con el desfile de <a href=\"http:\/\/www.robertoverino.com\/es\/\" target=\"_blank\">ROBERTO VERINO<\/a>, disfrutamos del intercambio de impresiones  con el propio VERINO o con <a href=\"http:\/\/www.davidelfin.com\/\" target=\"_blank\">DAVID DELF\u00cdN<\/a> entre otros. Nos llamaron much\u00edsimo la atenci\u00f3n los stands de <a href=\"http:\/\/www.vogue.es\/\" target=\"_blank\">VOGUE<\/a>, <a href=\"http:\/\/www.glamour.es\/\" target=\"_blank\">GLAMOUR<\/a> y <a href=\"http:\/\/www.mercedes-benz.es\/content\/spain\/mpc\/mpc_spain_website\/es\/home_mpc\/passengercars.flash.html\" target=\"_blank\">MERCEDES-BENZ<\/a>: dise\u00f1o y marketing con may\u00fasculas al servicio de la publicidad.<\/p>\n<p><a href=\"http:\/\/creaerte.com\/live\/wp-content\/uploads\/2013\/02\/DSC9930.jpg\"><img decoding=\"async\" style=\"display: block; margin-left: auto; margin-right: auto; border: 0px initial initial;\" title=\"_DSC9930\" src=\"http:\/\/creaerte.com\/live\/wp-content\/uploads\/2013\/02\/DSC9930.jpg\" alt=\"_DSC9930\" \/><\/a><\/p>\n<p><a href=\"http:\/\/creaerte.com\/live\/wp-content\/uploads\/2013\/02\/DSC9930.jpg\"><\/a><a href=\"http:\/\/creaerte.com\/live\/wp-content\/uploads\/2013\/02\/DSC9854.jpg\"><img decoding=\"async\" style=\"display: block; margin-left: auto; margin-right: auto; border: 0px initial initial;\" title=\"_DSC9854\" src=\"http:\/\/creaerte.com\/live\/wp-content\/uploads\/2013\/02\/DSC9854.jpg\" alt=\"_DSC9854\" \/><\/a><\/p>\n<p><a href=\"http:\/\/creaerte.com\/live\/wp-content\/uploads\/2013\/02\/DSC0056.jpg\"><img decoding=\"async\" class=\"aligncenter size-full wp-image-9999\" title=\"_DSC0056\" src=\"http:\/\/creaerte.com\/live\/wp-content\/uploads\/2013\/02\/DSC0056.jpg\" alt=\"_DSC0056\" \/><\/a><\/p>\n<p><a href=\"http:\/\/creaerte.com\/live\/wp-content\/uploads\/2013\/02\/DSC0076.jpg\"><img fetchpriority=\"high\" decoding=\"async\" class=\"aligncenter size-full wp-image-10000\" title=\"_DSC0076\" src=\"http:\/\/creaerte.com\/live\/wp-content\/uploads\/2013\/02\/DSC0076.jpg\" alt=\"_DSC0076\" width=\"610\" height=\"599\" srcset=\"https:\/\/www.creaerte.com\/live\/wp-content\/uploads\/2013\/02\/DSC0076.jpg 610w, https:\/\/www.creaerte.com\/live\/wp-content\/uploads\/2013\/02\/DSC0076-300x294.jpg 300w\" sizes=\"(max-width: 610px) 100vw, 610px\" \/><\/a><\/p>\n<p><a href=\"http:\/\/creaerte.com\/live\/wp-content\/uploads\/2013\/02\/DSC9640.jpg\"><img decoding=\"async\" class=\"aligncenter size-full wp-image-10004\" title=\"_DSC9640\" src=\"http:\/\/creaerte.com\/live\/wp-content\/uploads\/2013\/02\/DSC9640.jpg\" alt=\"_DSC9640\" \/><\/a><\/p>\n<p><a href=\"http:\/\/creaerte.com\/live\/wp-content\/uploads\/2013\/02\/DSC9550.jpg\"><img decoding=\"async\" class=\"aligncenter size-full wp-image-10001\" title=\"_DSC9550\" src=\"http:\/\/creaerte.com\/live\/wp-content\/uploads\/2013\/02\/DSC9550.jpg\" alt=\"_DSC9550\" width=\"610\" height=\"757\" srcset=\"https:\/\/www.creaerte.com\/live\/wp-content\/uploads\/2013\/02\/DSC9550.jpg 610w, https:\/\/www.creaerte.com\/live\/wp-content\/uploads\/2013\/02\/DSC9550-241x300.jpg 241w\" sizes=\"(max-width: 610px) 100vw, 610px\" \/><\/a><\/p>\n<p><a href=\"http:\/\/creaerte.com\/live\/wp-content\/uploads\/2013\/02\/DSC9580.jpg\"><img decoding=\"async\" class=\"aligncenter size-full wp-image-10003\" title=\"_DSC9580\" src=\"http:\/\/creaerte.com\/live\/wp-content\/uploads\/2013\/02\/DSC9580.jpg\" alt=\"_DSC9580\" width=\"610\" height=\"433\" srcset=\"https:\/\/www.creaerte.com\/live\/wp-content\/uploads\/2013\/02\/DSC9580.jpg 610w, https:\/\/www.creaerte.com\/live\/wp-content\/uploads\/2013\/02\/DSC9580-300x212.jpg 300w\" sizes=\"(max-width: 610px) 100vw, 610px\" \/><\/a><\/p>\n<p><a href=\"http:\/\/creaerte.com\/live\/wp-content\/uploads\/2013\/02\/DSC9566.jpg\"><img loading=\"lazy\" decoding=\"async\" class=\"aligncenter size-full wp-image-10002\" title=\"_DSC9566\" src=\"http:\/\/creaerte.com\/live\/wp-content\/uploads\/2013\/02\/DSC9566.jpg\" alt=\"_DSC9566\" width=\"610\" height=\"353\" srcset=\"https:\/\/www.creaerte.com\/live\/wp-content\/uploads\/2013\/02\/DSC9566.jpg 610w, https:\/\/www.creaerte.com\/live\/wp-content\/uploads\/2013\/02\/DSC9566-300x173.jpg 300w\" sizes=\"(max-width: 610px) 100vw, 610px\" \/><\/a><\/p>\n","protected":false},"excerpt":{"rendered":"<p>Ma\u00f1ana termina la semana espa\u00f1ola de la moda por antonomasia: MBFWM (Mercedes-Benz Fashion Week Madrid). En CREAERTE.COM hemos enviado a Judith y queremos compartir nuestra maravillosa experiencia con vosotros. Adem\u00e1s de deleitarnos con el desfile de ROBERTO VERINO, disfrutamos del intercambio de impresiones con el propio VERINO o con DAVID DELF\u00cdN entre otros. Nos llamaron much\u00edsimo la atenci\u00f3n los stands&#8230;<\/p>\n","protected":false},"author":1,"featured_media":0,"comment_status":"open","ping_status":"open","sticky":false,"template":"","format":"standard","meta":{"footnotes":""},"categories":[10],"tags":[1191,1189,19,18,127,1187,6,1188,100],"class_list":["post-9996","post","type-post","status-publish","format-standard","hentry","category-noticias","tag-comunicacion","tag-diseno","tag-fotografia","tag-internet","tag-marca","tag-marketing","tag-publicidad","tag-publicidad-y-moda","tag-redes-sociales","has_thumb"],"yoast_head":"<!-- This site is optimized with the Yoast SEO plugin v26.9 - https:\/\/yoast.com\/product\/yoast-seo-wordpress\/ -->\n<title>Publicidad Mercedes Benz Fashion Week Madrid - creaerte.com<\/title>\n<meta name=\"robots\" content=\"index, follow, max-snippet:-1, max-image-preview:large, max-video-preview:-1\" \/>\n<link rel=\"canonical\" href=\"https:\/\/www.creaerte.com\/live\/publicidad-mercedes-benz-fashion-week-madrid\/\" \/>\n<meta property=\"og:locale\" content=\"es_ES\" \/>\n<meta property=\"og:type\" content=\"article\" \/>\n<meta property=\"og:title\" content=\"Publicidad Mercedes Benz Fashion Week Madrid - creaerte.com\" \/>\n<meta property=\"og:description\" content=\"Ma\u00f1ana termina la semana espa\u00f1ola de la moda por antonomasia: MBFWM (Mercedes-Benz Fashion Week Madrid). En CREAERTE.COM hemos enviado a Judith y queremos compartir nuestra maravillosa experiencia con vosotros. Adem\u00e1s de deleitarnos con el desfile de ROBERTO VERINO, disfrutamos del intercambio de impresiones con el propio VERINO o con DAVID DELF\u00cdN entre otros. Nos llamaron much\u00edsimo la atenci\u00f3n los stands...\" \/>\n<meta property=\"og:url\" content=\"https:\/\/www.creaerte.com\/live\/publicidad-mercedes-benz-fashion-week-madrid\/\" \/>\n<meta property=\"og:site_name\" content=\"creaerte.com\" \/>\n<meta property=\"article:publisher\" content=\"https:\/\/www.facebook.com\/creaerte\" \/>\n<meta property=\"article:published_time\" content=\"2013-02-21T10:41:03+00:00\" \/>\n<meta property=\"article:modified_time\" content=\"2013-02-21T10:41:30+00:00\" \/>\n<meta property=\"og:image\" content=\"http:\/\/creaerte.com\/live\/wp-content\/uploads\/2013\/02\/DSC9930.jpg\" \/>\n<meta name=\"author\" content=\"admin\" \/>\n<meta name=\"twitter:card\" content=\"summary_large_image\" \/>\n<meta name=\"twitter:creator\" content=\"@Creaerte\" \/>\n<meta name=\"twitter:site\" content=\"@Creaerte\" \/>\n<meta name=\"twitter:label1\" content=\"Escrito por\" \/>\n\t<meta name=\"twitter:data1\" content=\"admin\" \/>\n<script type=\"application\/ld+json\" class=\"yoast-schema-graph\">{\"@context\":\"https:\/\/schema.org\",\"@graph\":[{\"@type\":\"Article\",\"@id\":\"https:\/\/www.creaerte.com\/live\/publicidad-mercedes-benz-fashion-week-madrid\/#article\",\"isPartOf\":{\"@id\":\"https:\/\/www.creaerte.com\/live\/publicidad-mercedes-benz-fashion-week-madrid\/\"},\"author\":{\"name\":\"admin\",\"@id\":\"https:\/\/www.creaerte.com\/live\/#\/schema\/person\/acc9e93c6216bce2d569b1f0a99607f6\"},\"headline\":\"Publicidad Mercedes Benz Fashion Week Madrid\",\"datePublished\":\"2013-02-21T10:41:03+00:00\",\"dateModified\":\"2013-02-21T10:41:30+00:00\",\"mainEntityOfPage\":{\"@id\":\"https:\/\/www.creaerte.com\/live\/publicidad-mercedes-benz-fashion-week-madrid\/\"},\"wordCount\":90,\"commentCount\":0,\"image\":{\"@id\":\"https:\/\/www.creaerte.com\/live\/publicidad-mercedes-benz-fashion-week-madrid\/#primaryimage\"},\"thumbnailUrl\":\"http:\/\/creaerte.com\/live\/wp-content\/uploads\/2013\/02\/DSC9930.jpg\",\"keywords\":[\"comunicaci\u00f3n\",\"dise\u00f1o\",\"fotograf\u00eda\",\"internet\",\"marca\",\"marketing\",\"publicidad\",\"Publicidad y moda\",\"redes sociales\"],\"articleSection\":[\"Noticias\"],\"inLanguage\":\"es\",\"potentialAction\":[{\"@type\":\"CommentAction\",\"name\":\"Comment\",\"target\":[\"https:\/\/www.creaerte.com\/live\/publicidad-mercedes-benz-fashion-week-madrid\/#respond\"]}]},{\"@type\":\"WebPage\",\"@id\":\"https:\/\/www.creaerte.com\/live\/publicidad-mercedes-benz-fashion-week-madrid\/\",\"url\":\"https:\/\/www.creaerte.com\/live\/publicidad-mercedes-benz-fashion-week-madrid\/\",\"name\":\"Publicidad Mercedes Benz Fashion Week Madrid - creaerte.com\",\"isPartOf\":{\"@id\":\"https:\/\/www.creaerte.com\/live\/#website\"},\"primaryImageOfPage\":{\"@id\":\"https:\/\/www.creaerte.com\/live\/publicidad-mercedes-benz-fashion-week-madrid\/#primaryimage\"},\"image\":{\"@id\":\"https:\/\/www.creaerte.com\/live\/publicidad-mercedes-benz-fashion-week-madrid\/#primaryimage\"},\"thumbnailUrl\":\"http:\/\/creaerte.com\/live\/wp-content\/uploads\/2013\/02\/DSC9930.jpg\",\"datePublished\":\"2013-02-21T10:41:03+00:00\",\"dateModified\":\"2013-02-21T10:41:30+00:00\",\"author\":{\"@id\":\"https:\/\/www.creaerte.com\/live\/#\/schema\/person\/acc9e93c6216bce2d569b1f0a99607f6\"},\"inLanguage\":\"es\",\"potentialAction\":[{\"@type\":\"ReadAction\",\"target\":[\"https:\/\/www.creaerte.com\/live\/publicidad-mercedes-benz-fashion-week-madrid\/\"]}]},{\"@type\":\"ImageObject\",\"inLanguage\":\"es\",\"@id\":\"https:\/\/www.creaerte.com\/live\/publicidad-mercedes-benz-fashion-week-madrid\/#primaryimage\",\"url\":\"http:\/\/creaerte.com\/live\/wp-content\/uploads\/2013\/02\/DSC9930.jpg\",\"contentUrl\":\"http:\/\/creaerte.com\/live\/wp-content\/uploads\/2013\/02\/DSC9930.jpg\"},{\"@type\":\"WebSite\",\"@id\":\"https:\/\/www.creaerte.com\/live\/#website\",\"url\":\"https:\/\/www.creaerte.com\/live\/\",\"name\":\"creaerte.com\",\"description\":\"Agencia de publicidad, comunicaci\u00f3n y marketing en C\u00e1ceres \u2022 Extremadura\",\"potentialAction\":[{\"@type\":\"SearchAction\",\"target\":{\"@type\":\"EntryPoint\",\"urlTemplate\":\"https:\/\/www.creaerte.com\/live\/?s={search_term_string}\"},\"query-input\":{\"@type\":\"PropertyValueSpecification\",\"valueRequired\":true,\"valueName\":\"search_term_string\"}}],\"inLanguage\":\"es\"},{\"@type\":\"Person\",\"@id\":\"https:\/\/www.creaerte.com\/live\/#\/schema\/person\/acc9e93c6216bce2d569b1f0a99607f6\",\"name\":\"admin\",\"image\":{\"@type\":\"ImageObject\",\"inLanguage\":\"es\",\"@id\":\"https:\/\/www.creaerte.com\/live\/#\/schema\/person\/image\/\",\"url\":\"https:\/\/secure.gravatar.com\/avatar\/736f9ff6dd176e443e4c9cf884b23352631c533b611f216dbc09fc84cda6e67c?s=96&d=mm&r=g\",\"contentUrl\":\"https:\/\/secure.gravatar.com\/avatar\/736f9ff6dd176e443e4c9cf884b23352631c533b611f216dbc09fc84cda6e67c?s=96&d=mm&r=g\",\"caption\":\"admin\"},\"url\":\"https:\/\/www.creaerte.com\/live\/author\/admin\/\"}]}<\/script>\n<!-- \/ Yoast SEO plugin. -->","yoast_head_json":{"title":"Publicidad Mercedes Benz Fashion Week Madrid - creaerte.com","robots":{"index":"index","follow":"follow","max-snippet":"max-snippet:-1","max-image-preview":"max-image-preview:large","max-video-preview":"max-video-preview:-1"},"canonical":"https:\/\/www.creaerte.com\/live\/publicidad-mercedes-benz-fashion-week-madrid\/","og_locale":"es_ES","og_type":"article","og_title":"Publicidad Mercedes Benz Fashion Week Madrid - creaerte.com","og_description":"Ma\u00f1ana termina la semana espa\u00f1ola de la moda por antonomasia: MBFWM (Mercedes-Benz Fashion Week Madrid). En CREAERTE.COM hemos enviado a Judith y queremos compartir nuestra maravillosa experiencia con vosotros. Adem\u00e1s de deleitarnos con el desfile de ROBERTO VERINO, disfrutamos del intercambio de impresiones con el propio VERINO o con DAVID DELF\u00cdN entre otros. Nos llamaron much\u00edsimo la atenci\u00f3n los stands...","og_url":"https:\/\/www.creaerte.com\/live\/publicidad-mercedes-benz-fashion-week-madrid\/","og_site_name":"creaerte.com","article_publisher":"https:\/\/www.facebook.com\/creaerte","article_published_time":"2013-02-21T10:41:03+00:00","article_modified_time":"2013-02-21T10:41:30+00:00","og_image":[{"url":"http:\/\/creaerte.com\/live\/wp-content\/uploads\/2013\/02\/DSC9930.jpg","type":"","width":"","height":""}],"author":"admin","twitter_card":"summary_large_image","twitter_creator":"@Creaerte","twitter_site":"@Creaerte","twitter_misc":{"Escrito por":"admin"},"schema":{"@context":"https:\/\/schema.org","@graph":[{"@type":"Article","@id":"https:\/\/www.creaerte.com\/live\/publicidad-mercedes-benz-fashion-week-madrid\/#article","isPartOf":{"@id":"https:\/\/www.creaerte.com\/live\/publicidad-mercedes-benz-fashion-week-madrid\/"},"author":{"name":"admin","@id":"https:\/\/www.creaerte.com\/live\/#\/schema\/person\/acc9e93c6216bce2d569b1f0a99607f6"},"headline":"Publicidad Mercedes Benz Fashion Week Madrid","datePublished":"2013-02-21T10:41:03+00:00","dateModified":"2013-02-21T10:41:30+00:00","mainEntityOfPage":{"@id":"https:\/\/www.creaerte.com\/live\/publicidad-mercedes-benz-fashion-week-madrid\/"},"wordCount":90,"commentCount":0,"image":{"@id":"https:\/\/www.creaerte.com\/live\/publicidad-mercedes-benz-fashion-week-madrid\/#primaryimage"},"thumbnailUrl":"http:\/\/creaerte.com\/live\/wp-content\/uploads\/2013\/02\/DSC9930.jpg","keywords":["comunicaci\u00f3n","dise\u00f1o","fotograf\u00eda","internet","marca","marketing","publicidad","Publicidad y moda","redes sociales"],"articleSection":["Noticias"],"inLanguage":"es","potentialAction":[{"@type":"CommentAction","name":"Comment","target":["https:\/\/www.creaerte.com\/live\/publicidad-mercedes-benz-fashion-week-madrid\/#respond"]}]},{"@type":"WebPage","@id":"https:\/\/www.creaerte.com\/live\/publicidad-mercedes-benz-fashion-week-madrid\/","url":"https:\/\/www.creaerte.com\/live\/publicidad-mercedes-benz-fashion-week-madrid\/","name":"Publicidad Mercedes Benz Fashion Week Madrid - creaerte.com","isPartOf":{"@id":"https:\/\/www.creaerte.com\/live\/#website"},"primaryImageOfPage":{"@id":"https:\/\/www.creaerte.com\/live\/publicidad-mercedes-benz-fashion-week-madrid\/#primaryimage"},"image":{"@id":"https:\/\/www.creaerte.com\/live\/publicidad-mercedes-benz-fashion-week-madrid\/#primaryimage"},"thumbnailUrl":"http:\/\/creaerte.com\/live\/wp-content\/uploads\/2013\/02\/DSC9930.jpg","datePublished":"2013-02-21T10:41:03+00:00","dateModified":"2013-02-21T10:41:30+00:00","author":{"@id":"https:\/\/www.creaerte.com\/live\/#\/schema\/person\/acc9e93c6216bce2d569b1f0a99607f6"},"inLanguage":"es","potentialAction":[{"@type":"ReadAction","target":["https:\/\/www.creaerte.com\/live\/publicidad-mercedes-benz-fashion-week-madrid\/"]}]},{"@type":"ImageObject","inLanguage":"es","@id":"https:\/\/www.creaerte.com\/live\/publicidad-mercedes-benz-fashion-week-madrid\/#primaryimage","url":"http:\/\/creaerte.com\/live\/wp-content\/uploads\/2013\/02\/DSC9930.jpg","contentUrl":"http:\/\/creaerte.com\/live\/wp-content\/uploads\/2013\/02\/DSC9930.jpg"},{"@type":"WebSite","@id":"https:\/\/www.creaerte.com\/live\/#website","url":"https:\/\/www.creaerte.com\/live\/","name":"creaerte.com","description":"Agencia de publicidad, comunicaci\u00f3n y marketing en C\u00e1ceres \u2022 Extremadura","potentialAction":[{"@type":"SearchAction","target":{"@type":"EntryPoint","urlTemplate":"https:\/\/www.creaerte.com\/live\/?s={search_term_string}"},"query-input":{"@type":"PropertyValueSpecification","valueRequired":true,"valueName":"search_term_string"}}],"inLanguage":"es"},{"@type":"Person","@id":"https:\/\/www.creaerte.com\/live\/#\/schema\/person\/acc9e93c6216bce2d569b1f0a99607f6","name":"admin","image":{"@type":"ImageObject","inLanguage":"es","@id":"https:\/\/www.creaerte.com\/live\/#\/schema\/person\/image\/","url":"https:\/\/secure.gravatar.com\/avatar\/736f9ff6dd176e443e4c9cf884b23352631c533b611f216dbc09fc84cda6e67c?s=96&d=mm&r=g","contentUrl":"https:\/\/secure.gravatar.com\/avatar\/736f9ff6dd176e443e4c9cf884b23352631c533b611f216dbc09fc84cda6e67c?s=96&d=mm&r=g","caption":"admin"},"url":"https:\/\/www.creaerte.com\/live\/author\/admin\/"}]}},"_links":{"self":[{"href":"https:\/\/www.creaerte.com\/live\/wp-json\/wp\/v2\/posts\/9996","targetHints":{"allow":["GET"]}}],"collection":[{"href":"https:\/\/www.creaerte.com\/live\/wp-json\/wp\/v2\/posts"}],"about":[{"href":"https:\/\/www.creaerte.com\/live\/wp-json\/wp\/v2\/types\/post"}],"author":[{"embeddable":true,"href":"https:\/\/www.creaerte.com\/live\/wp-json\/wp\/v2\/users\/1"}],"replies":[{"embeddable":true,"href":"https:\/\/www.creaerte.com\/live\/wp-json\/wp\/v2\/comments?post=9996"}],"version-history":[{"count":0,"href":"https:\/\/www.creaerte.com\/live\/wp-json\/wp\/v2\/posts\/9996\/revisions"}],"wp:attachment":[{"href":"https:\/\/www.creaerte.com\/live\/wp-json\/wp\/v2\/media?parent=9996"}],"wp:term":[{"taxonomy":"category","embeddable":true,"href":"https:\/\/www.creaerte.com\/live\/wp-json\/wp\/v2\/categories?post=9996"},{"taxonomy":"post_tag","embeddable":true,"href":"https:\/\/www.creaerte.com\/live\/wp-json\/wp\/v2\/tags?post=9996"}],"curies":[{"name":"wp","href":"https:\/\/api.w.org\/{rel}","templated":true}]}}